{"id":116399,"date":"2020-10-19T19:00:48","date_gmt":"2020-10-19T17:00:48","guid":{"rendered":"http:\/\/www.tucomarca.com\/wordpress\/segunda\/?p=116399"},"modified":"2020-10-19T20:08:50","modified_gmt":"2020-10-19T18:08:50","slug":"la-biblioteca-municipal-de-bunyol-projecta-bunuel-i-el-laberint-de-les-tortugas-dins-del-cicle-daudiovisuals-valencians-cine-i-documental","status":"publish","type":"post","link":"https:\/\/tucomarca.whitekongsoftware.com\/ca\/la-biblioteca-municipal-de-bunyol-projecta-bunuel-i-el-laberint-de-les-tortugas-dins-del-cicle-daudiovisuals-valencians-cine-i-documental\/","title":{"rendered":"La biblioteca municipal de Bunyol projecta &#8220;Bu\u00f1uel i el laberint de les tortugas&#8221;  dins del Cicle d&#8217;Audiovisuals Valencians: Cine i Documental"},"content":{"rendered":"\n<p class=\"wp-block-paragraph\">La biblioteca municipal de Bunyol dins del Cicle d&#8217;Audiovisuals Valencians: Cine i Documental que organitza la biblioteca junt amb la regidoria de Cultura i l&#8217;IVAC- Filmoteca Valenciana, projectar\u00e0 este divendres, 23 d&#8217;octubre, a les 19,00 en la Sala Raga, la pel\u00b7l\u00edcula &#8220;Bu\u00f1uel y el laberinto de las tortugas&#8221; en la que debuta en la direcci\u00f3 Salvador Sim\u00f3 Busom.<\/p>\n\n\n\n<p class=\"wp-block-paragraph\">Esta pel\u00b7l\u00edcula d&#8217;animaci\u00f3 sobre el rodatge en la regi\u00f3 extremenya de Les Hurdes, a c\u00e0rrec de Luis Bu\u00f1uel, de la seua pel\u00b7l\u00edcula &#8220;Las Hurdes, tierra sin pan&#8221;, en 1933, \u00e9s una adaptaci\u00f3 del c\u00f2mic hom\u00f2nim de Ferm\u00edn Sol\u00eds.<\/p>\n\n\n\n<p class=\"wp-block-paragraph\">Sim\u00f3 mescla imatges originals del film de Bu\u00f1uel amb l&#8217;animaci\u00f3 en el seu primer llargmetratge com a director, encara que ja t\u00e9 a favor seu treballs en curts i s\u00e8ries animades i en importants produccions internacionals.<\/p>\n","protected":false},"excerpt":{"rendered":"<div class=\"mh-excerpt\">La biblioteca municipal de Bunyol dins del Cicle d&#8217;Audiovisuals Valencians: Cine i Documental que organitza la biblioteca junt amb la regidoria de Cultura i l&#8217;IVAC- Filmoteca Valenciana, projectar\u00e0 este divendres, 23 d&#8217;octubre, a les 19,00 <a class=\"mh-excerpt-more\" href=\"https:\/\/tucomarca.whitekongsoftware.com\/ca\/la-biblioteca-municipal-de-bunyol-projecta-bunuel-i-el-laberint-de-les-tortugas-dins-del-cicle-daudiovisuals-valencians-cine-i-documental\/\" title=\"La biblioteca municipal de Bunyol projecta &#8220;Bu\u00f1uel i el laberint de les tortugas&#8221;  dins del Cicle d&#8217;Audiovisuals Valencians: Cine i Documental\">[+] <\/a><\/div>\n","protected":false},"author":12,"featured_media":116397,"comment_status":"open","ping_status":"open","sticky":false,"template":"","format":"standard","meta":{"footnotes":""},"categories":[11019,10911,10894,10912,11007,10896],"tags":[5335,12103,12560,5952],"class_list":["post-116399","post","type-post","status-publish","format-standard","has-post-thumbnail","category-agenda-ca","category-bunol-ca","category-la-comarca-ca","category-la-hoya-ca","category-ocio-y-cultura-ca","category-seccion-ca","tag-ayuntamiento-de-bunol","tag-biblioteca-publica-municipal-de-bunol","tag-ivac","tag-la-hoya-de-bunol-chiva"],"_links":{"self":[{"href":"https:\/\/tucomarca.whitekongsoftware.com\/ca\/wp-json\/wp\/v2\/posts\/116399","targetHints":{"allow":["GET"]}}],"collection":[{"href":"https:\/\/tucomarca.whitekongsoftware.com\/ca\/wp-json\/wp\/v2\/posts"}],"about":[{"href":"https:\/\/tucomarca.whitekongsoftware.com\/ca\/wp-json\/wp\/v2\/types\/post"}],"author":[{"embeddable":true,"href":"https:\/\/tucomarca.whitekongsoftware.com\/ca\/wp-json\/wp\/v2\/users\/12"}],"replies":[{"embeddable":true,"href":"https:\/\/tucomarca.whitekongsoftware.com\/ca\/wp-json\/wp\/v2\/comments?post=116399"}],"version-history":[{"count":0,"href":"https:\/\/tucomarca.whitekongsoftware.com\/ca\/wp-json\/wp\/v2\/posts\/116399\/revisions"}],"wp:featuredmedia":[{"embeddable":true,"href":"https:\/\/tucomarca.whitekongsoftware.com\/ca\/wp-json\/wp\/v2\/media\/116397"}],"wp:attachment":[{"href":"https:\/\/tucomarca.whitekongsoftware.com\/ca\/wp-json\/wp\/v2\/media?parent=116399"}],"wp:term":[{"taxonomy":"category","embeddable":true,"href":"https:\/\/tucomarca.whitekongsoftware.com\/ca\/wp-json\/wp\/v2\/categories?post=116399"},{"taxonomy":"post_tag","embeddable":true,"href":"https:\/\/tucomarca.whitekongsoftware.com\/ca\/wp-json\/wp\/v2\/tags?post=116399"}],"curies":[{"name":"wp","href":"https:\/\/api.w.org\/{rel}","templated":true}]}}