{"id":116267,"date":"2020-10-18T22:30:15","date_gmt":"2020-10-18T20:30:15","guid":{"rendered":"http:\/\/www.tucomarca.com\/wordpress\/segunda\/?p=116267"},"modified":"2020-10-19T02:17:04","modified_gmt":"2020-10-19T00:17:04","slug":"amigues-es-podra-veure-el-22-doctubre-al-palau-de-la-musica-de-bunyol-despres-de-ser-suspesa-al-marc-pel-coronavirus","status":"publish","type":"post","link":"https:\/\/tucomarca.whitekongsoftware.com\/ca\/amigues-es-podra-veure-el-22-doctubre-al-palau-de-la-musica-de-bunyol-despres-de-ser-suspesa-al-marc-pel-coronavirus\/","title":{"rendered":"&#8220;Amigues&#8221; es podr\u00e0 veure el 22 d&#8217;octubre Al Palau de la M\u00fasica de Bunyol despr\u00e9s de ser suspesa al mar\u00e7 pel Coronavirus"},"content":{"rendered":"\n<p class=\"wp-block-paragraph\">Amigues ens parla de la hist\u00f2ria de 3 amigues, s\u00f3n tres actrius que van treballar juntes durant m\u00e9s d&#8217;una d\u00e8cada i avui s&#8217;ajunten perqu\u00e8 una d&#8217;elles Andrea les ha convocat, el motiu de la reuni\u00f3 \u00e9s muntar un nou espectacle, les altres dues no tenen ni ganes ni necessitat aparents de complicar-se la vida de fet ni es parlen entre ella, per\u00f2 Andrea aconsegueix arrencar els seus records i sense voler arribar a fer que les altres dues facen les paus.<\/p>\n\n\n\n<p class=\"wp-block-paragraph\">Aquesta \u00e9s una hist\u00f2ria que parla de la la passi\u00f3 amistat i de l&#8217;emoci\u00f3 de l&#8217;actuar i a trav\u00e9s de divertits n\u00fameros musicals a del principi i de textos intensos despr\u00e9s el p\u00fablic riur\u00e0 i s&#8217;emocionar\u00e0.<\/p>\n\n\n\n<p class=\"wp-block-paragraph\">&#8220;Hav\u00edem d&#8217;haver celebrat el 8 de mar\u00e7 amb aquest esp\u00e9ctaculo. No s&#8217;ha pogut realitzar davant la situaci\u00f3 que se&#8217;ns venia a sobre. El 14 de mar\u00e7, ens van confinar i la realitat canvi&#8221; informa el regidor de Cultura, de l&#8217;Ajuntament de Bunyol, Juan Luis Pall\u00e1s.<\/p>\n\n\n\n<p class=\"wp-block-paragraph\">&#8220;Ara estem en la&#8221; nova realitat &#8220;i intentem que amb prud\u00e8ncia, seguretat i complint les mesures que ens aconsellen i recomanen per la nostra salut, tornar a recuperar una mica de la vida social que hem perdut. Ara tornem a les classes, amb normatives, per\u00f2 a\u00e7\u00ed estem i per celebrar-ho i perqu\u00e8 la cultura no es susp\u00e8n, sin\u00f3 que s&#8217;ajorna &#8220;.<\/p>\n\n\n\n<p class=\"wp-block-paragraph\">&#8220;Perqu\u00e8 la cultura \u00e9s segura i per celebrar que tornem a l&#8217;Escola Popular, amb la il\u00b7lusi\u00f3 de reprendre les nostres vides all\u00e0 on les vam deixar i que algun dia, m\u00e9s d&#8217;hora que tard, tot aix\u00f2 que estem vivint ho recordem com un mal somni. Per tot aix\u00f2 us esperem el 22 d&#8217;octubre, a les 19 h al Palau de la M\u00fasica, per gaudir amb aquestes &#8220;Amigues&#8221; que un 12 de mar\u00e7 de 2020 ia quedar confinades &#8220;finalitza l&#8217;edil de Cultura.<\/p>\n\n\n\n<p class=\"wp-block-paragraph\">L&#8217;entrada \u00e9s gratu\u00efta i l&#8217;aforament limitat a 150 localitats, les alumnes i alumnes de l&#8217;EPA facilitarien l&#8217;organitzaci\u00f3 si retiren l&#8217;entrada a secretaria de l&#8217;EPA.<br>Ajuntament de Bunyol \/ Escola Popular d&#8217;Adults.<\/p>\n","protected":false},"excerpt":{"rendered":"<div class=\"mh-excerpt\">Amigues ens parla de la hist\u00f2ria de 3 amigues, s\u00f3n tres actrius que van treballar juntes durant m\u00e9s d&#8217;una d\u00e8cada i avui s&#8217;ajunten perqu\u00e8 una d&#8217;elles Andrea les ha convocat, el motiu de la reuni\u00f3 <a class=\"mh-excerpt-more\" href=\"https:\/\/tucomarca.whitekongsoftware.com\/ca\/amigues-es-podra-veure-el-22-doctubre-al-palau-de-la-musica-de-bunyol-despres-de-ser-suspesa-al-marc-pel-coronavirus\/\" title=\"&#8220;Amigues&#8221; es podr\u00e0 veure el 22 d&#8217;octubre Al Palau de la M\u00fasica de Bunyol despr\u00e9s de ser suspesa al mar\u00e7 pel Coronavirus\">[+] <\/a><\/div>\n","protected":false},"author":12,"featured_media":116266,"comment_status":"open","ping_status":"open","sticky":false,"template":"","format":"standard","meta":{"footnotes":""},"categories":[11019,10911,10894,10912,11007,10896],"tags":[5335,5952,965,214],"class_list":["post-116267","post","type-post","status-publish","format-standard","has-post-thumbnail","category-agenda-ca","category-bunol-ca","category-la-comarca-ca","category-la-hoya-ca","category-ocio-y-cultura-ca","category-seccion-ca","tag-ayuntamiento-de-bunol","tag-la-hoya-de-bunol-chiva","tag-palacio-de-la-musica","tag-teatro"],"_links":{"self":[{"href":"https:\/\/tucomarca.whitekongsoftware.com\/ca\/wp-json\/wp\/v2\/posts\/116267","targetHints":{"allow":["GET"]}}],"collection":[{"href":"https:\/\/tucomarca.whitekongsoftware.com\/ca\/wp-json\/wp\/v2\/posts"}],"about":[{"href":"https:\/\/tucomarca.whitekongsoftware.com\/ca\/wp-json\/wp\/v2\/types\/post"}],"author":[{"embeddable":true,"href":"https:\/\/tucomarca.whitekongsoftware.com\/ca\/wp-json\/wp\/v2\/users\/12"}],"replies":[{"embeddable":true,"href":"https:\/\/tucomarca.whitekongsoftware.com\/ca\/wp-json\/wp\/v2\/comments?post=116267"}],"version-history":[{"count":0,"href":"https:\/\/tucomarca.whitekongsoftware.com\/ca\/wp-json\/wp\/v2\/posts\/116267\/revisions"}],"wp:featuredmedia":[{"embeddable":true,"href":"https:\/\/tucomarca.whitekongsoftware.com\/ca\/wp-json\/wp\/v2\/media\/116266"}],"wp:attachment":[{"href":"https:\/\/tucomarca.whitekongsoftware.com\/ca\/wp-json\/wp\/v2\/media?parent=116267"}],"wp:term":[{"taxonomy":"category","embeddable":true,"href":"https:\/\/tucomarca.whitekongsoftware.com\/ca\/wp-json\/wp\/v2\/categories?post=116267"},{"taxonomy":"post_tag","embeddable":true,"href":"https:\/\/tucomarca.whitekongsoftware.com\/ca\/wp-json\/wp\/v2\/tags?post=116267"}],"curies":[{"name":"wp","href":"https:\/\/api.w.org\/{rel}","templated":true}]}}