{"id":116260,"date":"2020-10-17T10:59:06","date_gmt":"2020-10-17T08:59:06","guid":{"rendered":"http:\/\/www.tucomarca.com\/wordpress\/segunda\/?p=116260"},"modified":"2020-10-17T14:39:31","modified_gmt":"2020-10-17T12:39:31","slug":"els-brots-de-fuenterrobles-riba-roja-lliria-requena-i-benifaio-aporten-8-7-4-3-i-3-casos-als-ultims-838-nous-contagis-de-coronavirus-a-la-comunitat","status":"publish","type":"post","link":"https:\/\/tucomarca.whitekongsoftware.com\/ca\/els-brots-de-fuenterrobles-riba-roja-lliria-requena-i-benifaio-aporten-8-7-4-3-i-3-casos-als-ultims-838-nous-contagis-de-coronavirus-a-la-comunitat\/","title":{"rendered":"Els brots de Fuenterrobles, Riba-roja, Ll\u00edria, Requena i Benifai\u00f3 aporten 8, 7, 4, 3 i 3 casos als \u00faltims 838 nous contagis de coronavirus a la Comunitat"},"content":{"rendered":"\n<p class=\"wp-block-paragraph\">La Comunitat Valenciana ha registrat en l&#8217;\u00faltima jornada 838 nous contagis de coronavirus confirmats per prova PCR i test d&#8217;ant\u00edgens, que situen la xifra total de positius en 49.409 persones. Per prov\u00edncies, la distribuci\u00f3 \u00e9s la seg\u00fcent: 57 a Castell\u00f3 (5.324 en total); 364 a la prov\u00edncia d&#8217;Alacant (16.717 en total); i 417 a la prov\u00edncia de Val\u00e8ncia (27.361 en total). A m\u00e9s, hi ha 7 casos sense assignar.<\/p>\n\n\n\n<p class=\"wp-block-paragraph\">Actualitzaci\u00f3 brots de coronavirus<\/p>\n\n\n\n<p class=\"wp-block-paragraph\">Nous brots:<\/p>\n\n\n\n<p class=\"wp-block-paragraph\">\u00b7 Vall d&#8217;Uix\u00f3: 4 casos. origen social<\/p>\n\n\n\n<p class=\"wp-block-paragraph\">\u00b7 Crevillent: 3 casos. origen laboral<\/p>\n\n\n\n<p class=\"wp-block-paragraph\">\u00b7 Crevillent: 4 casos. origen social<\/p>\n\n\n\n<p class=\"wp-block-paragraph\">\u00b7 Val\u00e8ncia: 6 casos. origen laboral<\/p>\n\n\n\n<p class=\"wp-block-paragraph\">\u00b7 Val\u00e8ncia: 6 casos. origen laboral<\/p>\n\n\n\n<p class=\"wp-block-paragraph\">\u00b7 Val\u00e8ncia: 3 casos. origen social<\/p>\n\n\n\n<p class=\"wp-block-paragraph\">\u00b7 Val\u00e8ncia: 3 casos. origen social<\/p>\n\n\n\n<p class=\"wp-block-paragraph\">\u00b7 Ll\u00edria: 4 casos. origen social<\/p>\n\n\n\n<p class=\"wp-block-paragraph\">\u00b7 Almassora: 4 casos. origen social<\/p>\n\n\n\n<p class=\"wp-block-paragraph\">\u00b7 Elx: 3 casos. origen social<\/p>\n\n\n\n<p class=\"wp-block-paragraph\">\u00b7 Elx: 5 casos. origen social<\/p>\n\n\n\n<p class=\"wp-block-paragraph\">\u00b7 Elx: 4 casos. origen social<\/p>\n\n\n\n<p class=\"wp-block-paragraph\">\u00b7 Elx: 5 casos. origen social<\/p>\n\n\n\n<p class=\"wp-block-paragraph\">\u00b7 Requena: 3 casos. Origen \u00e0mbit educatiu<\/p>\n\n\n\n<p class=\"wp-block-paragraph\">\u00b7 Benifai\u00f3: 3 casos. origen social<\/p>\n\n\n\n<p class=\"wp-block-paragraph\">\u00b7 L&#8217;Olleria: 4 casos. origen social<\/p>\n\n\n\n<p class=\"wp-block-paragraph\">\u00b7 Gandia: 5 casos. origen laboral<\/p>\n\n\n\n<p class=\"wp-block-paragraph\">\u00b7 Riba-roja de T\u00faria: 7 casos. origen social<\/p>\n\n\n\n<p class=\"wp-block-paragraph\">\u00b7 Fuenterrobles: 8 casos. origen social<\/p>\n\n\n\n<p class=\"wp-block-paragraph\">\u00b7 Quatretonda: 4 casos. origen social<\/p>\n","protected":false},"excerpt":{"rendered":"<div class=\"mh-excerpt\">La Comunitat Valenciana ha registrat en l&#8217;\u00faltima jornada 838 nous contagis de coronavirus confirmats per prova PCR i test d&#8217;ant\u00edgens, que situen la xifra total de positius en 49.409 persones. Per prov\u00edncies, la distribuci\u00f3 \u00e9s <a class=\"mh-excerpt-more\" href=\"https:\/\/tucomarca.whitekongsoftware.com\/ca\/els-brots-de-fuenterrobles-riba-roja-lliria-requena-i-benifaio-aporten-8-7-4-3-i-3-casos-als-ultims-838-nous-contagis-de-coronavirus-a-la-comunitat\/\" title=\"Els brots de Fuenterrobles, Riba-roja, Ll\u00edria, Requena i Benifai\u00f3 aporten 8, 7, 4, 3 i 3 casos als \u00faltims 838 nous contagis de coronavirus a la Comunitat\">[+] <\/a><\/div>\n","protected":false},"author":1,"featured_media":109958,"comment_status":"open","ping_status":"open","sticky":false,"template":"","format":"standard","meta":{"footnotes":""},"categories":[10987,10892,11010,12202,10898,11055,10948,10894,10902,10928,10903,10947,10908,10909,10906,10896,10897],"tags":[10899,11939,11940,11952,12826,10910],"class_list":["post-116260","post","type-post","status-publish","format-standard","has-post-thumbnail","category-benifaio-ca","category-camp-de-turia-ca","category-canal-salud","category-covid-19-ca","category-ventana-ca","category-fuenterrobles-ca","category-infraestructuras-ca","category-la-comarca-ca","category-la-ribera-ca","category-lliria-ca","category-medio-ambiente-la-comarca-ca","category-politica","category-requena-ca","category-requena-utiel-ca","category-riba-roja-ca","category-seccion-ca","category-sucesos-la-comarca-ca","tag-camp-de-turia-ca","tag-coronavirus-ca","tag-covid-19-ca","tag-covid2019-ca","tag-la-riberaalta-ca","tag-requena-utiel-ca"],"_links":{"self":[{"href":"https:\/\/tucomarca.whitekongsoftware.com\/ca\/wp-json\/wp\/v2\/posts\/116260","targetHints":{"allow":["GET"]}}],"collection":[{"href":"https:\/\/tucomarca.whitekongsoftware.com\/ca\/wp-json\/wp\/v2\/posts"}],"about":[{"href":"https:\/\/tucomarca.whitekongsoftware.com\/ca\/wp-json\/wp\/v2\/types\/post"}],"author":[{"embeddable":true,"href":"https:\/\/tucomarca.whitekongsoftware.com\/ca\/wp-json\/wp\/v2\/users\/1"}],"replies":[{"embeddable":true,"href":"https:\/\/tucomarca.whitekongsoftware.com\/ca\/wp-json\/wp\/v2\/comments?post=116260"}],"version-history":[{"count":0,"href":"https:\/\/tucomarca.whitekongsoftware.com\/ca\/wp-json\/wp\/v2\/posts\/116260\/revisions"}],"wp:featuredmedia":[{"embeddable":true,"href":"https:\/\/tucomarca.whitekongsoftware.com\/ca\/wp-json\/wp\/v2\/media\/109958"}],"wp:attachment":[{"href":"https:\/\/tucomarca.whitekongsoftware.com\/ca\/wp-json\/wp\/v2\/media?parent=116260"}],"wp:term":[{"taxonomy":"category","embeddable":true,"href":"https:\/\/tucomarca.whitekongsoftware.com\/ca\/wp-json\/wp\/v2\/categories?post=116260"},{"taxonomy":"post_tag","embeddable":true,"href":"https:\/\/tucomarca.whitekongsoftware.com\/ca\/wp-json\/wp\/v2\/tags?post=116260"}],"curies":[{"name":"wp","href":"https:\/\/api.w.org\/{rel}","templated":true}]}}