{"id":116239,"date":"2020-10-17T12:00:23","date_gmt":"2020-10-17T10:00:23","guid":{"rendered":"http:\/\/www.tucomarca.com\/wordpress\/segunda\/?p=116239"},"modified":"2020-10-17T14:09:08","modified_gmt":"2020-10-17T12:09:08","slug":"lajuntament-de-bunyol-demana-extremar-les-precaucions-davant-laugment-mes-que-considerable-de-covid-19-a-les-aigues-fecals","status":"publish","type":"post","link":"https:\/\/tucomarca.whitekongsoftware.com\/ca\/lajuntament-de-bunyol-demana-extremar-les-precaucions-davant-laugment-mes-que-considerable-de-covid-19-a-les-aigues-fecals\/","title":{"rendered":"L&#8217;Ajuntament de Bunyol demana &#8220;extremar les precaucions&#8221; davant &#8220;l&#8217;augment m\u00e9s que considerable&#8221; de covid-19 a les aig\u00fces fecals"},"content":{"rendered":"\n<p class=\"wp-block-paragraph\">Des de la Regidoria de Salut de l&#8217;Ajuntament de Bu\u00f1ol han alertat que, &#8220;despr\u00e9s de diverses setmanes de relativa tranquil\u00b7litat en el nostre municipi pel descens d&#8217;infectats pel Covid19, les noves dades ens informen que han aparegut 9 nous casos de persones infectades, a m\u00e9s les an\u00e0lisis d&#8217;aig\u00fces residuals i fangs realitzats a la Depuradora d&#8217;Alborache, indiquen l&#8217;exist\u00e8ncia inequ\u00edvoca de restes de material gen\u00e8tic inert de la SARS-CoV-2 en aquests residus, amb un augment m\u00e9s que considerable de la seva pres\u00e8ncia amb refer\u00e8ncia a setmanes i mesos anteriors &#8220;.<\/p>\n\n\n\n<p class=\"wp-block-paragraph\">&#8220;D&#8217;altra banda, les autoritats sanit\u00e0ries ens adverteixen que el nombre d&#8217;afectats molt probablement augmenti durant els pr\u00f2xims dies i setmanes. Per tot aix\u00f2 des de l&#8217;Ajuntament de Bunyol, instem a la poblaci\u00f3 en general a extremar les precaucions&#8221;, han afegit.<\/p>\n\n\n\n<p class=\"wp-block-paragraph\">Per aquest motiu des de l&#8217;Ajuntament de Bunyol acullen per &#8220;l&#8217;\u00fas de la mascareta en tot moment; rentat de mans; mantenir una dist\u00e0ncia de dos metres entre persones, i airejar habitacions i locals de treball&#8221;.<\/p>\n","protected":false},"excerpt":{"rendered":"<div class=\"mh-excerpt\">Des de la Regidoria de Salut de l&#8217;Ajuntament de Bu\u00f1ol han alertat que, &#8220;despr\u00e9s de diverses setmanes de relativa tranquil\u00b7litat en el nostre municipi pel descens d&#8217;infectats pel Covid19, les noves dades ens informen que <a class=\"mh-excerpt-more\" href=\"https:\/\/tucomarca.whitekongsoftware.com\/ca\/lajuntament-de-bunyol-demana-extremar-les-precaucions-davant-laugment-mes-que-considerable-de-covid-19-a-les-aigues-fecals\/\" title=\"L&#8217;Ajuntament de Bunyol demana &#8220;extremar les precaucions&#8221; davant &#8220;l&#8217;augment m\u00e9s que considerable&#8221; de covid-19 a les aig\u00fces fecals\">[+] <\/a><\/div>\n","protected":false},"author":12,"featured_media":116235,"comment_status":"open","ping_status":"open","sticky":false,"template":"","format":"standard","meta":{"footnotes":""},"categories":[10911,11010,12202,10898,10948,10894,10912,10903,10947,10896,10897],"tags":[10913,11939,11940,10914],"class_list":["post-116239","post","type-post","status-publish","format-standard","has-post-thumbnail","category-bunol-ca","category-canal-salud","category-covid-19-ca","category-ventana-ca","category-infraestructuras-ca","category-la-comarca-ca","category-la-hoya-ca","category-medio-ambiente-la-comarca-ca","category-politica","category-seccion-ca","category-sucesos-la-comarca-ca","tag-bunol-ca","tag-coronavirus-ca","tag-covid-19-ca","tag-la-hoya-de-bunol-chiva-ca"],"_links":{"self":[{"href":"https:\/\/tucomarca.whitekongsoftware.com\/ca\/wp-json\/wp\/v2\/posts\/116239","targetHints":{"allow":["GET"]}}],"collection":[{"href":"https:\/\/tucomarca.whitekongsoftware.com\/ca\/wp-json\/wp\/v2\/posts"}],"about":[{"href":"https:\/\/tucomarca.whitekongsoftware.com\/ca\/wp-json\/wp\/v2\/types\/post"}],"author":[{"embeddable":true,"href":"https:\/\/tucomarca.whitekongsoftware.com\/ca\/wp-json\/wp\/v2\/users\/12"}],"replies":[{"embeddable":true,"href":"https:\/\/tucomarca.whitekongsoftware.com\/ca\/wp-json\/wp\/v2\/comments?post=116239"}],"version-history":[{"count":0,"href":"https:\/\/tucomarca.whitekongsoftware.com\/ca\/wp-json\/wp\/v2\/posts\/116239\/revisions"}],"wp:featuredmedia":[{"embeddable":true,"href":"https:\/\/tucomarca.whitekongsoftware.com\/ca\/wp-json\/wp\/v2\/media\/116235"}],"wp:attachment":[{"href":"https:\/\/tucomarca.whitekongsoftware.com\/ca\/wp-json\/wp\/v2\/media?parent=116239"}],"wp:term":[{"taxonomy":"category","embeddable":true,"href":"https:\/\/tucomarca.whitekongsoftware.com\/ca\/wp-json\/wp\/v2\/categories?post=116239"},{"taxonomy":"post_tag","embeddable":true,"href":"https:\/\/tucomarca.whitekongsoftware.com\/ca\/wp-json\/wp\/v2\/tags?post=116239"}],"curies":[{"name":"wp","href":"https:\/\/api.w.org\/{rel}","templated":true}]}}