{"id":116231,"date":"2020-10-17T11:05:08","date_gmt":"2020-10-17T09:05:08","guid":{"rendered":"http:\/\/www.tucomarca.com\/wordpress\/segunda\/?p=116231"},"modified":"2020-10-17T21:14:02","modified_gmt":"2020-10-17T19:14:02","slug":"iatova-inicia-el-seu-tardor-cultural-amb-la-projeccio-de-yo-mujer-de-campo-a-mes-dexhibicions-agricoles-i-exposicions","status":"publish","type":"post","link":"https:\/\/tucomarca.whitekongsoftware.com\/ca\/iatova-inicia-el-seu-tardor-cultural-amb-la-projeccio-de-yo-mujer-de-campo-a-mes-dexhibicions-agricoles-i-exposicions\/","title":{"rendered":"I\u00e0tova continua el seu Tardor Cultural amb la projecci\u00f3 de &#8220;Yo, mujer de campo&#8221; a m\u00e9s d&#8217;exhibicions agr\u00edcoles i exposicions"},"content":{"rendered":"\n<p class=\"wp-block-paragraph\">El municipi de I\u00e0tova vol commemorar el dia de la Dona Rural amb la projecci\u00f3 del v\u00eddeo &#8220;Yo, dona de campo&#8221;, i posterior tert\u00falia, en la que es visibilizar\u00e1 com les dones rurals participen en l&#8217;\u00e0mbit cultural, social, laboral, de presa de decisions, etc\u00e8tera, en un context rural com el d&#8217;esta poblaci\u00f3 i el de moltes altres semblants.<\/p>\n\n\n\n<p class=\"wp-block-paragraph\">Amb l&#8217;aportaci\u00f3 de les dones en favor d&#8217;una societat m\u00e9s oberta, justa i din\u00e0mica, s&#8217;aconseguix que totes les persones puguen desenrotllar el seu potencial i que aix\u00f2 repercutisca positivament en la conviv\u00e8ncia dels nostres ve\u00efnats.<\/p>\n\n\n\n<p class=\"wp-block-paragraph\">Este acte tindr\u00e0 lloc hui dissabte, 17 d&#8217;octubre, a les 18,30 hores en l&#8217;Auditori de la Mancomunitat de La Foia, amb un aforament limitat i complint totes les condicions sanit\u00e0ries anti Covid-19.<\/p>\n\n\n\n<p class=\"wp-block-paragraph\"><strong>Diumenge 18  d&#8217;octubre<\/strong><\/p>\n\n\n\n<p class=\"wp-block-paragraph\">El picador del Parc de Sant Vicent ser\u00e0 on a partir de les 12 dem\u00e0 del diumenge es podr\u00e0 assistir a l&#8217;exhibici\u00f3 d&#8217;enganxada tradicional de cavall, burro i mula, inclou una exposici\u00f3 d&#8217;apers, fotografies d&#8217;usos i costums, aix\u00ed com una activitat de tracci\u00f3 animal.<\/p>\n\n\n\n<p class=\"wp-block-paragraph\">En esta activitat col\u00b7laboren: Club Eq\u00fcestre &#8220;La Alberca&#8221;, Diputaci\u00f3 de Val\u00e8ncia i Ajuntament de Y\u00e1tova.<\/p>\n","protected":false},"excerpt":{"rendered":"<div class=\"mh-excerpt\">El municipi de I\u00e0tova vol commemorar el dia de la Dona Rural amb la projecci\u00f3 del v\u00eddeo &#8220;Yo, dona de campo&#8221;, i posterior tert\u00falia, en la que es visibilizar\u00e1 com les dones rurals participen en <a class=\"mh-excerpt-more\" href=\"https:\/\/tucomarca.whitekongsoftware.com\/ca\/iatova-inicia-el-seu-tardor-cultural-amb-la-projeccio-de-yo-mujer-de-campo-a-mes-dexhibicions-agricoles-i-exposicions\/\" title=\"I\u00e0tova continua el seu Tardor Cultural amb la projecci\u00f3 de &#8220;Yo, mujer de campo&#8221; a m\u00e9s d&#8217;exhibicions agr\u00edcoles i exposicions\">[+] <\/a><\/div>\n","protected":false},"author":12,"featured_media":116227,"comment_status":"open","ping_status":"open","sticky":false,"template":"","format":"standard","meta":{"footnotes":""},"categories":[11019,10980,10894,10912,11007,10896],"tags":[5952,11513,12743,10380],"class_list":["post-116231","post","type-post","status-publish","format-standard","has-post-thumbnail","category-agenda-ca","category-yatova-ca","category-la-comarca-ca","category-la-hoya-ca","category-ocio-y-cultura-ca","category-seccion-ca","tag-la-hoya-de-bunol-chiva","tag-mancomunidad-de-la-hoya-de-bunol-chiva","tag-otono-cultural","tag-yatova"],"_links":{"self":[{"href":"https:\/\/tucomarca.whitekongsoftware.com\/ca\/wp-json\/wp\/v2\/posts\/116231","targetHints":{"allow":["GET"]}}],"collection":[{"href":"https:\/\/tucomarca.whitekongsoftware.com\/ca\/wp-json\/wp\/v2\/posts"}],"about":[{"href":"https:\/\/tucomarca.whitekongsoftware.com\/ca\/wp-json\/wp\/v2\/types\/post"}],"author":[{"embeddable":true,"href":"https:\/\/tucomarca.whitekongsoftware.com\/ca\/wp-json\/wp\/v2\/users\/12"}],"replies":[{"embeddable":true,"href":"https:\/\/tucomarca.whitekongsoftware.com\/ca\/wp-json\/wp\/v2\/comments?post=116231"}],"version-history":[{"count":0,"href":"https:\/\/tucomarca.whitekongsoftware.com\/ca\/wp-json\/wp\/v2\/posts\/116231\/revisions"}],"wp:featuredmedia":[{"embeddable":true,"href":"https:\/\/tucomarca.whitekongsoftware.com\/ca\/wp-json\/wp\/v2\/media\/116227"}],"wp:attachment":[{"href":"https:\/\/tucomarca.whitekongsoftware.com\/ca\/wp-json\/wp\/v2\/media?parent=116231"}],"wp:term":[{"taxonomy":"category","embeddable":true,"href":"https:\/\/tucomarca.whitekongsoftware.com\/ca\/wp-json\/wp\/v2\/categories?post=116231"},{"taxonomy":"post_tag","embeddable":true,"href":"https:\/\/tucomarca.whitekongsoftware.com\/ca\/wp-json\/wp\/v2\/tags?post=116231"}],"curies":[{"name":"wp","href":"https:\/\/api.w.org\/{rel}","templated":true}]}}