{"id":116190,"date":"2020-10-16T17:33:05","date_gmt":"2020-10-16T15:33:05","guid":{"rendered":"http:\/\/www.tucomarca.com\/wordpress\/segunda\/?p=116190"},"modified":"2020-10-16T20:35:55","modified_gmt":"2020-10-16T18:35:55","slug":"hilando-vidas-participa-en-el-dia-de-les-escriptores-organitzat-per-la-delegacio-de-govern","status":"publish","type":"post","link":"https:\/\/tucomarca.whitekongsoftware.com\/ca\/hilando-vidas-participa-en-el-dia-de-les-escriptores-organitzat-per-la-delegacio-de-govern\/","title":{"rendered":"&#8220;Hilando Vidas&#8221; participa en el Dia de les Escriptores organitzat per la Delegaci\u00f3 de Govern"},"content":{"rendered":"\n<p class=\"wp-block-paragraph\">La Delegaci\u00f3 de Govern en la Comunitat Valenciana ha celebrat avui al Palau de l&#8217;Tremp el Dia de les Escriptores amb la lectura d&#8217;extractes de llibres escrits per dones.<\/p>\n\n\n\n<p class=\"wp-block-paragraph\">&#8220;Amb aquest acte pretenem recuperar el llegat de les dones escriptores i fer visible el treball de les dones en la literatura&#8221;, ha assenyalat la delegada de Govern, Gl\u00f2ria Calero.<\/p>\n\n\n\n<p class=\"wp-block-paragraph\">En la lectura han participat representants de la cultura, pol\u00edtica i societat valencianes, entre les quals figuren la presidenta de l&#8217;TSJ, Pilar de la Oliva; la directora general de l&#8217;Institut Valenci\u00e0 de la Dona, Maria Such; l&#8217;escriptora i dramaturga Diana Raznovyzch; i l&#8217;escriptora Isabel Barcel\u00f3, entre d&#8217;altres.<\/p>\n\n\n\n<p class=\"wp-block-paragraph\">A m\u00e9s, l&#8217;Associaci\u00f3 d&#8217;Art Filant Vides ha instal\u00b7lat l&#8217;obra \u00abBosc de sonoritat\u00bb a la Delegaci\u00f3 de Govern en la Comunitat Valenciana, amb motiu del Dia Internacional de les Dones Rurals el 15 d&#8217;octubre.<\/p>\n\n\n\n<p class=\"wp-block-paragraph\">De l&#8217;13 a el 25 d&#8217;octubre penjaran de la fa\u00e7ana del Palau de l&#8217;Tremp milers de petits hex\u00e0gons teixits per centenars de dones de la comarca de la Serran\u00eda. Els hex\u00e0gons representen a les dones rurals i s&#8217;uneixen en sororitat, creant bresques d&#8217;abella com a exemple de treball en equip.<\/p>\n","protected":false},"excerpt":{"rendered":"<div class=\"mh-excerpt\">La Delegaci\u00f3 de Govern en la Comunitat Valenciana ha celebrat avui al Palau de l&#8217;Tremp el Dia de les Escriptores amb la lectura d&#8217;extractes de llibres escrits per dones. &#8220;Amb aquest acte pretenem recuperar el <a class=\"mh-excerpt-more\" href=\"https:\/\/tucomarca.whitekongsoftware.com\/ca\/hilando-vidas-participa-en-el-dia-de-les-escriptores-organitzat-per-la-delegacio-de-govern\/\" title=\"&#8220;Hilando Vidas&#8221; participa en el Dia de les Escriptores organitzat per la Delegaci\u00f3 de Govern\">[+] <\/a><\/div>\n","protected":false},"author":1,"featured_media":116188,"comment_status":"open","ping_status":"open","sticky":false,"template":"","format":"standard","meta":{"footnotes":""},"categories":[11045,11044,11043,11042,11041,11040,11038,11039,11036,11035,11046,10898,11034,11033,10894,10904,11023,11024,11007,11025,10947,10896,11026,11027,11028,11029,11037],"tags":[12789,12790,11928,3912,11080,10400],"class_list":["post-116190","post","type-post","status-publish","format-standard","has-post-thumbnail","category-alcublas-ca","category-alpuente-ca","category-andilla-ca","category-aras-de-olmos-ca","category-benageber-ca","category-bugarra-ca","category-calles-ca","category-chelva-ca","category-chulilla-ca","category-domeno-ca","category-los-serranos-ca","category-ventana-ca","category-gestalgar-ca","category-higueruelas-ca","category-la-comarca-ca","category-sin-categorizar-ca","category-la-yesa-ca","category-losa-del-obispo-ca","category-ocio-y-cultura-ca","category-pedralba-ca","category-politica","category-seccion-ca","category-sot-de-chera-ca","category-titaguas-ca","category-tuejar-ca","category-villar-del-arzobispo-ca","category-chera-los-serranos-ca","tag-hilando-vidas","tag-hilando-vidas-ca","tag-la-serrania-ca","tag-la-serrania","tag-los-serranos-ca","tag-los-serranos"],"_links":{"self":[{"href":"https:\/\/tucomarca.whitekongsoftware.com\/ca\/wp-json\/wp\/v2\/posts\/116190","targetHints":{"allow":["GET"]}}],"collection":[{"href":"https:\/\/tucomarca.whitekongsoftware.com\/ca\/wp-json\/wp\/v2\/posts"}],"about":[{"href":"https:\/\/tucomarca.whitekongsoftware.com\/ca\/wp-json\/wp\/v2\/types\/post"}],"author":[{"embeddable":true,"href":"https:\/\/tucomarca.whitekongsoftware.com\/ca\/wp-json\/wp\/v2\/users\/1"}],"replies":[{"embeddable":true,"href":"https:\/\/tucomarca.whitekongsoftware.com\/ca\/wp-json\/wp\/v2\/comments?post=116190"}],"version-history":[{"count":0,"href":"https:\/\/tucomarca.whitekongsoftware.com\/ca\/wp-json\/wp\/v2\/posts\/116190\/revisions"}],"wp:featuredmedia":[{"embeddable":true,"href":"https:\/\/tucomarca.whitekongsoftware.com\/ca\/wp-json\/wp\/v2\/media\/116188"}],"wp:attachment":[{"href":"https:\/\/tucomarca.whitekongsoftware.com\/ca\/wp-json\/wp\/v2\/media?parent=116190"}],"wp:term":[{"taxonomy":"category","embeddable":true,"href":"https:\/\/tucomarca.whitekongsoftware.com\/ca\/wp-json\/wp\/v2\/categories?post=116190"},{"taxonomy":"post_tag","embeddable":true,"href":"https:\/\/tucomarca.whitekongsoftware.com\/ca\/wp-json\/wp\/v2\/tags?post=116190"}],"curies":[{"name":"wp","href":"https:\/\/api.w.org\/{rel}","templated":true}]}}