{"id":116185,"date":"2020-10-16T20:00:09","date_gmt":"2020-10-16T18:00:09","guid":{"rendered":"http:\/\/www.tucomarca.com\/wordpress\/segunda\/?p=116185"},"modified":"2020-10-16T20:45:06","modified_gmt":"2020-10-16T18:45:06","slug":"els-murals-de-graffitea-cheste-2020-homenatjaran-personatges-i-llocs-historics","status":"publish","type":"post","link":"https:\/\/tucomarca.whitekongsoftware.com\/ca\/els-murals-de-graffitea-cheste-2020-homenatjaran-personatges-i-llocs-historics\/","title":{"rendered":"Els murals de Graffitea Cheste 2020 homenatjaran personatges i llocs hist\u00f2rics"},"content":{"rendered":"\n<h4 class=\"wp-block-heading\"><strong>El Museu d&#8217;Etnologia de Val\u00e8ncia ha acollit la presentaci\u00f3 a mitjans del Festival Internacional de Street Art Graffitea Cheste 2020, en la que s&#8217;han exposat les novetats d&#8217;esta edici\u00f3 i el programa; i s&#8217;ha presentat als i les artistes que intervindran en els murs chestanos<\/strong><\/h4>\n\n\n\n<figure class=\"wp-block-image\"><img loading=\"lazy\" decoding=\"async\" width=\"787\" height=\"525\" src=\"http:\/\/www.tucomarca.com\/wordpress\/segunda\/wp-content\/uploads\/2020\/10\/PresGraffitea20.jpg\" alt=\"\" class=\"wp-image-116180\" srcset=\"https:\/\/tucomarca.whitekongsoftware.com\/wp-content\/uploads\/2020\/10\/PresGraffitea20.jpg 787w, https:\/\/tucomarca.whitekongsoftware.com\/wp-content\/uploads\/2020\/10\/PresGraffitea20-300x200.jpg 300w, https:\/\/tucomarca.whitekongsoftware.com\/wp-content\/uploads\/2020\/10\/PresGraffitea20-768x512.jpg 768w\" sizes=\"auto, (max-width: 787px) 100vw, 787px\" \/><\/figure>\n\n\n\n<p class=\"wp-block-paragraph\">Aquest mat\u00ed s&#8217;ha donat el tret de sortida a la cinquena edici\u00f3 de Festival Internacional de Street Art, Graffitea Xest, promogut per la regidoria de Cultura al costat de Alien Barracudas. El lloc escollit per presentar el festival als Mitjans de Comunicaci\u00f3 ha estat la Sala dels Objectes del Museu d&#8217;Etnologia de Val\u00e8ncia (Benefic\u00e8ncia), on el muralista Toni Espinar i la regidora de Cultura de l&#8217;Ajuntament de Xest, M\u00aa \u00c1ngeles Llorente, han donat a con\u00e8ixer les activitats que conformaran el programa de l&#8217;edici\u00f3 2020.<\/p>\n\n\n\n<p class=\"wp-block-paragraph\">&#8220;El confinament ens va obligar a ajornar el festival, que hauria d&#8217;haver celebrat a l&#8217;abril, i \u00e9s tota una vict\u00f2ria poder fer-ho ara&#8221;, ha manifestat Espinar. &#8220;Seguint totes les mesures de seguretat, onze artistes internacionals realitzaran murals en diferents punts del municipi i se sumaran a aquest museu a l&#8217;aire lliure que t\u00e9 Xest i que ja compta amb m\u00e9s de 70 grafits&#8221;.<\/p>\n\n\n\n<p class=\"wp-block-paragraph\"><strong>Novetats<\/strong><\/p>\n\n\n\n<p class=\"wp-block-paragraph\">Entre les novetats d&#8217;aquesta edici\u00f3, el festival estar\u00e0 lligat a la celebraci\u00f3 de el 700 aniversari de la Carta Pobla de Xest, amb la qual cosa les intervencions estaran vinculades amb els llocs en qu\u00e8 es realitzin. &#8220;Fa 700 anys de la fundaci\u00f3 de Xest i, encara que en totes les edicions anteriors la tem\u00e0tica ha estat totalment lliure, aquest any s&#8217;ha decidit que els i les muralistes facin refer\u00e8ncia a la hist\u00f2ria de el lloc en qu\u00e8 estan pintant. Aquesta proposta va connectada a un projecte de codis QR instal\u00b7lats en diferents carrers de la localitat, que expliquen la hist\u00f2ria d&#8217;aquests entorns&#8221;, ha explicat Llorente.<\/p>\n\n\n\n<p class=\"wp-block-paragraph\">Aix\u00ed, es retr\u00e0 homenatge a Vicent Blasco Ib\u00e1\u00f1ez o a Rosal\u00eda de Castro, entre altres personalitats, als carrers amb nom hom\u00f2nim. &#8220;Man o matic va il\u00b7lustrar a Blasco Ib\u00e1\u00f1ez, crec que ser\u00e0 el primer mural que se li fa a Val\u00e8ncia com a homenatge&#8221;, ha apuntat Espinar.<\/p>\n\n\n\n<p class=\"wp-block-paragraph\">Una altra de les novetats \u00e9s la programaci\u00f3 de l&#8217;Feminist-Art, una trobada de dones artistes que realitzaran diferents intervencions en murs de passeig que uneix el municipi amb el poliesportiu municipal, expressant i reivindicant les seves idees. &#8220;Aquesta experi\u00e8ncia va tenir la seva primera part a Carcaixent, amb molt d&#8217;\u00e8xit, i hem incl\u00f2s una segona part a Xest, dins Graffitea. Convido a la gent a anar a veure a les artistes; ja que l&#8217;activitat comptar\u00e0 amb totes les mesures de seguretat. I, malgrat que la COVID-19 no permet que elles pintin bra\u00e7 a bra\u00e7 com l&#8217;altra vegada, estic segur que es crear\u00e0 una sin\u00e8rgia molt especial que valdr\u00e0 la pena viure &#8220;, ha destacat Espinar.<\/p>\n\n\n\n<p class=\"wp-block-paragraph\"><strong>11 artistes internacionals en Graffitea Xest<\/strong><\/p>\n\n\n\n<p class=\"wp-block-paragraph\">La regidora de Cultura ha posat en valor el recorregut de festival, la qualitat de les manifestacions art\u00edstiques i el nivell dels i les artistes que hi participen. &#8220;Sens dubte els objectius culturals d&#8217;aquest esdeveniment estan complerts: s&#8217;han recuperat espais degradats, en cada edici\u00f3 s&#8217;obre la creativitat d&#8217;artistes de gran nivell a la gent, que pot veure in situ i pas a pas el treball que realitzen. D&#8217;altra banda, a l&#8217;comptar amb una ruta mural\u00edstica de qualitat, Xest ha passat a formar part de la Xarxa de Centres d&#8217;Art Contemporani a l&#8217;entorn rural de la Comunitat Valenciana, dins de el projecte CREATurisme de l&#8217;Ag\u00e8ncia Valenciana del Turisme, amb el que se li ha donat un valor afegit a la localitat a nivell cultural i tur\u00edstic &#8220;, ha subratllat.<\/p>\n\n\n\n<p class=\"wp-block-paragraph\">Aquest any el festival compta amb la participaci\u00f3 de Trashformaciones, els que crearan una instal\u00b7laci\u00f3 a la pla\u00e7a II Rep\u00fablica, a l&#8217;entrada del municipi, que servir\u00e0 de punt d&#8217;inici per a les rutes guiades que es realitzaran per les intervencions de l&#8217;edici\u00f3 2020 del 25 de octubre. Tamb\u00e9 participaran Col\u00b7lectiu liquat, Jorge Ochagav\u00eda, Maria Galeta, Empar Boix, Lidia Cao, G\u00f3mez, Xelon i Dyox. L&#8217;artista Mohamed Lghacham intervindr\u00e0 al carrer Blasco Ib\u00e1\u00f1ez, al costat de Man o Matic.<\/p>\n\n\n\n<p class=\"wp-block-paragraph\">&#8220;Des de la primera edici\u00f3, en Graffitea Xest es produix una simbiosi entre l&#8217;artista i la gent i estic segur que aquesta connexi\u00f3 va a donar-se un cop m\u00e9s, tot i la situaci\u00f3 de pand\u00e8mia ja que hem hagut de preparar per\u00edmetres de seguretat perqu\u00e8 els artistes facin els seus treballs adaptant-se a les mesures sanit\u00e0ries; hi haur\u00e0 contacte a dist\u00e0ncia &#8220;, ha assegurat Espinar. &#8220;De l&#8217;21 a l&#8217;25 d&#8217;octubre, com en cada edici\u00f3, es podr\u00e0 veure el proc\u00e9s creatiu que cada artista porta a terme. L&#8217;art urb\u00e0 crea nexes d&#8217;uni\u00f3, permet que la gent vegi com canvia d&#8217;estat un mur i no nom\u00e9s veure el resultat final. Aquesta paret, mentre es va intervenint, ja mai estar\u00e0 com ho est\u00e0 en cada fase de l&#8217;proc\u00e9s treball i veure aix\u00f2 \u00e9s tota una experi\u00e8ncia &#8220;.<\/p>\n\n\n\n<p class=\"wp-block-paragraph\">programa<\/p>\n\n\n\n<p class=\"wp-block-paragraph\"><strong>Divendres, 16 d&#8217;octubre:<br><\/strong> 18.30 h \u00b7 Pati 3 de Museu d&#8217;Etnologia de Val\u00e8ncia (Benefic\u00e8ncia)<br> Taula rodona: &#8220;Quin \u00e9s el futur de l&#8217;Street Art?&#8221;<br> ponents:<br> Joan Canals: Festival Poliniza (Val\u00e8ncia)<br> Javier P\u00e9rez: Festival MIAU (Fanzara, Castell\u00f3)<br> Toni Espinar: Festival GRAFFITEA (Cheste, Val\u00e8ncia)<br> Xema Gonz\u00e1lez: GROW UP CREW<\/p>\n\n\n\n<p class=\"wp-block-paragraph\"><strong>Dimecres 21 d&#8217;octubre:<br><\/strong> 10h \u00b7 Xest<br> Recepci\u00f3 artistes, lliurament de materials i inici de les intervencions murals (continuaran fins al 25 d&#8217;octubre).<\/p>\n\n\n\n<p class=\"wp-block-paragraph\"><strong>Divendres 23 d&#8217;octubre:<br><\/strong> 18.30 h \u00b7 Cinef\u00f2rum: projecci\u00f3 de la pel\u00b7l\u00edcula Cares i llocs (2017)<br> Sal\u00f3 polivalent de la biblioteca municipal de Xest (aforament limitat).<\/p>\n\n\n\n<p class=\"wp-block-paragraph\">20 h \u00b7 Presentaci\u00f3 de Graffitea 2020 (a c\u00e0rrec de M\u00aa \u00c0ngels Llorente i Toni Espinar)<br>\nSal\u00f3 polivalent de la biblioteca municipal de Xest (aforament limitat).<\/p>\n\n\n\n<p class=\"wp-block-paragraph\">20.15 h \u00b7 Xerrada col\u00b7loqui, amb la participaci\u00f3 de tots \/ es els \/ les artistes de festival.<br>\nSal\u00f3 polivalent de la biblioteca municipal de Xest (aforament limitat).<\/p>\n\n\n\n<p class=\"wp-block-paragraph\"><strong>Dissabte 24 d&#8217;octubre:<\/strong><br> De 9.30 a 19.30 h \u00b7 Al passeig cap al poliesportiu municipal<br> Feminist-Art 2 \u00b7 Trobada d&#8217;artistes feministes que utilitzaran els murs assenyalats per expressar i manifestar-se art\u00edsticament.<\/p>\n\n\n\n<p class=\"wp-block-paragraph\"><strong>Diumenge 25 d&#8217;octubre:<\/strong><br> Visites guiades pels murals de l&#8217;edici\u00f3 2020.<br> Horaris: 9 \/ 09:30 \/ 10: 30\/11\/12 \/ 00:30<br> Durada: 90 minuts.<br> Reserva de places al 661.732.212.<\/p>\n\n\n\n<p class=\"wp-block-paragraph\">M\u00e9s informaci\u00f3 sobre els i les artistes de festival<\/p>\n\n\n\n<ul class=\"wp-block-list\"><li>Lidia Cao &#8211; www.facebook.com\/lidiacao.art \/ Carrer Rosal\u00eda de Castro, 29<\/li><li> G\u00f3mez &#8211; www.facebook.com\/luis.gomezdeteran \/ Av. Castilla, 51<\/li><li> Empar Boix &#8211; emparboix.com \/ Carrer Pedralba, 58<\/li><li> Man o matic &#8211; manomaticestudio.com \/ Carrer Blasco Ib\u00e1\u00f1ez, 28<\/li><li> Maria Galeta &#8211; www.galletamaria.com \/ Carrer Ferreria, 23A<\/li><li> Jorge Ochagav\u00eda &#8211; www.jorgeochagavia.com \/ Pavell\u00f3 esportiu municipal<\/li><li> Col\u00b7lectiu Liquat &#8211; www.colectivolicuado.com \/ Carrer Literat Azor\u00edn, 10<\/li><li> Trashformaciones &#8211; www.trashformaciones.com \/ Pl. II Rep\u00fablica.<\/li><li> Mohamed Lghacham &#8211; www.mohamedlghacham.com \/ Carrer Blasco Ib\u00e1\u00f1ez, 28<\/li><li> Xelon &#8211; xelonxlf.com \/ Carrer Rei En Jaume (Casal de Barri de l&#8217;Alegria)<\/li><li> Dyox &#8211; www.facebook.com\/dyoxone \/ Av. Pa\u00eds Valenci\u00e0, 20<\/li><\/ul>\n","protected":false},"excerpt":{"rendered":"<div class=\"mh-excerpt\">El Museu d&#8217;Etnologia de Val\u00e8ncia ha acollit la presentaci\u00f3 a mitjans del Festival Internacional de Street Art Graffitea Cheste 2020, en la que s&#8217;han exposat les novetats d&#8217;esta edici\u00f3 i el programa; i s&#8217;ha presentat <a class=\"mh-excerpt-more\" href=\"https:\/\/tucomarca.whitekongsoftware.com\/ca\/els-murals-de-graffitea-cheste-2020-homenatjaran-personatges-i-llocs-historics\/\" title=\"Els murals de Graffitea Cheste 2020 homenatjaran personatges i llocs hist\u00f2rics\">[+] <\/a><\/div>\n","protected":false},"author":12,"featured_media":116183,"comment_status":"open","ping_status":"open","sticky":false,"template":"","format":"standard","meta":{"footnotes":""},"categories":[10894,10912,11007,10896,10974],"tags":[10470,12681,5952],"class_list":["post-116185","post","type-post","status-publish","format-standard","has-post-thumbnail","category-la-comarca-ca","category-la-hoya-ca","category-ocio-y-cultura-ca","category-seccion-ca","category-cheste-ca","tag-ayuntamiento-de-cheste","tag-graffitea-2020","tag-la-hoya-de-bunol-chiva"],"_links":{"self":[{"href":"https:\/\/tucomarca.whitekongsoftware.com\/ca\/wp-json\/wp\/v2\/posts\/116185","targetHints":{"allow":["GET"]}}],"collection":[{"href":"https:\/\/tucomarca.whitekongsoftware.com\/ca\/wp-json\/wp\/v2\/posts"}],"about":[{"href":"https:\/\/tucomarca.whitekongsoftware.com\/ca\/wp-json\/wp\/v2\/types\/post"}],"author":[{"embeddable":true,"href":"https:\/\/tucomarca.whitekongsoftware.com\/ca\/wp-json\/wp\/v2\/users\/12"}],"replies":[{"embeddable":true,"href":"https:\/\/tucomarca.whitekongsoftware.com\/ca\/wp-json\/wp\/v2\/comments?post=116185"}],"version-history":[{"count":0,"href":"https:\/\/tucomarca.whitekongsoftware.com\/ca\/wp-json\/wp\/v2\/posts\/116185\/revisions"}],"wp:featuredmedia":[{"embeddable":true,"href":"https:\/\/tucomarca.whitekongsoftware.com\/ca\/wp-json\/wp\/v2\/media\/116183"}],"wp:attachment":[{"href":"https:\/\/tucomarca.whitekongsoftware.com\/ca\/wp-json\/wp\/v2\/media?parent=116185"}],"wp:term":[{"taxonomy":"category","embeddable":true,"href":"https:\/\/tucomarca.whitekongsoftware.com\/ca\/wp-json\/wp\/v2\/categories?post=116185"},{"taxonomy":"post_tag","embeddable":true,"href":"https:\/\/tucomarca.whitekongsoftware.com\/ca\/wp-json\/wp\/v2\/tags?post=116185"}],"curies":[{"name":"wp","href":"https:\/\/api.w.org\/{rel}","templated":true}]}}