{"id":116168,"date":"2020-10-16T19:05:16","date_gmt":"2020-10-16T17:05:16","guid":{"rendered":"http:\/\/www.tucomarca.com\/wordpress\/segunda\/?p=116168"},"modified":"2020-10-16T20:13:51","modified_gmt":"2020-10-16T18:13:51","slug":"sanitat-adopta-mesures-addicionals-per-controlar-la-transmissio-comunitaria-associada-a-brots-de-coronavirus-a-elx-oriola-guadassuar-i-onda","status":"publish","type":"post","link":"https:\/\/tucomarca.whitekongsoftware.com\/ca\/sanitat-adopta-mesures-addicionals-per-controlar-la-transmissio-comunitaria-associada-a-brots-de-coronavirus-a-elx-oriola-guadassuar-i-onda\/","title":{"rendered":"Sanitat adopta mesures addicionals per controlar la transmissi\u00f3 comunit\u00e0ria associada a brots de coronavirus a Elx, Oriola, Guadassuar i Onda"},"content":{"rendered":"\n<p class=\"wp-block-paragraph\">La consellera de Sanitat Universal i Salut P\u00fablica, Ana Barcel\u00f3, ha anunciat mesures per controlar la transmissi\u00f3 comunit\u00e0ria associada als brots de coronavirus detectats a Elx, Oriola, Guadassuar i Onda, gr\u00e0cies a la situaci\u00f3 de seguiment i detecci\u00f3 preco\u00e7 dels brots.<\/p>\n\n\n\n<p class=\"wp-block-paragraph\">Barcel\u00f3 ha ressaltat que aquest seguiment i detecci\u00f3 preco\u00e7 &#8220;han donat com a resultat una situaci\u00f3 de contenci\u00f3 de l&#8217;expansi\u00f3 de virus i ha perm\u00e8s que siguem la comunitat aut\u00f2noma amb una menor incid\u00e8ncia acumulada&#8221;.<\/p>\n\n\n\n<p class=\"wp-block-paragraph\">En aquest sentit, ha informat que la resoluci\u00f3 en la qual s&#8217;adopten aquestes mesures ser\u00e0 publicada el proper dilluns al Diraio Oficial de la Generalitat Valenciana (DOGV). &#8220;Les mesures de control s\u00f3n proporcionals als nivells d&#8217;alerta que ofereixen una s\u00e8rie d&#8217;indicadors avalats pels informes de l&#8217;increment de l&#8217;nombre de casos que aconsellen prendre mesures addicionals de car\u00e0cter temporal, per 14 dies naturals&#8221;, ha assenyalat la consellera. D&#8217;aquesta manera, segons la m\u00e0xima responsable de la sanitat valenciana, &#8220;malgrat que els informes realitzats aquesta mateixa setmana per part de la Direcci\u00f3 General de Salut P\u00fablica i Addiccions evidencien que les mesures de prevenci\u00f3 davant el Covid que es van adoptar a l&#8217;agost al acord de Consell Interterritorial de Sistema Nacional de Salut i que segueixen vigents, han tingut un impacte positiu. aquests mateixos informes indiquen que segueix sense observar-se el descens de nous casos esperat &#8220;.<\/p>\n\n\n\n<p class=\"wp-block-paragraph\">Per tant &#8211; ha continuat Ana Barcel\u00f3 -, &#8220;\u00e9s recomanable mantenir l&#8217;aplicaci\u00f3 de les actuacions coordinades en mat\u00e8ria de salut p\u00fablica per respondre davant la situaci\u00f3 d&#8217;especial risc derivada de l&#8217;increment de casos positius per COVID-19 dirigides a el control de la transmissi\u00f3 en els \u00e0mbits que actualment s\u00f3n l&#8217;origen dels brots epid\u00e8mics de major impacte i risc &#8220;. I a el mateix temps, &#8220;adoptar mesures addicionals que puguin controlar la transmissi\u00f3 comunit\u00e0ria associada a aquests brots que es detecten, introduint una modificaci\u00f3 que afecta el consum en barra&#8221;, ha assenyalat.<\/p>\n\n\n\n<p class=\"wp-block-paragraph\">Es prioritza el consum en taula<\/p>\n\n\n\n<p class=\"wp-block-paragraph\">En concret, la consellera ha detallat que es prioritzar\u00e0 el consum en taula. Aix\u00f2 no obstant, es podran habilitar zones de la barra per al consum sempre que es pugui garantir la dist\u00e0ncia f\u00edsica de seguretat d&#8217;1,5 metres entre clients o grups de clients. Aquests grups de clients seran d&#8217;un m\u00e0xim de 4 persones. La zona de la barra habilitada per al consum ha d&#8217;estar degudament senyalitzada.<\/p>\n\n\n\n<p class=\"wp-block-paragraph\">Barcel\u00f3 ha avan\u00e7at que, &#8220;a trav\u00e9s d&#8217;aquesta resoluci\u00f3 s&#8217;aplicar\u00e0 una tercera pr\u00f2rroga sobre les mesures de prevenci\u00f3 davant el coronavirus en l&#8217;\u00e0mbit de la Comunitat Valenciana. La resoluci\u00f3 cont\u00e9 una s\u00e8rie de 22 mesures, b\u00e0sicament de reducci\u00f3 d&#8217;aforament, de restricci\u00f3 de visites en centres de majors &#8220;.<\/p>\n\n\n\n<p class=\"wp-block-paragraph\">Nivells definits per indicadors epidemiol\u00f2gics i de capacitat assistencial<\/p>\n\n\n\n<p class=\"wp-block-paragraph\">La consellera ha reiterat que &#8220;les actuacions de resposta davant de l&#8217;evoluci\u00f3 de la situaci\u00f3 epidemiol\u00f2gica es recolzen en l&#8217;avaluaci\u00f3 de risc sistem\u00e0tica que es realitza per \u00e0mbits geogr\u00e0fics delimitats, normalment municipi, departament de salut, prov\u00edncia o comunitat aut\u00f2noma i que les mesures de control han de ser proporcionades als diferents nivells d&#8217;alerta definits per un conjunt d&#8217;indicadors epidemiol\u00f2gics i de capacitat assistencial &#8220;.<\/p>\n\n\n\n<p class=\"wp-block-paragraph\">D&#8217;aquesta manera, segons Barcel\u00f3, &#8220;l&#8217;actual situaci\u00f3 epidemiol\u00f2gica en els municipis esmentats est\u00e0 avalada pels informes de 14 d&#8217;octubre, dels Centres de Salut d&#8217;Alzira, Elx i Oriola, on s&#8217;evidencia un increment de nombre de casos en les \u00faltimes setmanes, i aconsella establir mesures addicionals a les existents, de car\u00e0cter temporal, per evitar les situacions que puguin suposar un major risc d&#8217;exposici\u00f3 i transmissi\u00f3 de virus &#8220;.<\/p>\n\n\n\n<p class=\"wp-block-paragraph\">Guadassuar<\/p>\n\n\n\n<p class=\"wp-block-paragraph\">L&#8217;evoluci\u00f3 de la situaci\u00f3 epidemiol\u00f2gica a Guadassuar mostra una tend\u00e8ncia creixent a partir de la setmana 36 que es fa clarament exponencial en la setmana actual. La tra\u00e7abilitat en aquest municipi \u00e9s baixa tot i haver-se detectat un brot relacionat amb un gimn\u00e0s que ha aportat m\u00e9s de 30 casos.<\/p>\n\n\n\n<p class=\"wp-block-paragraph\">La resta de brots s\u00f3n de molt petita magnitud de manera que en gran part dels casos no s&#8217;ha pogut determinar aquesta tra\u00e7abilitat. Afecta principalment a adults joves, el 40% dels casos es donen entre 35 i 44 anys, pel que de moment no hi ha sobrec\u00e0rrega a l&#8217;hospital.<\/p>\n\n\n\n<p class=\"wp-block-paragraph\">Segons Barcel\u00f3, &#8220;en els tres municipis es constata transmissi\u00f3 comunit\u00e0ria sostinguda, amb una tend\u00e8ncia creixent significativa en el nombre de casos en les \u00faltimes setmanes i disminuci\u00f3 de la tra\u00e7abilitat pel que \u00e9s necessari adoptar mesures excepcionals per reduir l&#8217;impacte de la pand\u00e8mia i, amb aix\u00f2, evitar el desbordament de el sistema sanitari &#8220;.<\/p>\n\n\n\n<p class=\"wp-block-paragraph\">Per aix\u00f2, davant l&#8217;exist\u00e8ncia de transmissi\u00f3 comunit\u00e0ria amb alt nivell de circulaci\u00f3 de virus i la disminuci\u00f3 de la tra\u00e7abilitat, fan necess\u00e0ria l&#8217;adopci\u00f3 de mesures excepcionals en aquest municipi per reduir l&#8217;impacte de la pand\u00e8mia i, amb aix\u00f2, evitar el desbordament de sistema sanitari.<\/p>\n","protected":false},"excerpt":{"rendered":"<div class=\"mh-excerpt\">La consellera de Sanitat Universal i Salut P\u00fablica, Ana Barcel\u00f3, ha anunciat mesures per controlar la transmissi\u00f3 comunit\u00e0ria associada als brots de coronavirus detectats a Elx, Oriola, Guadassuar i Onda, gr\u00e0cies a la situaci\u00f3 de <a class=\"mh-excerpt-more\" href=\"https:\/\/tucomarca.whitekongsoftware.com\/ca\/sanitat-adopta-mesures-addicionals-per-controlar-la-transmissio-comunitaria-associada-a-brots-de-coronavirus-a-elx-oriola-guadassuar-i-onda\/\" title=\"Sanitat adopta mesures addicionals per controlar la transmissi\u00f3 comunit\u00e0ria associada a brots de coronavirus a Elx, Oriola, Guadassuar i Onda\">[+] <\/a><\/div>\n","protected":false},"author":1,"featured_media":116166,"comment_status":"open","ping_status":"open","sticky":false,"template":"","format":"standard","meta":{"footnotes":""},"categories":[11010,12202,10898,10994,10948,10894,10904,10902,10903,10947,10896,10897],"tags":[11939,11940,11342,11077],"class_list":["post-116168","post","type-post","status-publish","format-standard","has-post-thumbnail","category-canal-salud","category-covid-19-ca","category-ventana-ca","category-guadassuar-ca","category-infraestructuras-ca","category-la-comarca-ca","category-sin-categorizar-ca","category-la-ribera-ca","category-medio-ambiente-la-comarca-ca","category-politica","category-seccion-ca","category-sucesos-la-comarca-ca","tag-coronavirus-ca","tag-covid-19-ca","tag-guadassuar-ca","tag-la-ribera-alta-ca"],"_links":{"self":[{"href":"https:\/\/tucomarca.whitekongsoftware.com\/ca\/wp-json\/wp\/v2\/posts\/116168","targetHints":{"allow":["GET"]}}],"collection":[{"href":"https:\/\/tucomarca.whitekongsoftware.com\/ca\/wp-json\/wp\/v2\/posts"}],"about":[{"href":"https:\/\/tucomarca.whitekongsoftware.com\/ca\/wp-json\/wp\/v2\/types\/post"}],"author":[{"embeddable":true,"href":"https:\/\/tucomarca.whitekongsoftware.com\/ca\/wp-json\/wp\/v2\/users\/1"}],"replies":[{"embeddable":true,"href":"https:\/\/tucomarca.whitekongsoftware.com\/ca\/wp-json\/wp\/v2\/comments?post=116168"}],"version-history":[{"count":0,"href":"https:\/\/tucomarca.whitekongsoftware.com\/ca\/wp-json\/wp\/v2\/posts\/116168\/revisions"}],"wp:featuredmedia":[{"embeddable":true,"href":"https:\/\/tucomarca.whitekongsoftware.com\/ca\/wp-json\/wp\/v2\/media\/116166"}],"wp:attachment":[{"href":"https:\/\/tucomarca.whitekongsoftware.com\/ca\/wp-json\/wp\/v2\/media?parent=116168"}],"wp:term":[{"taxonomy":"category","embeddable":true,"href":"https:\/\/tucomarca.whitekongsoftware.com\/ca\/wp-json\/wp\/v2\/categories?post=116168"},{"taxonomy":"post_tag","embeddable":true,"href":"https:\/\/tucomarca.whitekongsoftware.com\/ca\/wp-json\/wp\/v2\/tags?post=116168"}],"curies":[{"name":"wp","href":"https:\/\/api.w.org\/{rel}","templated":true}]}}