{"id":116162,"date":"2020-10-16T19:00:53","date_gmt":"2020-10-16T17:00:53","guid":{"rendered":"http:\/\/www.tucomarca.com\/wordpress\/segunda\/?p=116162"},"modified":"2020-10-16T20:02:50","modified_gmt":"2020-10-16T18:02:50","slug":"els-brots-de-la-pobla-de-vallbona-riba-roja-i-benifaio-aporten-6-5-i-4-casos-mes-respectivament-als-901-nous-contagis-per-coronavirus-a-la-comunitat","status":"publish","type":"post","link":"https:\/\/tucomarca.whitekongsoftware.com\/ca\/els-brots-de-la-pobla-de-vallbona-riba-roja-i-benifaio-aporten-6-5-i-4-casos-mes-respectivament-als-901-nous-contagis-per-coronavirus-a-la-comunitat\/","title":{"rendered":"Els brots de la Pobla de Vallbona, Riba-roja i Benifai\u00f3 aporten 6, 5 i 4 casos m\u00e9s, respectivament, als 901 nous contagis per coronavirus a la Comunitat"},"content":{"rendered":"\n<p class=\"wp-block-paragraph\">La Conselleria de Sanitat Universal i Salut P\u00fablica ha registrat 901 nous contagis de coronavirus confirmats per prova PCR o mitjan\u00e7ant test d&#8217;ant\u00edgens a la Comunitat Valenciana, que situen la xifra total de positius en 48.571 persones. Per prov\u00edncies, la distribuci\u00f3 \u00e9s la seg\u00fcent: 67 a Castell\u00f3 (5.267 en total); 290 a Alacant (16.353 en total), i 544 a la prov\u00edncia de Val\u00e8ncia (26.944 en total). A m\u00e9s, el nombre total de pacients sense assignar es mant\u00e9 en 7.<\/p>\n\n\n\n<p class=\"wp-block-paragraph\">D&#8217;altra banda, s&#8217;han donat 524 altes a pacients amb coronavirus, de manera que el total de persones curades des de l&#8217;inici de la pand\u00e8mia se situa en 50.683: 5.817 a Castell\u00f3, 16.853 a Alacant i 27.971 a Val\u00e8ncia. A m\u00e9s, el total d&#8217;altes sense assignaci\u00f3 \u00e9s de 42.<\/p>\n\n\n\n<p class=\"wp-block-paragraph\">D&#8217;aquesta manera, a hores d&#8217;ara hi ha actius 5.896 casos, fet que suposa un 10,11% de l&#8217;total de positius.<\/p>\n\n\n\n<p class=\"wp-block-paragraph\">Els hospitals valencians tenen, actualment, 577 persones ingressades: 53 a la prov\u00edncia de Castell\u00f3, amb 6 pacients en UCI; 203 a la prov\u00edncia d&#8217;Alacant, 36 d&#8217;ells a l&#8217;UCI; i 321 a la prov\u00edncia de Val\u00e8ncia, 42 d&#8217;ells en UCI.<\/p>\n\n\n\n<p class=\"wp-block-paragraph\">D&#8217;altra banda, s&#8217;han registrat 8 morts per coronavirus des de l&#8217;\u00faltima actualitzaci\u00f3, de manera que el total de defuncions \u00e9s de 1.723 persones: 252 a la prov\u00edncia de Castell\u00f3, 596 a la d&#8217;Alacant i 875 a la de Val\u00e8ncia.<\/p>\n\n\n\n<p class=\"wp-block-paragraph\">El nombre total de proves dutes a terme per a la detecci\u00f3 de l&#8217;coronavirus ascendeix a 1.232.649, de les quals 1.078.563 han estat a trav\u00e9s de PCR i 154.086 mitjan\u00e7ant test r\u00e0pid.<\/p>\n\n\n\n<p class=\"wp-block-paragraph\">Actualitzaci\u00f3 de la situaci\u00f3 en resid\u00e8ncies<\/p>\n\n\n\n<p class=\"wp-block-paragraph\">A dia d&#8217;avui, hi ha algun cas positiu en 20 resid\u00e8ncies de majors (1 a la prov\u00edncia de Castell\u00f3, 6 a la prov\u00edncia d&#8217;Alacant i 13 a la prov\u00edncia de Val\u00e8ncia), 4 centres de persones amb diversitat funcional (1 a la prov\u00edncia de Castell\u00f3 i 3 a la de Val\u00e8ncia) i 2 centres de menors (tots dos a la prov\u00edncia d&#8217;Alacant).<\/p>\n\n\n\n<p class=\"wp-block-paragraph\">\u00b7 Residents nous positius: 2<\/p>\n\n\n\n<p class=\"wp-block-paragraph\">\u00b7 Treballadors nous positius: 5<\/p>\n\n\n\n<p class=\"wp-block-paragraph\">\u00b7 Residents morts: 2<\/p>\n\n\n\n<p class=\"wp-block-paragraph\">Actualment, es troben sota vigil\u00e0ncia activa de control sanitari 6 resid\u00e8ncies a la Comunitat Valenciana: 1 a la prov\u00edncia de Castell\u00f3, 1 a la prov\u00edncia d&#8217;Alacant i 4 a la prov\u00edncia de Val\u00e8ncia.<\/p>\n\n\n\n<p class=\"wp-block-paragraph\">Actualitzaci\u00f3 brots de coronavirus<\/p>\n\n\n\n<p class=\"wp-block-paragraph\">Nous brots:<\/p>\n\n\n\n<p class=\"wp-block-paragraph\">\u00b7 Onda: 9 casos. origen social<\/p>\n\n\n\n<p class=\"wp-block-paragraph\">\u00b7 Santa Pola: 3 casos. origen social<\/p>\n\n\n\n<p class=\"wp-block-paragraph\">\u00b7 Val\u00e8ncia: 4 casos. origen social<\/p>\n\n\n\n<p class=\"wp-block-paragraph\">\u00b7 Onda: 8 casos. origen social<\/p>\n\n\n\n<p class=\"wp-block-paragraph\">\u00b7 Santa Pola: 3 casos. origen social<\/p>\n\n\n\n<p class=\"wp-block-paragraph\">\u00b7 Castell\u00f3 de la Plana: 3 casos. origen social<\/p>\n\n\n\n<p class=\"wp-block-paragraph\">\u00b7 Oriola: 11 casos. origen laboral<\/p>\n\n\n\n<p class=\"wp-block-paragraph\">\u00b7 Castell\u00f3 de la Plana: 4 casos. origen social<\/p>\n\n\n\n<p class=\"wp-block-paragraph\">\u00b7 Elx: 7 casos. origen laboral<\/p>\n\n\n\n<p class=\"wp-block-paragraph\">\u00b7 Elx: 4 casos. origen social<\/p>\n\n\n\n<p class=\"wp-block-paragraph\">\u00b7 Aspe: 6 casos. origen social<\/p>\n\n\n\n<p class=\"wp-block-paragraph\">\u00b7 Castell\u00f3 de la Plana: 4 casos. origen social<\/p>\n\n\n\n<p class=\"wp-block-paragraph\">\u00b7 La Font de la Figuera: 3 casos. origen laboral<\/p>\n\n\n\n<p class=\"wp-block-paragraph\">\u00b7 Elx: 3 casos. origen social<\/p>\n\n\n\n<p class=\"wp-block-paragraph\">\u00b7 Onda: 5 casos. origen social<\/p>\n\n\n\n<p class=\"wp-block-paragraph\">\u00b7 Val\u00e8ncia: 5 casos. origen laboral<\/p>\n\n\n\n<p class=\"wp-block-paragraph\">\u00b7 Elx: 4 casos. origen social<\/p>\n\n\n\n<p class=\"wp-block-paragraph\">\u00b7 Val\u00e8ncia: 6 casos. origen laboral<\/p>\n\n\n\n<p class=\"wp-block-paragraph\">\u00b7 Algorfa: 5 casos. origen social<\/p>\n\n\n\n<p class=\"wp-block-paragraph\">\u00b7 Albuixech: 5 casos. origen social<\/p>\n\n\n\n<p class=\"wp-block-paragraph\">\u00b7 Val\u00e8ncia: 3 casos. origen laboral<\/p>\n\n\n\n<p class=\"wp-block-paragraph\">\u00b7 Xal\u00f3: 4 casos. origen laboral<\/p>\n\n\n\n<p class=\"wp-block-paragraph\">\u00b7 Onda: 5 casos. origen social<\/p>\n\n\n\n<p class=\"wp-block-paragraph\">\u00b7 Santa Pola: 4 casos. origen social<\/p>\n\n\n\n<p class=\"wp-block-paragraph\">\u00b7 Elx: 5 casos. origen social<\/p>\n\n\n\n<p class=\"wp-block-paragraph\">\u00b7 Riba-roja de T\u00faria: 5 casos. origen laboral<\/p>\n\n\n\n<p class=\"wp-block-paragraph\">\u00b7 Castell\u00f3 de la Plana: 7 casos. origen laboral<\/p>\n\n\n\n<p class=\"wp-block-paragraph\">\u00b7 Elx: 5 casos. origen social<\/p>\n\n\n\n<p class=\"wp-block-paragraph\">\u00b7 Almassora: 5 casos. origen social<\/p>\n\n\n\n<p class=\"wp-block-paragraph\">\u00b7 Elx: 3 casos. origen laboral<\/p>\n\n\n\n<p class=\"wp-block-paragraph\">\u00b7 Elx: 3 casos. origen social<\/p>\n\n\n\n<p class=\"wp-block-paragraph\">\u00b7 Crevillent: 4 casos. origen social<\/p>\n\n\n\n<p class=\"wp-block-paragraph\">\u00b7 Guadassuar: 3 casos. origen social<\/p>\n\n\n\n<p class=\"wp-block-paragraph\">\u00b7 Val\u00e8ncia: 4 casos. origen social<\/p>\n\n\n\n<p class=\"wp-block-paragraph\">\u00b7 La Pobla de Vallbona: 7 casos. origen social<\/p>\n\n\n\n<p class=\"wp-block-paragraph\">\u00b7 Alginet: 3 casos. origen laboral<\/p>\n\n\n\n<p class=\"wp-block-paragraph\">\u00b7 Benifai\u00f3: 4 casos. origen social<\/p>\n\n\n\n<p class=\"wp-block-paragraph\">\u00b7 Catarroja: 4 casos. origen social<\/p>\n\n\n\n<p class=\"wp-block-paragraph\">\u00b7 Val\u00e8ncia: 5 casos. origen social<\/p>\n\n\n\n<p class=\"wp-block-paragraph\">\u00b7 Val\u00e8ncia: 5 casos. origen social<\/p>\n\n\n\n<p class=\"wp-block-paragraph\">\u00b7 Beniarr\u00e9s: 4 casos. origen social<\/p>\n\n\n\n<p class=\"wp-block-paragraph\">\u00b7 X\u00e0tiva: 7 casos. origen laboral<\/p>\n\n\n\n<p class=\"wp-block-paragraph\">\u00b7 Alacant: 7 casos. Origen \u00e0mbit educatiu<\/p>\n\n\n\n<p class=\"wp-block-paragraph\">\u00b7 Val\u00e8ncia: 5 casos. origen social<\/p>\n\n\n\n<p class=\"wp-block-paragraph\">\u00b7 Sagunt: 12 casos. Origen \u00e0mbit educatiu<\/p>\n\n\n\n<p class=\"wp-block-paragraph\">\u00b7 Sagunt: 33 casos. origen laboral<\/p>\n","protected":false},"excerpt":{"rendered":"<div class=\"mh-excerpt\">La Conselleria de Sanitat Universal i Salut P\u00fablica ha registrat 901 nous contagis de coronavirus confirmats per prova PCR o mitjan\u00e7ant test d&#8217;ant\u00edgens a la Comunitat Valenciana, que situen la xifra total de positius en <a class=\"mh-excerpt-more\" href=\"https:\/\/tucomarca.whitekongsoftware.com\/ca\/els-brots-de-la-pobla-de-vallbona-riba-roja-i-benifaio-aporten-6-5-i-4-casos-mes-respectivament-als-901-nous-contagis-per-coronavirus-a-la-comunitat\/\" title=\"Els brots de la Pobla de Vallbona, Riba-roja i Benifai\u00f3 aporten 6, 5 i 4 casos m\u00e9s, respectivament, als 901 nous contagis per coronavirus a la Comunitat\">[+] <\/a><\/div>\n","protected":false},"author":1,"featured_media":114196,"comment_status":"open","ping_status":"open","sticky":false,"template":"","format":"standard","meta":{"footnotes":""},"categories":[10987,10892,11010,12202,10898,10948,10894,10904,10915,10902,10903,10947,10906,10896,10897],"tags":[10899,11939,11940,11952,11077],"class_list":["post-116162","post","type-post","status-publish","format-standard","has-post-thumbnail","category-benifaio-ca","category-camp-de-turia-ca","category-canal-salud","category-covid-19-ca","category-ventana-ca","category-infraestructuras-ca","category-la-comarca-ca","category-sin-categorizar-ca","category-la-pobla-ca","category-la-ribera-ca","category-medio-ambiente-la-comarca-ca","category-politica","category-riba-roja-ca","category-seccion-ca","category-sucesos-la-comarca-ca","tag-camp-de-turia-ca","tag-coronavirus-ca","tag-covid-19-ca","tag-covid2019-ca","tag-la-ribera-alta-ca"],"_links":{"self":[{"href":"https:\/\/tucomarca.whitekongsoftware.com\/ca\/wp-json\/wp\/v2\/posts\/116162","targetHints":{"allow":["GET"]}}],"collection":[{"href":"https:\/\/tucomarca.whitekongsoftware.com\/ca\/wp-json\/wp\/v2\/posts"}],"about":[{"href":"https:\/\/tucomarca.whitekongsoftware.com\/ca\/wp-json\/wp\/v2\/types\/post"}],"author":[{"embeddable":true,"href":"https:\/\/tucomarca.whitekongsoftware.com\/ca\/wp-json\/wp\/v2\/users\/1"}],"replies":[{"embeddable":true,"href":"https:\/\/tucomarca.whitekongsoftware.com\/ca\/wp-json\/wp\/v2\/comments?post=116162"}],"version-history":[{"count":0,"href":"https:\/\/tucomarca.whitekongsoftware.com\/ca\/wp-json\/wp\/v2\/posts\/116162\/revisions"}],"wp:featuredmedia":[{"embeddable":true,"href":"https:\/\/tucomarca.whitekongsoftware.com\/ca\/wp-json\/wp\/v2\/media\/114196"}],"wp:attachment":[{"href":"https:\/\/tucomarca.whitekongsoftware.com\/ca\/wp-json\/wp\/v2\/media?parent=116162"}],"wp:term":[{"taxonomy":"category","embeddable":true,"href":"https:\/\/tucomarca.whitekongsoftware.com\/ca\/wp-json\/wp\/v2\/categories?post=116162"},{"taxonomy":"post_tag","embeddable":true,"href":"https:\/\/tucomarca.whitekongsoftware.com\/ca\/wp-json\/wp\/v2\/tags?post=116162"}],"curies":[{"name":"wp","href":"https:\/\/api.w.org\/{rel}","templated":true}]}}