{"id":116100,"date":"2020-10-16T10:10:52","date_gmt":"2020-10-16T08:10:52","guid":{"rendered":"http:\/\/www.tucomarca.com\/wordpress\/segunda\/?p=116100"},"modified":"2020-10-16T19:30:48","modified_gmt":"2020-10-16T17:30:48","slug":"la-universitat-de-valencia-organitza-una-jornada-comarcal-sobre-economia-social-i-sostenible-per-a-requena-utiel","status":"publish","type":"post","link":"https:\/\/tucomarca.whitekongsoftware.com\/ca\/la-universitat-de-valencia-organitza-una-jornada-comarcal-sobre-economia-social-i-sostenible-per-a-requena-utiel\/","title":{"rendered":"La Universitat de Val\u00e8ncia organitza una Jornada comarcal sobre economia social i sostenible per a Requena-Utiel"},"content":{"rendered":"\n<p class=\"wp-block-paragraph\">El dia 20 d&#8217;este mes d&#8217;octubre, de 10 a 14 hores, tindr\u00e0 lloc, per a la comarca Requena-Utiel, la Jornada d&#8217;Economia Social i Sostenible. Versar\u00e0 sobre l&#8217;economia social i sostenible, com a garant de progr\u00e9s econ\u00f2mic i social en \u00e0mbit local: generaci\u00f3 de riquesa, desenrotllament rural, utilitat social, objectius de desenrotllament sostenible-ODS, cohesi\u00f3 social i territorial, innovaci\u00f3 digital i economia circular, entre altres temes.<\/p>\n\n\n\n<p class=\"wp-block-paragraph\">L&#8217;activitat est\u00e0 emmarcada dins del II Cicle jornades sobre emprendimiento i economia social i sostenible organitzades per la Universitat de Val\u00e8ncia a trav\u00e9s del seu projecte Aula Empresocial, amb finan\u00e7ament de l&#8217;\u00e0rea de Cooperaci\u00f3 Municipal de la Diputaci\u00f3 de Val\u00e8ncia i col\u00b7laboraci\u00f3 del Servici de Desenrotllament Local de Divalterra , la Mancomunitat El Teix i l&#8217;Ajuntament de Requena.<\/p>\n\n\n\n<p class=\"wp-block-paragraph\">La sessi\u00f3, que es realitzar\u00e0 de forma online, va dirigida per ADL (Agents de Desenvolupament Local), resta de personal t\u00e8cnic municipal, persones emprenedores, empreses, col\u00b7lectius interessats en cooperativisme i economia sostenible, docents o alumnat dels \u00faltims cursos d&#8217;instituts de educaci\u00f3 secund\u00e0ria i p\u00fablic en general.<br>La jornada comen\u00e7ar\u00e0 amb 2 pon\u00e8ncies d&#8217;experts seleccionats per la Universitat de Val\u00e8ncia que exposaran les principals l\u00ednies de treball a tenir en compte en mat\u00e8ria d&#8217;economia social i sostenible, com a garant de progr\u00e9s econ\u00f2mic i social en l&#8217;\u00e0mbit local.<\/p>\n\n\n\n<p class=\"wp-block-paragraph\">A continuaci\u00f3 tindr\u00e0 lloc una taula d&#8217;experi\u00e8ncies per a mostrar bones pr\u00e0ctiques en la mat\u00e8ria que estan funcionant en els seus respectius territoris, en la que participaran representants de les seg\u00fcents empreses i entitats: La Crisopa Coop. V., Escola Rural d&#8217;Emprendimiento Social i Koopera.<\/p>\n\n\n\n<p class=\"wp-block-paragraph\">L&#8217;activitat \u00e9s gratu\u00efta, i requerix inscripci\u00f3 pr\u00e8via a trav\u00e9s de la web: http:\/\/esdeveniments.uv.es\/46968\/detail\/2o-cicle-conferencies-aula-empre&#8230;<\/p>\n","protected":false},"excerpt":{"rendered":"<div class=\"mh-excerpt\">El dia 20 d&#8217;este mes d&#8217;octubre, de 10 a 14 hores, tindr\u00e0 lloc, per a la comarca Requena-Utiel, la Jornada d&#8217;Economia Social i Sostenible. Versar\u00e0 sobre l&#8217;economia social i sostenible, com a garant de progr\u00e9s <a class=\"mh-excerpt-more\" href=\"https:\/\/tucomarca.whitekongsoftware.com\/ca\/la-universitat-de-valencia-organitza-una-jornada-comarcal-sobre-economia-social-i-sostenible-per-a-requena-utiel\/\" title=\"La Universitat de Val\u00e8ncia organitza una Jornada comarcal sobre economia social i sostenible per a Requena-Utiel\">[+] <\/a><\/div>\n","protected":false},"author":12,"featured_media":108742,"comment_status":"open","ping_status":"open","sticky":false,"template":"","format":"standard","meta":{"footnotes":""},"categories":[11019,11030,11031,11032,11054,11055,10948,10894,11056,10908,10909,11057,10896,11058,11059,11060,11061],"tags":[2850,2907,10531,12813,10645],"class_list":["post-116100","post","type-post","status-publish","format-standard","has-post-thumbnail","category-agenda-ca","category-campo-arcis-ca","category-camporrobles-ca","category-caudete-ca","category-chera-ca","category-fuenterrobles-ca","category-infraestructuras-ca","category-la-comarca-ca","category-las-cuevas-ca","category-requena-ca","category-requena-utiel-ca","category-san-antonio-ca","category-seccion-ca","category-sinarcas-ca","category-utiel-ca","category-venta-del-moro-ca","category-villargordo-del-cabriel-ca","tag-ayuntamiento-de-requena","tag-comarca-requena-utiel","tag-divalterra","tag-mancomunidad-el-tejo","tag-universitat-de-valencia"],"_links":{"self":[{"href":"https:\/\/tucomarca.whitekongsoftware.com\/ca\/wp-json\/wp\/v2\/posts\/116100","targetHints":{"allow":["GET"]}}],"collection":[{"href":"https:\/\/tucomarca.whitekongsoftware.com\/ca\/wp-json\/wp\/v2\/posts"}],"about":[{"href":"https:\/\/tucomarca.whitekongsoftware.com\/ca\/wp-json\/wp\/v2\/types\/post"}],"author":[{"embeddable":true,"href":"https:\/\/tucomarca.whitekongsoftware.com\/ca\/wp-json\/wp\/v2\/users\/12"}],"replies":[{"embeddable":true,"href":"https:\/\/tucomarca.whitekongsoftware.com\/ca\/wp-json\/wp\/v2\/comments?post=116100"}],"version-history":[{"count":0,"href":"https:\/\/tucomarca.whitekongsoftware.com\/ca\/wp-json\/wp\/v2\/posts\/116100\/revisions"}],"wp:featuredmedia":[{"embeddable":true,"href":"https:\/\/tucomarca.whitekongsoftware.com\/ca\/wp-json\/wp\/v2\/media\/108742"}],"wp:attachment":[{"href":"https:\/\/tucomarca.whitekongsoftware.com\/ca\/wp-json\/wp\/v2\/media?parent=116100"}],"wp:term":[{"taxonomy":"category","embeddable":true,"href":"https:\/\/tucomarca.whitekongsoftware.com\/ca\/wp-json\/wp\/v2\/categories?post=116100"},{"taxonomy":"post_tag","embeddable":true,"href":"https:\/\/tucomarca.whitekongsoftware.com\/ca\/wp-json\/wp\/v2\/tags?post=116100"}],"curies":[{"name":"wp","href":"https:\/\/api.w.org\/{rel}","templated":true}]}}