{"id":116076,"date":"2020-10-15T16:40:57","date_gmt":"2020-10-15T14:40:57","guid":{"rendered":"http:\/\/www.tucomarca.com\/wordpress\/segunda\/?p=116076"},"modified":"2020-10-15T21:43:22","modified_gmt":"2020-10-15T19:43:22","slug":"arriba-la-primera-gelada-de-la-tardor-a-zones-de-requena-utiel","status":"publish","type":"post","link":"https:\/\/tucomarca.whitekongsoftware.com\/ca\/arriba-la-primera-gelada-de-la-tardor-a-zones-de-requena-utiel\/","title":{"rendered":"Arriba la primera gelada de la tardor a zones de Requena-Utiel"},"content":{"rendered":"\n<p class=\"wp-block-paragraph\">Durant la passada matinada les temperatures registrades a Requena-Utiel, s&#8217;han aproximat als zero graus en moltes zones.<\/p>\n\n\n\n<p class=\"wp-block-paragraph\">Concretament, en paratges de la ribera del riu Magre s&#8217;ha produ\u00eft la primera gelada de la tardor.<\/p>\n\n\n\n<p class=\"wp-block-paragraph\">Les m\u00ednimes registrades la passada matinada, a la comarca, s\u00f3n m\u00e9s pr\u00f2pies de primers de novembre que de mitjans d&#8217;octubre.<\/p>\n\n\n\n<p class=\"wp-block-paragraph\">Les temperatures registrades durant la primera quinzena d&#8217;octubre han estat per sota de les habituals, pels episodis de vents de nord i nord-oest que s&#8217;han produ\u00eft. Informa, <strong>Luis Ib\u00e1\u00f1ez<\/strong>.<\/p>\n","protected":false},"excerpt":{"rendered":"<div class=\"mh-excerpt\">Durant la passada matinada les temperatures registrades a Requena-Utiel, s&#8217;han aproximat als zero graus en moltes zones. Concretament, en paratges de la ribera del riu Magre s&#8217;ha produ\u00eft la primera gelada de la tardor. Les <a class=\"mh-excerpt-more\" href=\"https:\/\/tucomarca.whitekongsoftware.com\/ca\/arriba-la-primera-gelada-de-la-tardor-a-zones-de-requena-utiel\/\" title=\"Arriba la primera gelada de la tardor a zones de Requena-Utiel\">[+] <\/a><\/div>\n","protected":false},"author":1,"featured_media":116077,"comment_status":"open","ping_status":"open","sticky":false,"template":"","format":"standard","meta":{"footnotes":""},"categories":[10905,11030,11031,11032,11054,11985,11055,10894,11056,10903,10908,10909,11057,10896,11058,10897,11059,11060,11061],"tags":[12804,10387],"class_list":["post-116076","post","type-post","status-publish","format-standard","has-post-thumbnail","category-agricultura-la-comarca-ca","category-campo-arcis-ca","category-camporrobles-ca","category-caudete-ca","category-chera-ca","category-el-tiempo-ca","category-fuenterrobles-ca","category-la-comarca-ca","category-las-cuevas-ca","category-medio-ambiente-la-comarca-ca","category-requena-ca","category-requena-utiel-ca","category-san-antonio-ca","category-seccion-ca","category-sinarcas-ca","category-sucesos-la-comarca-ca","category-utiel-ca","category-venta-del-moro-ca","category-villargordo-del-cabriel-ca","tag-helada","tag-requena-utiel"],"_links":{"self":[{"href":"https:\/\/tucomarca.whitekongsoftware.com\/ca\/wp-json\/wp\/v2\/posts\/116076","targetHints":{"allow":["GET"]}}],"collection":[{"href":"https:\/\/tucomarca.whitekongsoftware.com\/ca\/wp-json\/wp\/v2\/posts"}],"about":[{"href":"https:\/\/tucomarca.whitekongsoftware.com\/ca\/wp-json\/wp\/v2\/types\/post"}],"author":[{"embeddable":true,"href":"https:\/\/tucomarca.whitekongsoftware.com\/ca\/wp-json\/wp\/v2\/users\/1"}],"replies":[{"embeddable":true,"href":"https:\/\/tucomarca.whitekongsoftware.com\/ca\/wp-json\/wp\/v2\/comments?post=116076"}],"version-history":[{"count":0,"href":"https:\/\/tucomarca.whitekongsoftware.com\/ca\/wp-json\/wp\/v2\/posts\/116076\/revisions"}],"wp:featuredmedia":[{"embeddable":true,"href":"https:\/\/tucomarca.whitekongsoftware.com\/ca\/wp-json\/wp\/v2\/media\/116077"}],"wp:attachment":[{"href":"https:\/\/tucomarca.whitekongsoftware.com\/ca\/wp-json\/wp\/v2\/media?parent=116076"}],"wp:term":[{"taxonomy":"category","embeddable":true,"href":"https:\/\/tucomarca.whitekongsoftware.com\/ca\/wp-json\/wp\/v2\/categories?post=116076"},{"taxonomy":"post_tag","embeddable":true,"href":"https:\/\/tucomarca.whitekongsoftware.com\/ca\/wp-json\/wp\/v2\/tags?post=116076"}],"curies":[{"name":"wp","href":"https:\/\/api.w.org\/{rel}","templated":true}]}}