{"id":116063,"date":"2020-10-15T16:45:55","date_gmt":"2020-10-15T14:45:55","guid":{"rendered":"http:\/\/www.tucomarca.com\/wordpress\/segunda\/?p=116063"},"modified":"2020-10-15T21:03:32","modified_gmt":"2020-10-15T19:03:32","slug":"el-cvi-acorda-disminuir-en-2021-la-taxa-dels-establiments-que-van-cessar-la-seua-activitat-durant-el-confinament-per-la-covid","status":"publish","type":"post","link":"https:\/\/tucomarca.whitekongsoftware.com\/ca\/el-cvi-acorda-disminuir-en-2021-la-taxa-dels-establiments-que-van-cessar-la-seua-activitat-durant-el-confinament-per-la-covid\/","title":{"rendered":"El CVI acorda disminuir en 2021 la taxa dels establiments que van cessar la seua activitat durant el confinament per la COVID"},"content":{"rendered":"\n<p class=\"wp-block-paragraph\"><strong>Els centres d&#8217;ensenyan\u00e7a, les instal\u00b7lacions esportives, els campaments i les discoteques pagaran entorn d&#8217;un 50% menys per haver generat menys residus<\/strong><\/p>\n\n\n\n<p class=\"wp-block-paragraph\"><strong>Els bars, restaurants, hotels i hostals pagaran aproximadament un 25% menys<\/strong><\/p>\n\n\n\n<p class=\"wp-block-paragraph\">L&#8217;Assemblea de el Consorci Val\u00e8ncia Interior (CVI) celebrada hui a la planta de Ll\u00edria ha acordat aprovar definitivament una modificaci\u00f3 de l&#8217;ordenan\u00e7a reguladora de la taxa de serveis ambientals, mitjan\u00e7ant la qual s&#8217;ha incl\u00f2s una disposici\u00f3 transit\u00f2ria per ajustar els imports als establiments que han hagut de tancar o disminuir la seua activitat durant el confinament per la crisi de la COVID-19.<\/p>\n\n\n\n<p class=\"wp-block-paragraph\">Per exemple, els bars, restaurants, hotels i hostals pagaran aproximadament un 25% menys que aquest any donat que han estat tancats tres mesos i, en conseq\u00fc\u00e8ncia, han generat menys residus. A m\u00e9s, els centres d&#8217;ensenyament, les instal\u00b7lacions esportives, els campaments i les discoteques pagaran al voltant d&#8217;un 50% menys at\u00e8s que la disminuci\u00f3 en la generaci\u00f3 de residus ha estat m\u00e9s acusada que en la resta d&#8217;establiments a l&#8217;estar sense activitat m\u00e9s temps.<\/p>\n\n\n\n<p class=\"wp-block-paragraph\">Independentment d&#8217;aquest ajust d&#8217;imports per 2021 per la situaci\u00f3 an\u00f2mala d&#8217;aquest any, abans de l&#8217;estiu el Consorci va decidir endarrerir a octubre el per\u00edode de cobrament de l&#8217;anualitat en curs i facilitar la sol\u00b7licitud d&#8217;ajornaments pensant en els ve\u00efns i empreses en dificultats per la pand\u00e8mia.<\/p>\n\n\n\n<p class=\"wp-block-paragraph\">Durant la sessi\u00f3 es va aprovar tamb\u00e9 l&#8217;actualitzaci\u00f3 de l&#8217;ordenan\u00e7a de serveis addicionals per als municipis de l&#8217;consorci. Entre els serveis que s&#8217;ofereixen s&#8217;inclou el refor\u00e7 de la recollida separada dels envasos lleugers i el paper cartr\u00f3, b\u00e9 mitjan\u00e7ant l&#8217;augment de el nombre dels contenidors o b\u00e9 incrementant la freq\u00fc\u00e8ncia de recollida.<\/p>\n\n\n\n<p class=\"wp-block-paragraph\">Amb aix\u00f2 es pret\u00e9n donar soluci\u00f3 a la demanda dels ajuntaments que sol\u00b7licitaven un augment en la prestaci\u00f3 de serveis de recollida selectiva de residus, at\u00e8s que s&#8217;ha detectat que tal com estava plantejat en 2010 era insuficient i, per tant, cal una major cobertura i un increment en la freq\u00fc\u00e8ncia de recollida per part de l&#8217;adjudicat\u00e0ria. Es pret\u00e9n aix\u00ed evitar els desbordaments i prestar un servei de qualitat adequat a les quantitats de residus d&#8217;aquest tipus aportades en cada localitat.<\/p>\n\n\n\n<p class=\"wp-block-paragraph\">Tamb\u00e9 s&#8217;ofereix un refor\u00e7 en el servei de recollida de voluminosos en Punts de Recollida de Voluminosos (PRV) creant nous espais destinats al efecte o b\u00e9 augmentant la freq\u00fc\u00e8ncia de recollida, la retirada i gesti\u00f3 puntual de restes voluminosos acumulats o la prestaci\u00f3 de servei addicional de contenidors per a residus voluminosos o per residus de construcci\u00f3 i demolici\u00f3. Amb aquesta ordenan\u00e7a es regula tamb\u00e9 la possibilitat que els ajuntaments trien la manera de pagament d&#8217;aquests serveis addicionals: repercutir a trav\u00e9s de la taxa de tractament o mitjan\u00e7ant autoliquidaci\u00f3.<\/p>\n\n\n\n<p class=\"wp-block-paragraph\">Durant l&#8217;assemblea es van explicar tamb\u00e9 les l\u00ednies principals del pressupost de 2021 que ja s&#8217;est\u00e0 preparant.<\/p>\n","protected":false},"excerpt":{"rendered":"<div class=\"mh-excerpt\">Els centres d&#8217;ensenyan\u00e7a, les instal\u00b7lacions esportives, els campaments i les discoteques pagaran entorn d&#8217;un 50% menys per haver generat menys residus Els bars, restaurants, hotels i hostals pagaran aproximadament un 25% menys L&#8217;Assemblea de el <a class=\"mh-excerpt-more\" href=\"https:\/\/tucomarca.whitekongsoftware.com\/ca\/el-cvi-acorda-disminuir-en-2021-la-taxa-dels-establiments-que-van-cessar-la-seua-activitat-durant-el-confinament-per-la-covid\/\" title=\"El CVI acorda disminuir en 2021 la taxa dels establiments que van cessar la seua activitat durant el confinament per la COVID\">[+] <\/a><\/div>\n","protected":false},"author":12,"featured_media":116062,"comment_status":"open","ping_status":"open","sticky":false,"template":"","format":"standard","meta":{"footnotes":""},"categories":[10890,10951,10892,12202,11046,10898,10948,10963,10894,10912,10903,10909,10896],"tags":[11117,11939,11940,11305],"class_list":["post-116063","post","type-post","status-publish","format-standard","has-post-thumbnail","category-ademus","category-ayora-cofrentes-ca","category-camp-de-turia-ca","category-covid-19-ca","category-los-serranos-ca","category-ventana-ca","category-infraestructuras-ca","category-la-canal-de-navarres-ca","category-la-comarca-ca","category-la-hoya-ca","category-medio-ambiente-la-comarca-ca","category-requena-utiel-ca","category-seccion-ca","tag-consorcio-valencia-interior-ca","tag-coronavirus-ca","tag-covid-19-ca","tag-cvi-ca"],"_links":{"self":[{"href":"https:\/\/tucomarca.whitekongsoftware.com\/ca\/wp-json\/wp\/v2\/posts\/116063","targetHints":{"allow":["GET"]}}],"collection":[{"href":"https:\/\/tucomarca.whitekongsoftware.com\/ca\/wp-json\/wp\/v2\/posts"}],"about":[{"href":"https:\/\/tucomarca.whitekongsoftware.com\/ca\/wp-json\/wp\/v2\/types\/post"}],"author":[{"embeddable":true,"href":"https:\/\/tucomarca.whitekongsoftware.com\/ca\/wp-json\/wp\/v2\/users\/12"}],"replies":[{"embeddable":true,"href":"https:\/\/tucomarca.whitekongsoftware.com\/ca\/wp-json\/wp\/v2\/comments?post=116063"}],"version-history":[{"count":0,"href":"https:\/\/tucomarca.whitekongsoftware.com\/ca\/wp-json\/wp\/v2\/posts\/116063\/revisions"}],"wp:featuredmedia":[{"embeddable":true,"href":"https:\/\/tucomarca.whitekongsoftware.com\/ca\/wp-json\/wp\/v2\/media\/116062"}],"wp:attachment":[{"href":"https:\/\/tucomarca.whitekongsoftware.com\/ca\/wp-json\/wp\/v2\/media?parent=116063"}],"wp:term":[{"taxonomy":"category","embeddable":true,"href":"https:\/\/tucomarca.whitekongsoftware.com\/ca\/wp-json\/wp\/v2\/categories?post=116063"},{"taxonomy":"post_tag","embeddable":true,"href":"https:\/\/tucomarca.whitekongsoftware.com\/ca\/wp-json\/wp\/v2\/tags?post=116063"}],"curies":[{"name":"wp","href":"https:\/\/api.w.org\/{rel}","templated":true}]}}