{"id":116042,"date":"2020-10-15T14:45:30","date_gmt":"2020-10-15T12:45:30","guid":{"rendered":"http:\/\/www.tucomarca.com\/wordpress\/segunda\/?p=116042"},"modified":"2020-10-15T20:41:08","modified_gmt":"2020-10-15T18:41:08","slug":"lajuntament-felicita-al-cd-bunyol-al-convertir-se-en-el-primer-equip-de-preferent-que-arriba-tan-lluny-a-la-copa-del-rei","status":"publish","type":"post","link":"https:\/\/tucomarca.whitekongsoftware.com\/ca\/lajuntament-felicita-al-cd-bunyol-al-convertir-se-en-el-primer-equip-de-preferent-que-arriba-tan-lluny-a-la-copa-del-rei\/","title":{"rendered":"L&#8217;Ajuntament felicita al CD Bunyol al convertir-se en el primer equip de Preferent que arriba tan lluny a la Copa del Rei"},"content":{"rendered":"\n<h4 class=\"wp-block-heading\"><strong>El Club Esportiu Bunyol est\u00e0 fent hist\u00f2ria. A pesar que els pron\u00f2stics no vaticinaven la vict\u00f2ria del partit d&#8217;ahir enfront del Benicarl\u00f3, els grans jugadors del Bu\u00f1ol, el seu entrega, la seua lluita i la seua dedicaci\u00f3 van ser m\u00e9s forts. Van v\u00e9ncer i d&#8217;esta manera passen a la seg\u00fcent fase en la Copa del Rei per primera vegada en la seua hist\u00f2ria<\/strong><\/h4>\n\n\n\n<h4 class=\"wp-block-heading\"><strong>Es convertixen en els Campions Absoluts de Regional Preferent, i l&#8217;\u00fanic equip de Preferent que aconseguix arribar tan lluny en la hist\u00f2ria d&#8217;esta competici\u00f3 esportiva nacional<\/strong><\/h4>\n\n\n\n<p class=\"wp-block-paragraph\">Manuel Sierra, regidor d&#8217;Esports a l&#8217;Ajuntament de Bunyol, ha llan\u00e7at un sentit missatge de felicitaci\u00f3 a l&#8217;CD Bunyol per la gran gesta viscuda a les instal\u00b7lacions de la Ciutat Esportiva de l&#8217;Vila-real en el partit disputat davant el CD Benicarl\u00f3. Diu: &#8220;Enhorabona a l&#8217;CD Bunyol per la vict\u00f2ria d&#8217;ahir a la Ciutat Esportiva de el Vila-real davant el CD Benicarl\u00f3 i molta sort en la seg\u00fcent ronda contra el campi\u00f3 d&#8217;una altra comunitat aut\u00f2noma, \u00faltim passet per estar definitivament a la Copa d&#8217;el Rei 20-21. A falta de l&#8217;ascens que finalment no es va poder aconseguir, aquesta il\u00b7lusi\u00f3 per jugar la propera competici\u00f3 del torneig del KO, est\u00e0 unint a l&#8217;afici\u00f3, ja que \u00e9s una empresa que el club mai ha aconseguit i seria un rotund \u00e8xit poder aconseguir-ho en l&#8217;any del nostre centenari. Des de la Regidoria d&#8217;Esports desitgem tota la sort de m\u00f3n a l&#8217;CD Bunyol i felicitats a la seua directiva, cos t\u00e8cnic i jugadors pel gran treball que estan desenvolupant &#8220;.<\/p>\n\n\n\n<p class=\"wp-block-paragraph\">I \u00e9s que l&#8217;equip blanc, que milita a Regional Preferent, es va imposar ahir per un gol a zero a un conjunt de Tercera Divisi\u00f3, el CD Benicarl\u00f3, a la Ciutat Esportiva Pamesa de Vila-real. L&#8217;equip dirigit per Adri\u00e1n Ferrandis jugar\u00e0 la Copa de Rei en l&#8217;any de l&#8217;centenari. Va ser un partit molt igualat entre els dos rivals. A l&#8217;inici de la segona part el Benicarl\u00f3 va sortir de l&#8217;vestuari molt forta, per\u00f2 a poc a poc els jugadors de l&#8217;Bunyol van continuar lluitant amb afany. L&#8217;euf\u00f2ria va saltar en l&#8217;\u00faltim minut de partit, concretament al 94, quan ja tots els aficionats presents donaven per fet que jugarien a penals. Albert va aconseguir fer hist\u00f2ria. L&#8217;euf\u00f2ria va saltar entre la grada. I \u00e9s que els 50 aficionats van viure un moment \u00fanic, en el que van sentir que definitivament s&#8217;havia fet just\u00edcia esportiva despr\u00e9s d&#8217;un final amarg i at\u00edpic de temporada en qu\u00e8 el CD Bunyol aconseguia guanyar la lliga, i uns playoffs inusuals per a l&#8217;ascens a 3a divisi\u00f3 van deixar un sabor agredol\u00e7 entre jugadors, cos t\u00e8cnic i directiva d&#8217;aquest gran club en un any en qu\u00e8 celebren el seu centenari. Francisco Zan\u00f3n, president d&#8217;aquest club, mostrava amb sentida emoci\u00f3 la vict\u00f2ria justa del CD Bunyol despr\u00e9s d&#8217;un vibrant partit.<\/p>\n\n\n\n<p class=\"wp-block-paragraph\">Aix\u00ed doncs, per primera vegada en els seus gaireb\u00e9 100 anys d&#8217;hist\u00f2ria el CD Bunyol disputar\u00e0 la Copa del Rei. Ara, despr\u00e9s de v\u00e8ncer ahir a la nit a la Ciutat Esportiva de l&#8217;Vila-real el Bunyol es converteix en el guanyador de la Comunitat Valenciana, sent aix\u00ed el Campi\u00f3 Absolut de Regional Preferent, i l&#8217;\u00fanic equip en la hist\u00f2ria d&#8217;aquesta competici\u00f3 esportiva nacional de Preferent que aconsegueix arribar tan lluny. Ara, i abans de l&#8217;11 de novembre, que ser\u00e0 quan es disputi el pr\u00f2xim partit, el CD Bunyol jugar\u00e0 contra l&#8217;equip vencedor d&#8217;una d&#8217;aquestes comunitats aut\u00f2nomes: Can\u00e0ries, Madrid o Castella la Manxa.<\/p>\n\n\n\n<p class=\"wp-block-paragraph\">Francisco Zan\u00f3n, confirmava que el sorteig es preveu properament i que podria ser que arrib\u00e9s a celebrar-aquest \u00fanic partit al camp Beltr\u00e1n B\u00e1guena de Bunyol. &#8220;Cal que ens confirmin el m\u00e9s aviat possible el rival, no nom\u00e9s per estudiar-lo en profunditat, sin\u00f3 tamb\u00e9 perqu\u00e8 puguem posar en marxa els protocols actuals d&#8217;entrades disponibles o llumin\u00e0ria al camp, ja que aquest tipus de partits es retransmeten per televisi\u00f3 i tot hem de tenir-ho preparat. &#8220;Tamb\u00e9 voldria agrair i felicitar, -afegeix Zan\u00f3n-, a el president de el Roda per la immillorable activaci\u00f3 de protocols per a les dues aficions que hi vam estar presents. Eren unes instal\u00b7lacions de luxe i ens sentim molt b\u00e9 acompanyats en tot moment &#8220;.<\/p>\n\n\n\n<p class=\"wp-block-paragraph\">No podia ser millor setmana aquesta \u00faltima que est\u00e0 desenvolupant el CD Bunyol davant aquesta competici\u00f3. I sembla que el recent mort Pau Cus\u00ed Serra hagi intentat all\u00e0 on estigui forjar aquest gran triomf tan merescut. Va ser un gran referent per a tota l&#8217;afici\u00f3 blanca i per a tot el poble de Bunyol. En aquest any en qu\u00e8 no es va poder ascendir a 3\u00aa Divisi\u00f3 aquesta vict\u00f2ria culmina un gran treball per part de jugadors, cos t\u00e8cnic, equip directiu i aficionats.<\/p>\n\n\n\n<p class=\"wp-block-paragraph\">Juncal Carrascosa, alcaldessa de Bunyol, tamb\u00e9 present entre les grades i en representaci\u00f3 de tot el poble i de el consistori, va confirmar viure moments molt emotius i excepcionals despr\u00e9s de veure com el CD Bunyol feia hist\u00f2ria. &#8220;Sempre hem estat a la banda d&#8217;aquest club, en moments dif\u00edcils que han viscut en els darrers anys, per\u00f2 ara toca gaudir, toca felicitar el gran treball que han fet jugadors, cos t\u00e8cnic i directiva per poder estar on han arribat. El nom de Bunyol va ser vist per tot Espanya i tant de bo pugue celebrar-se el seg\u00fcent partit aqu\u00ed, al nostre camp. Sentim molt d&#8217;orgull pel nostre club, pel nostre Club Esportiu Bunyol &#8220;.<\/p>\n","protected":false},"excerpt":{"rendered":"<div class=\"mh-excerpt\">El Club Esportiu Bunyol est\u00e0 fent hist\u00f2ria. A pesar que els pron\u00f2stics no vaticinaven la vict\u00f2ria del partit d&#8217;ahir enfront del Benicarl\u00f3, els grans jugadors del Bu\u00f1ol, el seu entrega, la seua lluita i la <a class=\"mh-excerpt-more\" href=\"https:\/\/tucomarca.whitekongsoftware.com\/ca\/lajuntament-felicita-al-cd-bunyol-al-convertir-se-en-el-primer-equip-de-preferent-que-arriba-tan-lluny-a-la-copa-del-rei\/\" title=\"L&#8217;Ajuntament felicita al CD Bunyol al convertir-se en el primer equip de Preferent que arriba tan lluny a la Copa del Rei\">[+] <\/a><\/div>\n","protected":false},"author":12,"featured_media":116058,"comment_status":"open","ping_status":"open","sticky":false,"template":"","format":"standard","meta":{"footnotes":""},"categories":[10911,11015,11003,10894,10912,10896],"tags":[5335,537,12728,5952,12801],"class_list":["post-116042","post","type-post","status-publish","format-standard","has-post-thumbnail","category-bunol-ca","category-canal-futbol","category-sports","category-la-comarca-ca","category-la-hoya-ca","category-seccion-ca","tag-ayuntamiento-de-bunol","tag-cd-bunol","tag-copa-del-rey","tag-la-hoya-de-bunol-chiva","tag-regional-preferente"],"_links":{"self":[{"href":"https:\/\/tucomarca.whitekongsoftware.com\/ca\/wp-json\/wp\/v2\/posts\/116042","targetHints":{"allow":["GET"]}}],"collection":[{"href":"https:\/\/tucomarca.whitekongsoftware.com\/ca\/wp-json\/wp\/v2\/posts"}],"about":[{"href":"https:\/\/tucomarca.whitekongsoftware.com\/ca\/wp-json\/wp\/v2\/types\/post"}],"author":[{"embeddable":true,"href":"https:\/\/tucomarca.whitekongsoftware.com\/ca\/wp-json\/wp\/v2\/users\/12"}],"replies":[{"embeddable":true,"href":"https:\/\/tucomarca.whitekongsoftware.com\/ca\/wp-json\/wp\/v2\/comments?post=116042"}],"version-history":[{"count":0,"href":"https:\/\/tucomarca.whitekongsoftware.com\/ca\/wp-json\/wp\/v2\/posts\/116042\/revisions"}],"wp:featuredmedia":[{"embeddable":true,"href":"https:\/\/tucomarca.whitekongsoftware.com\/ca\/wp-json\/wp\/v2\/media\/116058"}],"wp:attachment":[{"href":"https:\/\/tucomarca.whitekongsoftware.com\/ca\/wp-json\/wp\/v2\/media?parent=116042"}],"wp:term":[{"taxonomy":"category","embeddable":true,"href":"https:\/\/tucomarca.whitekongsoftware.com\/ca\/wp-json\/wp\/v2\/categories?post=116042"},{"taxonomy":"post_tag","embeddable":true,"href":"https:\/\/tucomarca.whitekongsoftware.com\/ca\/wp-json\/wp\/v2\/tags?post=116042"}],"curies":[{"name":"wp","href":"https:\/\/api.w.org\/{rel}","templated":true}]}}