{"id":115991,"date":"2020-10-16T20:30:02","date_gmt":"2020-10-16T18:30:02","guid":{"rendered":"http:\/\/www.tucomarca.com\/wordpress\/segunda\/?p=115991"},"modified":"2020-10-16T21:03:28","modified_gmt":"2020-10-16T19:03:28","slug":"200-quilos-de-polvora-per-a-un-castell-de-focs-artificials-que-es-podra-veure-des-de-qualsevol-punt-de-xest","status":"publish","type":"post","link":"https:\/\/tucomarca.whitekongsoftware.com\/ca\/200-quilos-de-polvora-per-a-un-castell-de-focs-artificials-que-es-podra-veure-des-de-qualsevol-punt-de-xest\/","title":{"rendered":"200 quilos de p\u00f3lvora per a un castell de focs artificials que es podr\u00e0 veure des de qualsevol punt de Xest"},"content":{"rendered":"\n<p class=\"wp-block-paragraph\">La regidoria de Festes ha preparat un castell de focs artificials especial amb motiu de la celebraci\u00f3 de la XLVII Festa de la Verema, programat per al diumenge 18 d&#8217;octubre, dia de Sant Lucas Evangelista, a les 21:30 hores.<\/p>\n\n\n\n<p class=\"wp-block-paragraph\">&#8220;Es van a disparar prop de 200 quilos de p\u00f3lvora, cosa que mai abans s&#8217;havia fet a Xest, amb la finalitat que els ve\u00efns i les ve\u00efnes puguen veure el castell des de qualsevol punt de la poblaci\u00f3; animem a la gent a que en gaudi des de casa, apuntant-se a finestres i balcons o pujant als terrats, per evitar aix\u00ed aglomeracions als carrers &#8220;, explica el regidor de Festes, Ra\u00fal Mota.<\/p>\n\n\n\n<p class=\"wp-block-paragraph\">L&#8217;empresa encarregada de l&#8217;espectacle de focs artificials torna a ser Pirot\u00e8cnia Mart\u00ed, a trav\u00e9s de la coneguda Reyes Mart\u00ed, primera dona en disparar a la Pla\u00e7a de l&#8217;Ajuntament de Val\u00e8ncia i un referent en el sector.<\/p>\n\n\n\n<p class=\"wp-block-paragraph\">Dia de Sant Lluc<\/p>\n\n\n\n<p class=\"wp-block-paragraph\">Al mat\u00ed se celebrar\u00e0 una missa en honor als patrons de Xest, La Verge de la Soledad i Sant Lucas Evangelista, en dues sessions per a complir amb la normativa sanit\u00e0ria. La primera ser\u00e0 a les 10 i la segona a les 12 hores.<\/p>\n","protected":false},"excerpt":{"rendered":"<div class=\"mh-excerpt\">La regidoria de Festes ha preparat un castell de focs artificials especial amb motiu de la celebraci\u00f3 de la XLVII Festa de la Verema, programat per al diumenge 18 d&#8217;octubre, dia de Sant Lucas Evangelista, <a class=\"mh-excerpt-more\" href=\"https:\/\/tucomarca.whitekongsoftware.com\/ca\/200-quilos-de-polvora-per-a-un-castell-de-focs-artificials-que-es-podra-veure-des-de-qualsevol-punt-de-xest\/\" title=\"200 quilos de p\u00f3lvora per a un castell de focs artificials que es podr\u00e0 veure des de qualsevol punt de Xest\">[+] <\/a><\/div>\n","protected":false},"author":12,"featured_media":115990,"comment_status":"open","ping_status":"open","sticky":false,"template":"","format":"standard","meta":{"footnotes":""},"categories":[11019,10894,10912,11008,10896,10974],"tags":[10470,5952,2054],"class_list":["post-115991","post","type-post","status-publish","format-standard","has-post-thumbnail","category-agenda-ca","category-la-comarca-ca","category-la-hoya-ca","category-pueblos-en-fiestas-ca","category-seccion-ca","category-cheste-ca","tag-ayuntamiento-de-cheste","tag-la-hoya-de-bunol-chiva","tag-san-lucas"],"_links":{"self":[{"href":"https:\/\/tucomarca.whitekongsoftware.com\/ca\/wp-json\/wp\/v2\/posts\/115991","targetHints":{"allow":["GET"]}}],"collection":[{"href":"https:\/\/tucomarca.whitekongsoftware.com\/ca\/wp-json\/wp\/v2\/posts"}],"about":[{"href":"https:\/\/tucomarca.whitekongsoftware.com\/ca\/wp-json\/wp\/v2\/types\/post"}],"author":[{"embeddable":true,"href":"https:\/\/tucomarca.whitekongsoftware.com\/ca\/wp-json\/wp\/v2\/users\/12"}],"replies":[{"embeddable":true,"href":"https:\/\/tucomarca.whitekongsoftware.com\/ca\/wp-json\/wp\/v2\/comments?post=115991"}],"version-history":[{"count":0,"href":"https:\/\/tucomarca.whitekongsoftware.com\/ca\/wp-json\/wp\/v2\/posts\/115991\/revisions"}],"wp:featuredmedia":[{"embeddable":true,"href":"https:\/\/tucomarca.whitekongsoftware.com\/ca\/wp-json\/wp\/v2\/media\/115990"}],"wp:attachment":[{"href":"https:\/\/tucomarca.whitekongsoftware.com\/ca\/wp-json\/wp\/v2\/media?parent=115991"}],"wp:term":[{"taxonomy":"category","embeddable":true,"href":"https:\/\/tucomarca.whitekongsoftware.com\/ca\/wp-json\/wp\/v2\/categories?post=115991"},{"taxonomy":"post_tag","embeddable":true,"href":"https:\/\/tucomarca.whitekongsoftware.com\/ca\/wp-json\/wp\/v2\/tags?post=115991"}],"curies":[{"name":"wp","href":"https:\/\/api.w.org\/{rel}","templated":true}]}}