{"id":115974,"date":"2020-10-15T13:00:53","date_gmt":"2020-10-15T11:00:53","guid":{"rendered":"http:\/\/www.tucomarca.com\/wordpress\/segunda\/?p=115974"},"modified":"2020-10-15T14:55:23","modified_gmt":"2020-10-15T12:55:23","slug":"el-prya-demana-a-lequip-de-govern-municipal-de-requena-un-augment-dels-servicis-de-neteja-i-manteniment","status":"publish","type":"post","link":"https:\/\/tucomarca.whitekongsoftware.com\/ca\/el-prya-demana-a-lequip-de-govern-municipal-de-requena-un-augment-dels-servicis-de-neteja-i-manteniment\/","title":{"rendered":"El PRyA demana a l&#8217;equip de govern municipal de Requena un augment dels servicis de neteja i manteniment"},"content":{"rendered":"\n<h4 class=\"wp-block-heading\">La formaci\u00f3 pol\u00edtica d&#8217;\u00e0mbit municipal proposa que la mesura s&#8217;incloga en els pressupostos municipals de l&#8217;any que ve<\/h4>\n\n\n\n<p class=\"wp-block-paragraph\">Des del Partit de Requena i Llogarets afirmen que &#8220;hi ha malestar entre els ve\u00efns del municipi requenense pel que fa a la neteja i el manteniment es refereix, ja que el govern socialista de l&#8217;alcalde Mario S\u00e1nchez, no \u00e9s capa\u00e7 de resoldre aquest problema despr\u00e9s de m\u00e9s de cinc anys de govern&#8221;.<\/p>\n\n\n\n<p class=\"wp-block-paragraph\">S\u00f3n m\u00faltiples &#8220;les queixes rebudes en el nostre partit de ve\u00efns descontents amb els insuficients serveis p\u00fablics de neteja i manteniment, problemes que any rere any es repeteixen i que semblen no tenir soluci\u00f3&#8221; manifesten responsables de la formaci\u00f3 pol\u00edtica. &#8220;A aix\u00f2 -afegeixen- se l&#8217;anomena frac\u00e0s en la gesti\u00f3 de govern municipal&#8221;.<\/p>\n\n\n\n<p class=\"wp-block-paragraph\">A dia de hui, &#8220;el govern socialista de Mario S\u00e1nchez es limita a oferir un pla d&#8217;ocupaci\u00f3 per a 3 mesos que no solucionar\u00e0 el problema, ja que el seguirem tenint de forma permanent si no es talla d&#8217;una vegada per totes&#8221; asseguren les fonts.<\/p>\n\n\n\n<p class=\"wp-block-paragraph\">Des de la formaci\u00f3 consideren que &#8220;cal augmentar de forma permanent els serveis p\u00fablics de neteja, jardineria, pintura i obra&#8221;.  Informa, <strong>Luis Ib\u00e1\u00f1ez<\/strong>.<\/p>\n","protected":false},"excerpt":{"rendered":"<div class=\"mh-excerpt\">La formaci\u00f3 pol\u00edtica d&#8217;\u00e0mbit municipal proposa que la mesura s&#8217;incloga en els pressupostos municipals de l&#8217;any que ve Des del Partit de Requena i Llogarets afirmen que &#8220;hi ha malestar entre els ve\u00efns del municipi <a class=\"mh-excerpt-more\" href=\"https:\/\/tucomarca.whitekongsoftware.com\/ca\/el-prya-demana-a-lequip-de-govern-municipal-de-requena-un-augment-dels-servicis-de-neteja-i-manteniment\/\" title=\"El PRyA demana a l&#8217;equip de govern municipal de Requena un augment dels servicis de neteja i manteniment\">[+] <\/a><\/div>\n","protected":false},"author":12,"featured_media":115973,"comment_status":"open","ping_status":"open","sticky":false,"template":"","format":"standard","meta":{"footnotes":""},"categories":[10948,10894,10947,10908,10909,10896,10897],"tags":[11289,7827,10388],"class_list":["post-115974","post","type-post","status-publish","format-standard","has-post-thumbnail","category-infraestructuras-ca","category-la-comarca-ca","category-politica","category-requena-ca","category-requena-utiel-ca","category-seccion-ca","category-sucesos-la-comarca-ca","tag-comarca-utiel-requena","tag-prya","tag-requena"],"_links":{"self":[{"href":"https:\/\/tucomarca.whitekongsoftware.com\/ca\/wp-json\/wp\/v2\/posts\/115974","targetHints":{"allow":["GET"]}}],"collection":[{"href":"https:\/\/tucomarca.whitekongsoftware.com\/ca\/wp-json\/wp\/v2\/posts"}],"about":[{"href":"https:\/\/tucomarca.whitekongsoftware.com\/ca\/wp-json\/wp\/v2\/types\/post"}],"author":[{"embeddable":true,"href":"https:\/\/tucomarca.whitekongsoftware.com\/ca\/wp-json\/wp\/v2\/users\/12"}],"replies":[{"embeddable":true,"href":"https:\/\/tucomarca.whitekongsoftware.com\/ca\/wp-json\/wp\/v2\/comments?post=115974"}],"version-history":[{"count":0,"href":"https:\/\/tucomarca.whitekongsoftware.com\/ca\/wp-json\/wp\/v2\/posts\/115974\/revisions"}],"wp:featuredmedia":[{"embeddable":true,"href":"https:\/\/tucomarca.whitekongsoftware.com\/ca\/wp-json\/wp\/v2\/media\/115973"}],"wp:attachment":[{"href":"https:\/\/tucomarca.whitekongsoftware.com\/ca\/wp-json\/wp\/v2\/media?parent=115974"}],"wp:term":[{"taxonomy":"category","embeddable":true,"href":"https:\/\/tucomarca.whitekongsoftware.com\/ca\/wp-json\/wp\/v2\/categories?post=115974"},{"taxonomy":"post_tag","embeddable":true,"href":"https:\/\/tucomarca.whitekongsoftware.com\/ca\/wp-json\/wp\/v2\/tags?post=115974"}],"curies":[{"name":"wp","href":"https:\/\/api.w.org\/{rel}","templated":true}]}}