{"id":115956,"date":"2020-10-15T09:00:06","date_gmt":"2020-10-15T07:00:06","guid":{"rendered":"http:\/\/www.tucomarca.com\/wordpress\/segunda\/?p=115956"},"modified":"2020-10-15T12:35:25","modified_gmt":"2020-10-15T10:35:25","slug":"lliria-i-requena-aporten-3-i-6-contagis-de-coronavirus-als-761-ultims-casos-detectats-a-la-comunitat-valenciana","status":"publish","type":"post","link":"https:\/\/tucomarca.whitekongsoftware.com\/ca\/lliria-i-requena-aporten-3-i-6-contagis-de-coronavirus-als-761-ultims-casos-detectats-a-la-comunitat-valenciana\/","title":{"rendered":"Ll\u00edria i Requena aporten 3 i 6 contagis de coronavirus als 761 \u00faltims casos detectats a la Comunitat Valenciana"},"content":{"rendered":"\n<p class=\"wp-block-paragraph\">La Conselleria de Sanitat Universal i Salut P\u00fablica ha registrat 761 nous contagis de coronavirus confirmats per prova PCR a la Comunitat Valenciana, que situen la xifra total de positius en 46.893 persones. Per prov\u00edncies, la distribuci\u00f3 \u00e9s la seg\u00fcent: 72 a Castell\u00f3 (5.151 en total); 288 a Alacant (15.767 en total), i 401 a la prov\u00edncia de Val\u00e8ncia (25.968 en total). A m\u00e9s, el nombre total de pacients sense assignar es mant\u00e9 en 7.<\/p>\n\n\n\n<p class=\"wp-block-paragraph\">D&#8217;altra banda, s&#8217;han donat 623 altes a pacients amb coronavirus, de manera que el total de persones curades des de l&#8217;inici de la pand\u00e8mia se situa en 49.545: 5.691 a Castell\u00f3, 16.440 a Alacant i 27.374 a Val\u00e8ncia. A m\u00e9s, el total d&#8217;altes sense assignaci\u00f3 \u00e9s de 40.<\/p>\n\n\n\n<p class=\"wp-block-paragraph\">D&#8217;aquesta manera, a hores d&#8217;ara hi ha actius 5.368 casos, fet que suposa un 9,48% de l&#8217;total de positius.<\/p>\n\n\n\n<p class=\"wp-block-paragraph\">Els hospitals valencians tenen, actualment, 531 persones ingressades: 55 a la prov\u00edncia de Castell\u00f3, amb 7 pacients en UCI; 183 a la prov\u00edncia d&#8217;Alacant, 33 d&#8217;ells a l&#8217;UCI; i 293 a la prov\u00edncia de Val\u00e8ncia, 38 d&#8217;ells en UCI.<\/p>\n\n\n\n<p class=\"wp-block-paragraph\">D&#8217;altra banda, s&#8217;han registrat 4 morts per coronavirus des de l&#8217;\u00faltima actualitzaci\u00f3, de manera que el total de defuncions \u00e9s de 1.706 persones: 250 a la prov\u00edncia de Castell\u00f3, 590 a la d&#8217;Alacant i 866 a la de Val\u00e8ncia.<\/p>\n\n\n\n<p class=\"wp-block-paragraph\">El nombre total de proves dutes a terme per a la detecci\u00f3 de l&#8217;coronavirus ascendeix a 1.211.641, de les quals 1.057.962 han estat a trav\u00e9s de PCR i 153.679 mitjan\u00e7ant test r\u00e0pid.<\/p>\n\n\n\n<p class=\"wp-block-paragraph\">Actualitzaci\u00f3 de la situaci\u00f3 en resid\u00e8ncies<\/p>\n\n\n\n<p class=\"wp-block-paragraph\">A dia d&#8217;avui, hi ha algun cas positiu en 26 resid\u00e8ncies de majors (2 a la prov\u00edncia de Castell\u00f3, 9 a la prov\u00edncia d&#8217;Alacant i 15 a la prov\u00edncia de Val\u00e8ncia), 3 centres de persones amb diversitat funcional (1 a la prov\u00edncia de Castell\u00f3 i 2 a la de Val\u00e8ncia) i 2 centres de menors (tots dos a la prov\u00edncia d&#8217;Alacant).<\/p>\n\n\n\n<p class=\"wp-block-paragraph\">\u00b7 Residents nous positius: 1<\/p>\n\n\n\n<p class=\"wp-block-paragraph\">\u00b7 Treballadors i treballadores nous positius: 2<\/p>\n\n\n\n<p class=\"wp-block-paragraph\">\u00b7 Residents morts: 0<\/p>\n\n\n\n<p class=\"wp-block-paragraph\">Actualment, es troben sota vigil\u00e0ncia activa de control sanitari 6 resid\u00e8ncies a la Comunitat Valenciana: 1 a la prov\u00edncia de Castell\u00f3, 1 a la prov\u00edncia d&#8217;Alacant i 4 a la prov\u00edncia de Val\u00e8ncia.<\/p>\n\n\n\n<p class=\"wp-block-paragraph\">Actualitzaci\u00f3 brots de coronavirus<\/p>\n\n\n\n<p class=\"wp-block-paragraph\">Nous brots:<\/p>\n\n\n\n<p class=\"wp-block-paragraph\">\u00b7 Massamagrell: 8 casos. origen social<\/p>\n\n\n\n<p class=\"wp-block-paragraph\">\u00b7 Val\u00e8ncia: 6 casos. origen social<\/p>\n\n\n\n<p class=\"wp-block-paragraph\">\u00b7 Castell\u00f3 de la Plana: 5 casos. origen laboral<\/p>\n\n\n\n<p class=\"wp-block-paragraph\">\u00b7 Cox: 24 casos. origen social<\/p>\n\n\n\n<p class=\"wp-block-paragraph\">\u00b7 Pilar de la Horadada: 8 casos. origen social<\/p>\n\n\n\n<p class=\"wp-block-paragraph\">\u00b7 Alfafar: 5 casos. origen social<\/p>\n\n\n\n<p class=\"wp-block-paragraph\">\u00b7 Onda: 3 casos. origen laboral<\/p>\n\n\n\n<p class=\"wp-block-paragraph\">\u00b7 Castell\u00f3 de la Plana: 3 casos. origen educatiu<\/p>\n\n\n\n<p class=\"wp-block-paragraph\">\u00b7 Onda: 3 casos. origen social<\/p>\n\n\n\n<p class=\"wp-block-paragraph\">\u00b7 Val\u00e8ncia: 3 casos. origen social<\/p>\n\n\n\n<p class=\"wp-block-paragraph\">\u00b7 Ll\u00edria: 3 casos. origen laboral<\/p>\n\n\n\n<p class=\"wp-block-paragraph\">\u00b7 Torrevella: 4 casos: Origen laboral<\/p>\n\n\n\n<p class=\"wp-block-paragraph\">\u00b7 Requena: 6 casos. origen social<\/p>\n\n\n\n<p class=\"wp-block-paragraph\">\u00b7 Sagunt: 3 casos. origen social<\/p>\n\n\n\n<p class=\"wp-block-paragraph\">\u00b7 Castell\u00f3 de la Plana: 3 casos. origen social<\/p>\n\n\n\n<p class=\"wp-block-paragraph\">\u00b7 Vinar\u00f2s: 3 casos. origen social<\/p>\n\n\n\n<p class=\"wp-block-paragraph\">\u00b7 Vila-real: 3 casos. origen laboral<\/p>\n\n\n\n<p class=\"wp-block-paragraph\">\u00b7 Oriola: 7 casos. origen social<\/p>\n\n\n\n<p class=\"wp-block-paragraph\">\u00b7 Val\u00e8ncia: 4 casos. origen social<\/p>\n\n\n\n<p class=\"wp-block-paragraph\">\u00b7 Alcoi: 7 casos. origen laboral<\/p>\n\n\n\n<p class=\"wp-block-paragraph\">\u00b7 Paterna: 3 casos. origen social<\/p>\n\n\n\n<p class=\"wp-block-paragraph\">\u00b7 Cocentaina: 5 casos. origen social<\/p>\n\n\n\n<p class=\"wp-block-paragraph\">\u00b7 Cocentaina: 3 casos. origen social<\/p>\n","protected":false},"excerpt":{"rendered":"<div class=\"mh-excerpt\">La Conselleria de Sanitat Universal i Salut P\u00fablica ha registrat 761 nous contagis de coronavirus confirmats per prova PCR a la Comunitat Valenciana, que situen la xifra total de positius en 46.893 persones. Per prov\u00edncies, <a class=\"mh-excerpt-more\" href=\"https:\/\/tucomarca.whitekongsoftware.com\/ca\/lliria-i-requena-aporten-3-i-6-contagis-de-coronavirus-als-761-ultims-casos-detectats-a-la-comunitat-valenciana\/\" title=\"Ll\u00edria i Requena aporten 3 i 6 contagis de coronavirus als 761 \u00faltims casos detectats a la Comunitat Valenciana\">[+] <\/a><\/div>\n","protected":false},"author":1,"featured_media":103136,"comment_status":"open","ping_status":"open","sticky":false,"template":"","format":"standard","meta":{"footnotes":""},"categories":[10892,11010,12202,10898,10948,10894,10928,10903,10947,10908,10909,10896,10897],"tags":[10899,11939,11940,11952,11070,11099,10910],"class_list":["post-115956","post","type-post","status-publish","format-standard","has-post-thumbnail","category-camp-de-turia-ca","category-canal-salud","category-covid-19-ca","category-ventana-ca","category-infraestructuras-ca","category-la-comarca-ca","category-lliria-ca","category-medio-ambiente-la-comarca-ca","category-politica","category-requena-ca","category-requena-utiel-ca","category-seccion-ca","category-sucesos-la-comarca-ca","tag-camp-de-turia-ca","tag-coronavirus-ca","tag-covid-19-ca","tag-covid2019-ca","tag-lliria-ca","tag-requena-ca","tag-requena-utiel-ca"],"_links":{"self":[{"href":"https:\/\/tucomarca.whitekongsoftware.com\/ca\/wp-json\/wp\/v2\/posts\/115956","targetHints":{"allow":["GET"]}}],"collection":[{"href":"https:\/\/tucomarca.whitekongsoftware.com\/ca\/wp-json\/wp\/v2\/posts"}],"about":[{"href":"https:\/\/tucomarca.whitekongsoftware.com\/ca\/wp-json\/wp\/v2\/types\/post"}],"author":[{"embeddable":true,"href":"https:\/\/tucomarca.whitekongsoftware.com\/ca\/wp-json\/wp\/v2\/users\/1"}],"replies":[{"embeddable":true,"href":"https:\/\/tucomarca.whitekongsoftware.com\/ca\/wp-json\/wp\/v2\/comments?post=115956"}],"version-history":[{"count":0,"href":"https:\/\/tucomarca.whitekongsoftware.com\/ca\/wp-json\/wp\/v2\/posts\/115956\/revisions"}],"wp:featuredmedia":[{"embeddable":true,"href":"https:\/\/tucomarca.whitekongsoftware.com\/ca\/wp-json\/wp\/v2\/media\/103136"}],"wp:attachment":[{"href":"https:\/\/tucomarca.whitekongsoftware.com\/ca\/wp-json\/wp\/v2\/media?parent=115956"}],"wp:term":[{"taxonomy":"category","embeddable":true,"href":"https:\/\/tucomarca.whitekongsoftware.com\/ca\/wp-json\/wp\/v2\/categories?post=115956"},{"taxonomy":"post_tag","embeddable":true,"href":"https:\/\/tucomarca.whitekongsoftware.com\/ca\/wp-json\/wp\/v2\/tags?post=115956"}],"curies":[{"name":"wp","href":"https:\/\/api.w.org\/{rel}","templated":true}]}}