{"id":115931,"date":"2020-10-15T08:00:38","date_gmt":"2020-10-15T06:00:38","guid":{"rendered":"http:\/\/www.tucomarca.com\/wordpress\/segunda\/?p=115931"},"modified":"2020-10-15T10:58:08","modified_gmt":"2020-10-15T08:58:08","slug":"gabriela-bravo-trasllada-a-ministre-de-justicia-la-necessitat-de-crear-10-nous-organs-judicials-a-la-comunitat-valenciana","status":"publish","type":"post","link":"https:\/\/tucomarca.whitekongsoftware.com\/ca\/gabriela-bravo-trasllada-a-ministre-de-justicia-la-necessitat-de-crear-10-nous-organs-judicials-a-la-comunitat-valenciana\/","title":{"rendered":"Gabriela Bravo trasllada a ministre de Just\u00edcia la necessitat de crear 10 nous \u00f2rgans judicials a la Comunitat Valenciana"},"content":{"rendered":"\n<p class=\"wp-block-paragraph\">La consellera de Just\u00edcia, Interior i Administraci\u00f3 P\u00fablica, Gabriela Bravo, ha traslladat a el ministre de Just\u00edcia Juan Carlos Campo, la necessitat de crear deu nous \u00f2rgans judicials a la Comunitat Valenciana. Els dos mandataris s&#8217;han reunit aquest dimecres a la seu la Conselleria a Val\u00e8ncia per analitzar la situaci\u00f3 de l&#8217;Administraci\u00f3 de Just\u00edcia a les tres prov\u00edncies.<\/p>\n\n\n\n<p class=\"wp-block-paragraph\">La consellera ha explicat que &#8220;cal augmentar el nombre de jutjats&#8221; en els partits de Val\u00e8ncia, Ll\u00edria Sagunt, Alacant, Benidorm, Elx, D\u00e9nia i Castell\u00f3. D&#8217;aquesta manera, la proposta de la Conselleria passa per la creaci\u00f3 de sis nous jutjats de viol\u00e8ncia sobre la dona per als partits judicials de Valncia, Sagunt, Alzira, Ll\u00edria i dos per Alacant. A aix\u00f2 se li sumaria la creaci\u00f3 de la Secci\u00f3 4a de l&#8217;Audi\u00e8ncia Provincial de Castell\u00f3 amb id\u00e8ntica especialitzaci\u00f3.<\/p>\n\n\n\n<p class=\"wp-block-paragraph\">Aquest augment de la planta judicial es completaria amb refor\u00e7os per a les jurisdiccions del Social, Mercantil i la Primera Inst\u00e0ncia. En aquest sentit, en la proposta s&#8217;especifica un jutjat social per Val\u00e8ncia i Benidorm i un altre del Mercantil per al partit judicial d&#8217;Elx mentre que el de D\u00e9nia rebria un de Primera Inst\u00e0ncia.<\/p>\n\n\n\n<p class=\"wp-block-paragraph\">Per a la consellera, &#8220;\u00e9s especialment preocupant la situaci\u00f3 en la jurisdicci\u00f3 del Social&#8221; pel que ha anunciat la creaci\u00f3 d &#8216; &#8220;un pla de refor\u00e7 conjunt entre el Ministeri i la Conselleria&#8221; que permeti reactivar l&#8217;agenda judicial perqu\u00e8 &#8220;\u00e9s insostenible que estiguin assenyalant judicis per a l&#8217;any 2022 &#8220;. Per aix\u00f2, si el Ministeri de Just\u00edcia crea els jutjats, la Generalitat es compromet a dotar-los de mitjans i personal en el menor temps possible.<\/p>\n\n\n\n<p class=\"wp-block-paragraph\">La consellera ha explicat a el ministre que, segons l&#8217;\u00faltim informe de Consell General de Poder Judicial referent a l&#8217;any 2019, la taxa de jutges i magistrats per cada 100.000 habitants \u00e9s de 11,3 a la Comunitat Valenciana quan la mitjana nacional \u00e9s de 11, 9.<\/p>\n\n\n\n<p class=\"wp-block-paragraph\">A m\u00e9s, Gabriela Bravo ha indicat que la situaci\u00f3 provocada per la declaraci\u00f3 de l&#8217;estat d&#8217;alarma el passat 14 de mar\u00e7 que ha provocat la suspensi\u00f3 de m\u00e9s de 20.000 judicis &#8220;fa necess\u00e0ria l&#8217;elaboraci\u00f3 d&#8217;un pla de refor\u00e7 conjunt&#8221; per corregir la situaci\u00f3.<\/p>\n\n\n\n<p class=\"wp-block-paragraph\">Per la seva banda, el ministre ha assegurat que, davant la proposta de la consellera, el Govern espanyol va a fer &#8220;el major esfor\u00e7 possible&#8221; per augmentar la planta judicial valenciana.<\/p>\n","protected":false},"excerpt":{"rendered":"<div class=\"mh-excerpt\">La consellera de Just\u00edcia, Interior i Administraci\u00f3 P\u00fablica, Gabriela Bravo, ha traslladat a el ministre de Just\u00edcia Juan Carlos Campo, la necessitat de crear deu nous \u00f2rgans judicials a la Comunitat Valenciana. Els dos mandataris <a class=\"mh-excerpt-more\" href=\"https:\/\/tucomarca.whitekongsoftware.com\/ca\/gabriela-bravo-trasllada-a-ministre-de-justicia-la-necessitat-de-crear-10-nous-organs-judicials-a-la-comunitat-valenciana\/\" title=\"Gabriela Bravo trasllada a ministre de Just\u00edcia la necessitat de crear 10 nous \u00f2rgans judicials a la Comunitat Valenciana\">[+] <\/a><\/div>\n","protected":false},"author":1,"featured_media":115929,"comment_status":"open","ping_status":"open","sticky":false,"template":"","format":"standard","meta":{"footnotes":""},"categories":[10889,10892,10898,10948,10894,10904,10902,10928,10947,10896,10897],"tags":[10402,11192,10899,10395,1280,12791,11077,3640,10396,11070],"class_list":["post-115931","post","type-post","status-publish","format-standard","has-post-thumbnail","category-alzira-cat","category-camp-de-turia-ca","category-ventana-ca","category-infraestructuras-ca","category-la-comarca-ca","category-sin-categorizar-ca","category-la-ribera-ca","category-lliria-ca","category-politica","category-seccion-ca","category-sucesos-la-comarca-ca","tag-alzira","tag-alzira-ca","tag-camp-de-turia-ca","tag-camp-de-turia","tag-juzgados","tag-juzgados-ca","tag-la-ribera-alta-ca","tag-la-ribera-alta","tag-lliria","tag-lliria-ca"],"_links":{"self":[{"href":"https:\/\/tucomarca.whitekongsoftware.com\/ca\/wp-json\/wp\/v2\/posts\/115931","targetHints":{"allow":["GET"]}}],"collection":[{"href":"https:\/\/tucomarca.whitekongsoftware.com\/ca\/wp-json\/wp\/v2\/posts"}],"about":[{"href":"https:\/\/tucomarca.whitekongsoftware.com\/ca\/wp-json\/wp\/v2\/types\/post"}],"author":[{"embeddable":true,"href":"https:\/\/tucomarca.whitekongsoftware.com\/ca\/wp-json\/wp\/v2\/users\/1"}],"replies":[{"embeddable":true,"href":"https:\/\/tucomarca.whitekongsoftware.com\/ca\/wp-json\/wp\/v2\/comments?post=115931"}],"version-history":[{"count":0,"href":"https:\/\/tucomarca.whitekongsoftware.com\/ca\/wp-json\/wp\/v2\/posts\/115931\/revisions"}],"wp:featuredmedia":[{"embeddable":true,"href":"https:\/\/tucomarca.whitekongsoftware.com\/ca\/wp-json\/wp\/v2\/media\/115929"}],"wp:attachment":[{"href":"https:\/\/tucomarca.whitekongsoftware.com\/ca\/wp-json\/wp\/v2\/media?parent=115931"}],"wp:term":[{"taxonomy":"category","embeddable":true,"href":"https:\/\/tucomarca.whitekongsoftware.com\/ca\/wp-json\/wp\/v2\/categories?post=115931"},{"taxonomy":"post_tag","embeddable":true,"href":"https:\/\/tucomarca.whitekongsoftware.com\/ca\/wp-json\/wp\/v2\/tags?post=115931"}],"curies":[{"name":"wp","href":"https:\/\/api.w.org\/{rel}","templated":true}]}}