{"id":115915,"date":"2020-10-14T23:58:35","date_gmt":"2020-10-14T21:58:35","guid":{"rendered":"http:\/\/www.tucomarca.com\/wordpress\/segunda\/?p=115915"},"modified":"2020-10-15T00:19:40","modified_gmt":"2020-10-14T22:19:40","slug":"video-el-cd-bunol-hace-historia-y-jugara-la-ronda-previa-de-la-copa-del-rey","status":"publish","type":"post","link":"https:\/\/tucomarca.whitekongsoftware.com\/ca\/video-el-cd-bunol-hace-historia-y-jugara-la-ronda-previa-de-la-copa-del-rey\/","title":{"rendered":"V\u00eddeo: El CD Bunyol fa hist\u00f2ria i jugar\u00e0 la ronda pr\u00e8via de la Copa d&#8217;el Rei"},"content":{"rendered":"\n<figure class=\"wp-block-embed-youtube wp-block-embed is-type-video is-provider-youtube wp-embed-aspect-16-9 wp-has-aspect-ratio\"><div class=\"wp-block-embed__wrapper\">\n<iframe loading=\"lazy\" title=\"V\u00eddeo: El CD Bu\u00f1ol hace historia y jugar\u00e1 la ronda previa de la Copa del Rey\" width=\"500\" height=\"281\" src=\"https:\/\/www.youtube.com\/embed\/RkJyGrSNrkg?feature=oembed\" frameborder=\"0\" allow=\"accelerometer; autoplay; clipboard-write; encrypted-media; gyroscope; picture-in-picture; web-share\" referrerpolicy=\"strict-origin-when-cross-origin\" allowfullscreen><\/iframe>\n<\/div><\/figure>\n\n\n\n<p class=\"wp-block-paragraph\">El Club Esportiu Bunyol ha escrit en els llibres d&#8217;hist\u00f2ria la data d&#8217;aquest dimecres, 14 d&#8217;octubre. Una jornada en qu\u00e8 l&#8217;equip blanc, que milita a Regional Preferent, s&#8217;ha imposat per un gol a zero a un conjunt de Tercera Divisi\u00f3, el CD Benicarl\u00f3, a la Ciutat Esportiva Pamesa de Vila-real.<\/p>\n\n\n\n<p class=\"wp-block-paragraph\">Amb aquest triomf aconseguit amb un solitari gol d&#8217;Albert a quatre minuts sobre el temps reglamentari ia punt d&#8217;arribar als penals, l&#8217;equip bu\u00f1olense es converteix en el primer de la seva categoria que jugar\u00e0 la ronda pr\u00e8via a entrar al bombo per al sorteig de els emparellaments de la Copa de Sa Majestat el Rei 2020-21.<\/p>\n\n\n\n<p class=\"wp-block-paragraph\">Una circumst\u00e0ncia que a m\u00e9s cobra una especial significat a l&#8217;complir-se el proper any el primer centenari de el club blanc; un equip que a m\u00e9s aquesta temporada s&#8217;ha vist privat un meritat ascens a Tercera Divisi\u00f3 a l&#8217;caure derrotat contra el Rayo Ibense en el partit de l&#8217;play off d&#8217;ascens que a causa de la pand\u00e8mia de coronavirus va haver de jugar-se a partit \u00fanic.<\/p>\n\n\n\n<p class=\"wp-block-paragraph\">Amb aquesta gran vict\u00f2ria de l&#8217;CD Bunyol, el conjunt de l&#8217;Hoya haur\u00e0 de mesurar-se ara amb el campi\u00f3 d&#8217;una altra comunitat aut\u00f2noma i, de sortir victori\u00f3s, entrar\u00e0 al bombo per poder competir davant de qualsevol equip de Primera Divisi\u00f3, a excepci\u00f3 dels que han disputat la Supercopa d&#8217;Espanya.<\/p>\n\n\n\n<p class=\"wp-block-paragraph\"><strong>Un partit jugat de tu a tu.<\/strong><\/p>\n\n\n\n<p class=\"wp-block-paragraph\">El Club Esportiu Bunyol b\u00e9 pot dir que ha estat mereixedor de jugar la Copa d&#8217;el Rei despr\u00e9s d&#8217;arribar aqu\u00ed amb una empat a 2 gols a Villanueva de Castell\u00f3n enfront de la UD Castellonenca en el qual Pastor va fer doblet; i despr\u00e9s de la seva vict\u00f2ria en el feu de l&#8217;Beltr\u00e1n B\u00e1guena diumenge passat amb un gol de penal de Mario.<\/p>\n\n\n\n<p class=\"wp-block-paragraph\">Per la seua enfrontament contra el CD Benicarl\u00f3, el m\u00edster, Adri\u00e1n Ferrandis, ha conformat un equip compost per Paco a la porteria; Adri\u00e1n, Amador, V\u00edctor i Mario a la defensa; acompanyats davant per Mateos, Gonza, \u00d3scar Moreno i Jon\u00e0s; i amb Pastor i Dani a la davantera.<\/p>\n\n\n\n<p class=\"wp-block-paragraph\">Amb pr\u00e0cticament el mateix conjunt que en els seus anteriors enfrontaments, aquest dimecres els blancs ha reblat la seva feina plantant cara a tot un Tercera Divisi\u00f3 a qu\u00e8 han jugat de tu a tu i que per moments han arribat a dominar, especialment a partir de el minut 61 de joc, quan l&#8217;expulsi\u00f3 Coqui per als de l&#8217;Benicarl\u00f3 per doble targeta groga ha posat els blancs amb una crucial avantatge que b\u00e9 han sabut aprofitar.<\/p>\n\n\n\n<p class=\"wp-block-paragraph\">I \u00e9s que si b\u00e9 la primera meitat ha estat for\u00e7a igualada en el joc, amb ocasions per a tots dos conjunts que han ofert un espectacle molt entretingut; els primers minuts de la segona meitat han estat d&#8217;un major domini dels de Benicarl\u00f3, amb ocasions clares entre les que es troba un tret a el pal de la meta defensada per Paco, que ha estat una de les peces claus del seu equip amb diverses de les seves intervencions.<\/p>\n\n\n\n<p class=\"wp-block-paragraph\">Despr\u00e9s de l&#8217;expulsi\u00f3, els blancs s&#8217;han vingut amunt i han imposat un clar domini de el joc, que ha tingut el seu premi a quatre minuts sobre el temps reglamentari i a tot just uns segons per finalitzar el partit.<\/p>\n\n\n\n<figure class=\"wp-block-image\"><img loading=\"lazy\" decoding=\"async\" width=\"1024\" height=\"682\" src=\"http:\/\/www.tucomarca.com\/wordpress\/segunda\/wp-content\/uploads\/2020\/10\/CDBunyolCopa2-1024x682.jpeg\" alt=\"\" class=\"wp-image-115907\" srcset=\"https:\/\/tucomarca.whitekongsoftware.com\/wp-content\/uploads\/2020\/10\/CDBunyolCopa2-1024x682.jpeg 1024w, https:\/\/tucomarca.whitekongsoftware.com\/wp-content\/uploads\/2020\/10\/CDBunyolCopa2-300x200.jpeg 300w, https:\/\/tucomarca.whitekongsoftware.com\/wp-content\/uploads\/2020\/10\/CDBunyolCopa2-768x512.jpeg 768w, https:\/\/tucomarca.whitekongsoftware.com\/wp-content\/uploads\/2020\/10\/CDBunyolCopa2.jpeg 1600w\" sizes=\"auto, (max-width: 1024px) 100vw, 1024px\" \/><\/figure>\n","protected":false},"excerpt":{"rendered":"<div class=\"mh-excerpt\">El Club Esportiu Bunyol ha escrit en els llibres d&#8217;hist\u00f2ria la data d&#8217;aquest dimecres, 14 d&#8217;octubre. Una jornada en qu\u00e8 l&#8217;equip blanc, que milita a Regional Preferent, s&#8217;ha imposat per un gol a zero a <a class=\"mh-excerpt-more\" href=\"https:\/\/tucomarca.whitekongsoftware.com\/ca\/video-el-cd-bunol-hace-historia-y-jugara-la-ronda-previa-de-la-copa-del-rey\/\" title=\"V\u00eddeo: El CD Bunyol fa hist\u00f2ria i jugar\u00e0 la ronda pr\u00e8via de la Copa d&#8217;el Rei\">[+] <\/a><\/div>\n","protected":false},"author":1,"featured_media":115906,"comment_status":"open","ping_status":"open","sticky":false,"template":"","format":"video","meta":{"footnotes":""},"categories":[10911,11015,11003,10898,10904,10912,10896,11062],"tags":[537,44,5952],"class_list":["post-115915","post","type-post","status-publish","format-video","has-post-thumbnail","category-bunol-ca","category-canal-futbol","category-sports","category-ventana-ca","category-sin-categorizar-ca","category-la-hoya-ca","category-seccion-ca","category-videos","tag-cd-bunol","tag-futbol","tag-la-hoya-de-bunol-chiva","post_format-post-format-video"],"_links":{"self":[{"href":"https:\/\/tucomarca.whitekongsoftware.com\/ca\/wp-json\/wp\/v2\/posts\/115915","targetHints":{"allow":["GET"]}}],"collection":[{"href":"https:\/\/tucomarca.whitekongsoftware.com\/ca\/wp-json\/wp\/v2\/posts"}],"about":[{"href":"https:\/\/tucomarca.whitekongsoftware.com\/ca\/wp-json\/wp\/v2\/types\/post"}],"author":[{"embeddable":true,"href":"https:\/\/tucomarca.whitekongsoftware.com\/ca\/wp-json\/wp\/v2\/users\/1"}],"replies":[{"embeddable":true,"href":"https:\/\/tucomarca.whitekongsoftware.com\/ca\/wp-json\/wp\/v2\/comments?post=115915"}],"version-history":[{"count":0,"href":"https:\/\/tucomarca.whitekongsoftware.com\/ca\/wp-json\/wp\/v2\/posts\/115915\/revisions"}],"wp:featuredmedia":[{"embeddable":true,"href":"https:\/\/tucomarca.whitekongsoftware.com\/ca\/wp-json\/wp\/v2\/media\/115906"}],"wp:attachment":[{"href":"https:\/\/tucomarca.whitekongsoftware.com\/ca\/wp-json\/wp\/v2\/media?parent=115915"}],"wp:term":[{"taxonomy":"category","embeddable":true,"href":"https:\/\/tucomarca.whitekongsoftware.com\/ca\/wp-json\/wp\/v2\/categories?post=115915"},{"taxonomy":"post_tag","embeddable":true,"href":"https:\/\/tucomarca.whitekongsoftware.com\/ca\/wp-json\/wp\/v2\/tags?post=115915"}],"curies":[{"name":"wp","href":"https:\/\/api.w.org\/{rel}","templated":true}]}}