{"id":115881,"date":"2020-10-14T21:07:13","date_gmt":"2020-10-14T19:07:13","guid":{"rendered":"http:\/\/www.tucomarca.com\/wordpress\/segunda\/?p=115881"},"modified":"2020-10-14T21:08:55","modified_gmt":"2020-10-14T19:08:55","slug":"xest-es-seleccionat-per-a-participar-en-el-festival-darquitectura-openhouse-organitzant-un-recorregut-pel-seu-patrimoni","status":"publish","type":"post","link":"https:\/\/tucomarca.whitekongsoftware.com\/ca\/xest-es-seleccionat-per-a-participar-en-el-festival-darquitectura-openhouse-organitzant-un-recorregut-pel-seu-patrimoni\/","title":{"rendered":"Xest \u00e9s seleccionat per a participar en el festival d&#8217;arquitectura OpenHouse organitzant un recorregut pel seu patrimoni"},"content":{"rendered":"\n<p class=\"wp-block-paragraph\">Divendres que ve, 16 d&#8217;octubre, se celebrar\u00e0 un recorregut cultural obert a el p\u00fablic per l&#8217;arquitectura, el patrimoni i l&#8217;urbanisme de Xest, en el marc de festival d&#8217;arquitectura de Val\u00e8ncia Openhouse, organitzat per l&#8217;Acad\u00e8mia Europea de Paisatge Urb\u00e0. La finalitat d&#8217;aquesta iniciativa \u00e9s donar a con\u00e8ixer i posar en valor el patrimoni arquitect\u00f2nic a trav\u00e9s de diferents activitats, entre elles els &#8220;Open Walk&#8221; o rutes guiades en les que, en aquesta ocasi\u00f3, participar\u00e0 Xest.<\/p>\n\n\n\n<p class=\"wp-block-paragraph\">&#8220;Que la nostra poblaci\u00f3 hagi estat seleccionada per participar en aquest festival \u00e9s un reconeixement a l&#8217;arquitectura nova que estem desenvolupant, dividint la poblaci\u00f3 en cinc zones amb est\u00e8tiques diferenciades, i a la jove arquitecta local Irene Soriano, l&#8217;estudi Eseiesa s&#8217;ha encarregat de la reurbanitzaci\u00f3 dels carrers Antonino i Sequiers &#8220;, explica l&#8217;alcalde, Jos\u00e9 Morell. &#8220;El recorregut que s&#8217;ha organitzat inclou la visita a la Universitat Laboral, que compleix 50 anys sent un referent en els \u00e0mbits de l&#8217;arquitectura i l&#8217;educaci\u00f3&#8221;.<\/p>\n\n\n\n<p class=\"wp-block-paragraph\"><strong>La ruta<\/strong><\/p>\n\n\n\n<p class=\"wp-block-paragraph\">La ruta comen\u00e7ar\u00e0 a les 16:30 hores amb un passeig arquitect\u00f2nic per la Universitat Laboral, a c\u00e0rrec de Carmen Jord\u00e1 Such, arquitecta i catedr\u00e0tica de la Universitat Polit\u00e8cnica de Val\u00e8ncia, i l&#8217;arquitecte i professor Fernando Uso Mart\u00edn.<\/p>\n\n\n\n<p class=\"wp-block-paragraph\">Ja en el casc urb\u00e0, la seg\u00fcent parada ser\u00e0 a la Casa Valterra, on es realitzaran dues presentacions a partir de les 17:45 hores. En primer lloc, Irene Soriano exposar\u00e0 el cat\u00e0leg urb\u00e0 i la reurbanitzaci\u00f3 de carrers de casc hist\u00f2ric de Xest i, despr\u00e9s d&#8217;ella, l&#8217;arquitecte restaurador Salvador Vila realitzar\u00e0 una pon\u00e8ncia sobre la rehabilitaci\u00f3 de la Casa Valterra i parlar\u00e0 sobre l&#8217;Esgl\u00e9sia de Xest com a patrimoni cultural valenci\u00e0. Les dues exposicions seran moderades per Morell.<\/p>\n\n\n\n<p class=\"wp-block-paragraph\">A partir de les 19:30 comen\u00e7ar\u00e0 una visita panor\u00e0mica de la torre de l&#8217;esgl\u00e9sia i un recorregut guiat per la carrers reurbanitzats.<\/p>\n\n\n\n<p class=\"wp-block-paragraph\"><strong>Com participar<\/strong><\/p>\n\n\n\n<p class=\"wp-block-paragraph\">Les persones interessades poden inscriure a trav\u00e9s del web openhousevalencia.org, al men\u00fa d&#8217;activitats, accedint a la informaci\u00f3 de l &#8216; &#8220;open walk&#8221; de Xest.<\/p>\n","protected":false},"excerpt":{"rendered":"<div class=\"mh-excerpt\">Divendres que ve, 16 d&#8217;octubre, se celebrar\u00e0 un recorregut cultural obert a el p\u00fablic per l&#8217;arquitectura, el patrimoni i l&#8217;urbanisme de Xest, en el marc de festival d&#8217;arquitectura de Val\u00e8ncia Openhouse, organitzat per l&#8217;Acad\u00e8mia Europea <a class=\"mh-excerpt-more\" href=\"https:\/\/tucomarca.whitekongsoftware.com\/ca\/xest-es-seleccionat-per-a-participar-en-el-festival-darquitectura-openhouse-organitzant-un-recorregut-pel-seu-patrimoni\/\" title=\"Xest \u00e9s seleccionat per a participar en el festival d&#8217;arquitectura OpenHouse organitzant un recorregut pel seu patrimoni\">[+] <\/a><\/div>\n","protected":false},"author":12,"featured_media":115879,"comment_status":"open","ping_status":"open","sticky":false,"template":"","format":"standard","meta":{"footnotes":""},"categories":[10948,10894,10912,11007,10896,10974],"tags":[10470,7938,5952,12782],"class_list":["post-115881","post","type-post","status-publish","format-standard","has-post-thumbnail","category-infraestructuras-ca","category-la-comarca-ca","category-la-hoya-ca","category-ocio-y-cultura-ca","category-seccion-ca","category-cheste-ca","tag-ayuntamiento-de-cheste","tag-ce-cheste","tag-la-hoya-de-bunol-chiva","tag-openhouse"],"_links":{"self":[{"href":"https:\/\/tucomarca.whitekongsoftware.com\/ca\/wp-json\/wp\/v2\/posts\/115881","targetHints":{"allow":["GET"]}}],"collection":[{"href":"https:\/\/tucomarca.whitekongsoftware.com\/ca\/wp-json\/wp\/v2\/posts"}],"about":[{"href":"https:\/\/tucomarca.whitekongsoftware.com\/ca\/wp-json\/wp\/v2\/types\/post"}],"author":[{"embeddable":true,"href":"https:\/\/tucomarca.whitekongsoftware.com\/ca\/wp-json\/wp\/v2\/users\/12"}],"replies":[{"embeddable":true,"href":"https:\/\/tucomarca.whitekongsoftware.com\/ca\/wp-json\/wp\/v2\/comments?post=115881"}],"version-history":[{"count":0,"href":"https:\/\/tucomarca.whitekongsoftware.com\/ca\/wp-json\/wp\/v2\/posts\/115881\/revisions"}],"wp:featuredmedia":[{"embeddable":true,"href":"https:\/\/tucomarca.whitekongsoftware.com\/ca\/wp-json\/wp\/v2\/media\/115879"}],"wp:attachment":[{"href":"https:\/\/tucomarca.whitekongsoftware.com\/ca\/wp-json\/wp\/v2\/media?parent=115881"}],"wp:term":[{"taxonomy":"category","embeddable":true,"href":"https:\/\/tucomarca.whitekongsoftware.com\/ca\/wp-json\/wp\/v2\/categories?post=115881"},{"taxonomy":"post_tag","embeddable":true,"href":"https:\/\/tucomarca.whitekongsoftware.com\/ca\/wp-json\/wp\/v2\/tags?post=115881"}],"curies":[{"name":"wp","href":"https:\/\/api.w.org\/{rel}","templated":true}]}}