{"id":115828,"date":"2020-10-14T14:45:36","date_gmt":"2020-10-14T12:45:36","guid":{"rendered":"http:\/\/www.tucomarca.com\/wordpress\/segunda\/?p=115828"},"modified":"2020-10-14T19:34:57","modified_gmt":"2020-10-14T17:34:57","slug":"leliana-subvencionara-amb-8-000-euros-els-monuments-de-les-falles-2020","status":"publish","type":"post","link":"https:\/\/tucomarca.whitekongsoftware.com\/ca\/leliana-subvencionara-amb-8-000-euros-els-monuments-de-les-falles-2020\/","title":{"rendered":"L&#8217;Eliana subvencionar\u00e0 amb 8.000 euros els monuments de les Falles 2020"},"content":{"rendered":"\n<p class=\"wp-block-paragraph\">L&#8217;Ajuntament de l&#8217;Eliana ha publicat les bases de les subvencions de monuments fallers majors i infantils, constru\u00efts amb motiu de la festivitat de les Falles 2020, i que es van quedar sense cremar a causa de la irrupci\u00f3 de la pand\u00e8mia del Covid-19.<\/p>\n\n\n\n<p class=\"wp-block-paragraph\">La mesura de la suspensi\u00f3 en vespres de l&#8217;inici de la celebraci\u00f3 de les Falles, ha suposat un greu perjudici per a les comissions festives, que ja havien escom\u00e9s si no tot, gran part de la despesa que comporta la festa i que fan necess\u00e0ria l&#8217;adopci\u00f3 d&#8217;iniciatives per a contribuir a mitigar la delicada situaci\u00f3 en la qual s&#8217;han vist afectades per les mesures adoptades per a contindre la malaltia.<\/p>\n\n\n\n<p class=\"wp-block-paragraph\">Les subvencions, es concediran en r\u00e8gim de concurr\u00e8ncia, a les 4 comissions falleres del municipi amb 2.000 euros cadascuna, que sumaran un import total de 8.000 euros.<\/p>\n\n\n\n<p class=\"wp-block-paragraph\">Per a l&#8217;edil de Cultura Festiva, Quique Mart\u00ednez, es tracta d&#8217;una mesura \u201camb la qual esperem mitigar els efectes de la crisi econ\u00f2mica en el sector, enfortint al gremi artes\u00e0 dels artistes fallers que ha vist redu\u00efda al m\u00ednim la seua activitat i protegir aix\u00ed el nostre Patrimoni Immaterial\u201d. Aquestes ajudes, ha recordat, se sumen a la col\u2022laboraci\u00f3 del consistori en la cessi\u00f3 dels locals, adoptada el mes de mar\u00e7 passat, per a depositar i conservar els monuments que van quedar sense cremar.<\/p>\n","protected":false},"excerpt":{"rendered":"<div class=\"mh-excerpt\">L&#8217;Ajuntament de l&#8217;Eliana ha publicat les bases de les subvencions de monuments fallers majors i infantils, constru\u00efts amb motiu de la festivitat de les Falles 2020, i que es van quedar sense cremar a causa <a class=\"mh-excerpt-more\" href=\"https:\/\/tucomarca.whitekongsoftware.com\/ca\/leliana-subvencionara-amb-8-000-euros-els-monuments-de-les-falles-2020\/\" title=\"L&#8217;Eliana subvencionar\u00e0 amb 8.000 euros els monuments de les Falles 2020\">[+] <\/a><\/div>\n","protected":false},"author":1,"featured_media":99962,"comment_status":"open","ping_status":"open","sticky":false,"template":"","format":"standard","meta":{"footnotes":""},"categories":[10892,12202,10948,10894,10893,11007,10947,10896],"tags":[10899,11939,11940,11172],"class_list":["post-115828","post","type-post","status-publish","format-standard","has-post-thumbnail","category-camp-de-turia-ca","category-covid-19-ca","category-infraestructuras-ca","category-la-comarca-ca","category-leliana-ca","category-ocio-y-cultura-ca","category-politica","category-seccion-ca","tag-camp-de-turia-ca","tag-coronavirus-ca","tag-covid-19-ca","tag-leliana-ca-2"],"_links":{"self":[{"href":"https:\/\/tucomarca.whitekongsoftware.com\/ca\/wp-json\/wp\/v2\/posts\/115828","targetHints":{"allow":["GET"]}}],"collection":[{"href":"https:\/\/tucomarca.whitekongsoftware.com\/ca\/wp-json\/wp\/v2\/posts"}],"about":[{"href":"https:\/\/tucomarca.whitekongsoftware.com\/ca\/wp-json\/wp\/v2\/types\/post"}],"author":[{"embeddable":true,"href":"https:\/\/tucomarca.whitekongsoftware.com\/ca\/wp-json\/wp\/v2\/users\/1"}],"replies":[{"embeddable":true,"href":"https:\/\/tucomarca.whitekongsoftware.com\/ca\/wp-json\/wp\/v2\/comments?post=115828"}],"version-history":[{"count":0,"href":"https:\/\/tucomarca.whitekongsoftware.com\/ca\/wp-json\/wp\/v2\/posts\/115828\/revisions"}],"wp:featuredmedia":[{"embeddable":true,"href":"https:\/\/tucomarca.whitekongsoftware.com\/ca\/wp-json\/wp\/v2\/media\/99962"}],"wp:attachment":[{"href":"https:\/\/tucomarca.whitekongsoftware.com\/ca\/wp-json\/wp\/v2\/media?parent=115828"}],"wp:term":[{"taxonomy":"category","embeddable":true,"href":"https:\/\/tucomarca.whitekongsoftware.com\/ca\/wp-json\/wp\/v2\/categories?post=115828"},{"taxonomy":"post_tag","embeddable":true,"href":"https:\/\/tucomarca.whitekongsoftware.com\/ca\/wp-json\/wp\/v2\/tags?post=115828"}],"curies":[{"name":"wp","href":"https:\/\/api.w.org\/{rel}","templated":true}]}}