{"id":115824,"date":"2020-10-14T15:00:42","date_gmt":"2020-10-14T13:00:42","guid":{"rendered":"http:\/\/www.tucomarca.com\/wordpress\/segunda\/?p=115824"},"modified":"2020-10-14T19:36:43","modified_gmt":"2020-10-14T17:36:43","slug":"lajuntament-de-requena-llanca-el-primer-pla-docupacio-local-requena-trabaja","status":"publish","type":"post","link":"https:\/\/tucomarca.whitekongsoftware.com\/ca\/lajuntament-de-requena-llanca-el-primer-pla-docupacio-local-requena-trabaja\/","title":{"rendered":"L&#8217;Ajuntament de Requena llan\u00e7a el primer Pla d&#8217;Ocupaci\u00f3 Local &#8220;Requena Trabaja&#8221;"},"content":{"rendered":"\n<p class=\"wp-block-paragraph\"><strong>L&#8217;objectiu del mateix \u00e9s lluitar contra la desocupaci\u00f3 provocat pel COVID-19 i refor\u00e7ar al seu torn certs servicis dotant-los de major efic\u00e0cia per a la ciutadania. El termini de presentaci\u00f3 d&#8217;inst\u00e0ncies finalitza el pr\u00f2xim 16 d&#8217;octubre<\/strong><\/p>\n\n\n\n<p class=\"wp-block-paragraph\">L&#8217;Ajuntament de Requena ha creat el primer pla d&#8217;ocupaci\u00f3 local &#8220;Requena Treballa&#8221;, per tal de combatre la desocupaci\u00f3 a causa de l&#8217;COVID-19, a el mateix temps que es reforcen alguns serveis p\u00fablics, dotant-los de major efic\u00e0cia i velocitat de resposta davant la ciutadania. El Pla d&#8217;Ocupaci\u00f3 es finan\u00e7ar\u00e0 amb c\u00e0rrec exclusiu a fons propis municipals, amb un cost total de 66.133 euros.<\/p>\n\n\n\n<p class=\"wp-block-paragraph\">Mitjan\u00e7ant el mateix es realitzar\u00e0 la contractaci\u00f3 de tretze persones desocupades durant un per\u00edode de 3 mesos. El termini de presentaci\u00f3 d&#8217;inst\u00e0ncies per a optar a qualsevol dels llocs oferts finalitza el proper 16 d&#8217;octubre.<\/p>\n\n\n\n<p class=\"wp-block-paragraph\">Els requisits de les persones sol\u00b7licitants s\u00f3n, entre d&#8217;altres: Posseir la nacionalitat espanyola, la d&#8217;un Estat membre de la Uni\u00f3 Europea o ser estranger amb resid\u00e8ncia legal a Espanya, tenir resid\u00e8ncia legal a la Comunitat Valenciana, estar empadronat al municipi de Requena i en situaci\u00f3 d&#8217;atur i inscrit com a demandant d&#8217;ocupaci\u00f3 en els centres Labora de el Servei Valenci\u00e0 d&#8217;ocupaci\u00f3 i Formaci\u00f3. Tenir complerts els 16 anys i no excedir, si escau, de l&#8217;edat m\u00e0xima de jubilaci\u00f3 for\u00e7osa.<\/p>\n\n\n\n<p class=\"wp-block-paragraph\">D&#8217;entre els llocs de treball que s&#8217;oferixen cal destacar els d&#8217;oficial 1r d&#8217;obres, conserge, pe\u00f3 d&#8217;usos m\u00faltiples, oficial de pintura, auxiliar administratiu o auxiliar de l&#8217;SAD.<\/p>\n\n\n\n<p class=\"wp-block-paragraph\">Les persones interessades poden consultar les bases d&#8217;aquesta convocat\u00f2ria en el tauler d&#8217;anuncis electr\u00f2nic de l&#8217;consistori i visitant la p\u00e0gina web de l&#8217;Ajuntament. Informa, <strong>Luis Ib\u00e1\u00f1ez<\/strong>.<\/p>\n","protected":false},"excerpt":{"rendered":"<div class=\"mh-excerpt\">L&#8217;objectiu del mateix \u00e9s lluitar contra la desocupaci\u00f3 provocat pel COVID-19 i refor\u00e7ar al seu torn certs servicis dotant-los de major efic\u00e0cia per a la ciutadania. El termini de presentaci\u00f3 d&#8217;inst\u00e0ncies finalitza el pr\u00f2xim 16 <a class=\"mh-excerpt-more\" href=\"https:\/\/tucomarca.whitekongsoftware.com\/ca\/lajuntament-de-requena-llanca-el-primer-pla-docupacio-local-requena-trabaja\/\" title=\"L&#8217;Ajuntament de Requena llan\u00e7a el primer Pla d&#8217;Ocupaci\u00f3 Local &#8220;Requena Trabaja&#8221;\">[+] <\/a><\/div>\n","protected":false},"author":12,"featured_media":115823,"comment_status":"open","ping_status":"open","sticky":false,"template":"","format":"standard","meta":{"footnotes":""},"categories":[10948,10894,10947,10908,10909,10896],"tags":[2850,12774,12775,10387],"class_list":["post-115824","post","type-post","status-publish","format-standard","has-post-thumbnail","category-infraestructuras-ca","category-la-comarca-ca","category-politica","category-requena-ca","category-requena-utiel-ca","category-seccion-ca","tag-ayuntamiento-de-requena","tag-plan-de-empleo-local","tag-requena-trabaja","tag-requena-utiel"],"_links":{"self":[{"href":"https:\/\/tucomarca.whitekongsoftware.com\/ca\/wp-json\/wp\/v2\/posts\/115824","targetHints":{"allow":["GET"]}}],"collection":[{"href":"https:\/\/tucomarca.whitekongsoftware.com\/ca\/wp-json\/wp\/v2\/posts"}],"about":[{"href":"https:\/\/tucomarca.whitekongsoftware.com\/ca\/wp-json\/wp\/v2\/types\/post"}],"author":[{"embeddable":true,"href":"https:\/\/tucomarca.whitekongsoftware.com\/ca\/wp-json\/wp\/v2\/users\/12"}],"replies":[{"embeddable":true,"href":"https:\/\/tucomarca.whitekongsoftware.com\/ca\/wp-json\/wp\/v2\/comments?post=115824"}],"version-history":[{"count":0,"href":"https:\/\/tucomarca.whitekongsoftware.com\/ca\/wp-json\/wp\/v2\/posts\/115824\/revisions"}],"wp:featuredmedia":[{"embeddable":true,"href":"https:\/\/tucomarca.whitekongsoftware.com\/ca\/wp-json\/wp\/v2\/media\/115823"}],"wp:attachment":[{"href":"https:\/\/tucomarca.whitekongsoftware.com\/ca\/wp-json\/wp\/v2\/media?parent=115824"}],"wp:term":[{"taxonomy":"category","embeddable":true,"href":"https:\/\/tucomarca.whitekongsoftware.com\/ca\/wp-json\/wp\/v2\/categories?post=115824"},{"taxonomy":"post_tag","embeddable":true,"href":"https:\/\/tucomarca.whitekongsoftware.com\/ca\/wp-json\/wp\/v2\/tags?post=115824"}],"curies":[{"name":"wp","href":"https:\/\/api.w.org\/{rel}","templated":true}]}}