{"id":115734,"date":"2020-10-14T10:59:28","date_gmt":"2020-10-14T08:59:28","guid":{"rendered":"http:\/\/www.tucomarca.com\/wordpress\/segunda\/?p=115734"},"modified":"2020-10-14T10:59:31","modified_gmt":"2020-10-14T08:59:31","slug":"el-circuit-de-xest-celebrara-a-porta-tancada-seus-dos-grans-premis","status":"publish","type":"post","link":"https:\/\/tucomarca.whitekongsoftware.com\/ca\/el-circuit-de-xest-celebrara-a-porta-tancada-seus-dos-grans-premis\/","title":{"rendered":"El Circuit de Xest celebrar\u00e0 a porta tancada seus dos grans premis"},"content":{"rendered":"\n<p class=\"wp-block-paragraph\">El Circuit Ricardo Tormo celebrar\u00e0 a porta tancada les seves dues cites del Campionat de M\u00f3n de Motociclisme els dies 8 i 15 del pr\u00f2xim mes de novembre. Aquesta determinaci\u00f3 s&#8217;ha pres per indicaci\u00f3 de les autoritats sanit\u00e0ries en una reuni\u00f3 mantinguda amb representants de la Conselleria de Sanitat i amb Esport de la Generalitat. Cal recordar que aquesta mesura s&#8217;ha adoptat a la resta de carreres de MotoGP celebrades en circuits espanyols.<\/p>\n\n\n\n<p class=\"wp-block-paragraph\">El Circuit Ricardo Tormo, en col\u00b7laboraci\u00f3 amb Esport de la Generalitat, Dorna i l&#8217;Ajuntament de Xest havia treballat en la possibilitat d&#8217;adequar un protocol per a la possible assist\u00e8ncia d&#8217;aficionats. Aix\u00f2 no obstant, analitzada la situaci\u00f3 seguint l&#8217;evoluci\u00f3 de la pand\u00e8mia, finalment el Gran Premi Motul de la Comunitat Valenciana, igual que el Gran Premi d&#8217;Europa, se celebrar\u00e0 a porta tancada.<\/p>\n\n\n\n<p class=\"wp-block-paragraph\">&#8220;Hem donat el m\u00e0xim, aquest \u00e9s el nostre comprom\u00eds amb els aficionats a l&#8217;motociclisme que sempre han omplert les grades de Circuit Ricardo Tormo&#8221; ha indicat el director general de Circuit, Gonzalo Gobert, i ha afegit: &#8220;Ser\u00e0 una situaci\u00f3 estranya tenir a els millors pilots de l&#8217;m\u00f3n a la pista i no poder comptar amb p\u00fablic a les grades, per\u00f2 prima la seguretat i la salut de tots i ja estem pensant en poder oferir la millor imatge de Circuit i de la Comunitat Valenciana als milions d&#8217;espectadors que ens seguiran per televisi\u00f3 &#8220;ha assenyalat.<\/p>\n\n\n\n<p class=\"wp-block-paragraph\"><strong>Reintegrament o bescanvi<\/strong><\/p>\n\n\n\n<p class=\"wp-block-paragraph\">El Circuit Ricardo Tormo ha ampliat el termini perqu\u00e8 els aficionats puguin sol\u00b7licitar el reintegrament de les seves localitats fins al 15 de novembre i ha obert la possibilitat que els que ho desitgin es quedin amb les seves entrades per a l&#8217;any 2021.<\/p>\n\n\n\n<p class=\"wp-block-paragraph\">Aquells que prefereixin la devoluci\u00f3 de diners, hauran d&#8217;omplir el corresponent formulari a la p\u00e0gina web de Circuit i els que trien mantenir les seves entrades per a 2021, no han de fer absolutament res perqu\u00e8 els seus seients queden autom\u00e0ticament reservats per a l&#8217;edici\u00f3 2021 del Gran Premi.<\/p>\n\n\n\n<p class=\"wp-block-paragraph\">Els dos grans premis se celebraran sota rigoroses mesures de seguretat per garantir que al final del Campionat de M\u00f3n de Motociclisme es dugui a terme sense contratemps. Al voltant de 1.500 persones entre pilots, equips i personal d&#8217;organitzaci\u00f3 dels esdeveniments, a m\u00e9s de l&#8217;equip necessari per fer la cobertura televisiva de l&#8217;mundial formaran una bombolla a Xest durant deu dies en qu\u00e8 es podrien decidir els t\u00edtols de Moto3, Moto2 i MotoGP.<\/p>\n","protected":false},"excerpt":{"rendered":"<div class=\"mh-excerpt\">El Circuit Ricardo Tormo celebrar\u00e0 a porta tancada les seves dues cites del Campionat de M\u00f3n de Motociclisme els dies 8 i 15 del pr\u00f2xim mes de novembre. Aquesta determinaci\u00f3 s&#8217;ha pres per indicaci\u00f3 de <a class=\"mh-excerpt-more\" href=\"https:\/\/tucomarca.whitekongsoftware.com\/ca\/el-circuit-de-xest-celebrara-a-porta-tancada-seus-dos-grans-premis\/\" title=\"El Circuit de Xest celebrar\u00e0 a porta tancada seus dos grans premis\">[+] <\/a><\/div>\n","protected":false},"author":1,"featured_media":115730,"comment_status":"open","ping_status":"open","sticky":false,"template":"","format":"standard","meta":{"footnotes":""},"categories":[12202,11003,10898,10912,11011,10896,10974],"tags":[11348,11939,11940,11074,10914],"class_list":["post-115734","post","type-post","status-publish","format-standard","has-post-thumbnail","category-covid-19-ca","category-sports","category-ventana-ca","category-la-hoya-ca","category-motociclismo-ca","category-seccion-ca","category-cheste-ca","tag-circuito-de-cheste-ca","tag-coronavirus-ca","tag-covid-19-ca","tag-deportes-ca","tag-la-hoya-de-bunol-chiva-ca"],"_links":{"self":[{"href":"https:\/\/tucomarca.whitekongsoftware.com\/ca\/wp-json\/wp\/v2\/posts\/115734","targetHints":{"allow":["GET"]}}],"collection":[{"href":"https:\/\/tucomarca.whitekongsoftware.com\/ca\/wp-json\/wp\/v2\/posts"}],"about":[{"href":"https:\/\/tucomarca.whitekongsoftware.com\/ca\/wp-json\/wp\/v2\/types\/post"}],"author":[{"embeddable":true,"href":"https:\/\/tucomarca.whitekongsoftware.com\/ca\/wp-json\/wp\/v2\/users\/1"}],"replies":[{"embeddable":true,"href":"https:\/\/tucomarca.whitekongsoftware.com\/ca\/wp-json\/wp\/v2\/comments?post=115734"}],"version-history":[{"count":0,"href":"https:\/\/tucomarca.whitekongsoftware.com\/ca\/wp-json\/wp\/v2\/posts\/115734\/revisions"}],"wp:featuredmedia":[{"embeddable":true,"href":"https:\/\/tucomarca.whitekongsoftware.com\/ca\/wp-json\/wp\/v2\/media\/115730"}],"wp:attachment":[{"href":"https:\/\/tucomarca.whitekongsoftware.com\/ca\/wp-json\/wp\/v2\/media?parent=115734"}],"wp:term":[{"taxonomy":"category","embeddable":true,"href":"https:\/\/tucomarca.whitekongsoftware.com\/ca\/wp-json\/wp\/v2\/categories?post=115734"},{"taxonomy":"post_tag","embeddable":true,"href":"https:\/\/tucomarca.whitekongsoftware.com\/ca\/wp-json\/wp\/v2\/tags?post=115734"}],"curies":[{"name":"wp","href":"https:\/\/api.w.org\/{rel}","templated":true}]}}