{"id":115672,"date":"2020-10-14T07:05:35","date_gmt":"2020-10-14T05:05:35","guid":{"rendered":"http:\/\/www.tucomarca.com\/wordpress\/segunda\/?p=115672"},"modified":"2020-10-14T14:29:13","modified_gmt":"2020-10-14T12:29:13","slug":"la-plataforma-14-dabril-per-la-iii-republica-i-la-coordinadora-del-pais-valencia-per-la-republica-convoquen-una-concentracio","status":"publish","type":"post","link":"https:\/\/tucomarca.whitekongsoftware.com\/ca\/la-plataforma-14-dabril-per-la-iii-republica-i-la-coordinadora-del-pais-valencia-per-la-republica-convoquen-una-concentracio\/","title":{"rendered":"La Plataforma 14 d&#8217;Abril per la III Rep\u00fablica i la Coordinadora del Pa\u00eds Valenci\u00e0 per la Rep\u00fablica convoquen una concentraci\u00f3"},"content":{"rendered":"\n<p class=\"wp-block-paragraph\">&#8220;La Plataforma 14 d&#8217;Abril a la Tercera Rep\u00fablica i la Coordinadora del Pa\u00eds Valenci\u00e0 per la Rep\u00fablica convoquem pel proper diumenge 18 d&#8217;octubre, a les 11 del mat\u00ed a la Pla\u00e7a de l&#8217;Ajuntament de Val\u00e8ncia una concentraci\u00f3 perqu\u00e8 el rei em\u00e8rit siga processat judicialment , la fi de la inviolabilitat de la monarquia i reivindicar la III Rep\u00fablica&#8221;, segons els convocants.<\/p>\n\n\n\n<p class=\"wp-block-paragraph\">&#8220;Aquesta mobilitzaci\u00f3 es produir\u00e0 simult\u00e0niament en gaireb\u00e9 totes les capitals d&#8217;Espanya partint la convocat\u00f2ria estatal de la Coordinadora Estatal Unit\u00e0ria per la III Rep\u00fablica que agrupa col\u00b7lectius, associacions, ateneus, partits i sindicats que defensem un proper futur republic\u00e0 per a Espanya. Cal posar fi a una monarquia heretada de la dictadura franquista i que la prefectura de l&#8217;Estat passi a ser escollida pel poble, una III Rep\u00fablica federal, democr\u00e0tica i socialment avan\u00e7ada&#8221;.<\/p>\n\n\n\n<p class=\"wp-block-paragraph\">&#8220;Per assolir el dret de poble a decidir en un Refer\u00e8ndum legal si volem seguir amb la monarquia o desitgem avan\u00e7ar amb la Rep\u00fablica cal que cent de milers, milions de ciutadanes i ciutadans ens mobilitzem de manera sostinguda en diverses convocat\u00f2ries de mobilitzaci\u00f3 per guanyar aquest dret democr\u00e0tic a l&#8217;Refer\u00e8ndum, per aquest motiu cridem a la ciutadania a sortir als carrers i places de les capitals de pa\u00eds Valenci\u00e0 i de tot Espanya a expressar aquesta justa reivindicaci\u00f3 a favor de la III Rep\u00fablica i que els presumptes delictes de rei em\u00e8rit fugit siguen jutjats per la just\u00edcia espanyola, aix\u00ed com derogar la inviolabilitat del rei, privilegi que cap persona espanyola t\u00e9&#8221;, afegeixen.<\/p>\n\n\n\n<p class=\"wp-block-paragraph\">Per a la concentraci\u00f3 de diumenge 18, a les 11 del mat\u00ed a la Pla\u00e7a de l&#8217;Ajuntament de Val\u00e8ncia la Plataforma 14 d&#8217;Abril per la III Rep\u00fablica i la Coordinadora del Pa\u00eds Valenci\u00e0 per la Rep\u00fablica recordem que cal assistir amb mascareta i respectar sempre la dist\u00e0ncia de seguretat.<\/p>\n\n\n\n<p class=\"wp-block-paragraph\">Donen suport aquesta convocat\u00f2ria: Intersindical Valenciana, SODEPAU, PODEM, PCPV, EUPV, Plataforma de Bunyol per la III Rep\u00fablica.<\/p>\n","protected":false},"excerpt":{"rendered":"<div class=\"mh-excerpt\">&#8220;La Plataforma 14 d&#8217;Abril a la Tercera Rep\u00fablica i la Coordinadora del Pa\u00eds Valenci\u00e0 per la Rep\u00fablica convoquem pel proper diumenge 18 d&#8217;octubre, a les 11 del mat\u00ed a la Pla\u00e7a de l&#8217;Ajuntament de Val\u00e8ncia <a class=\"mh-excerpt-more\" href=\"https:\/\/tucomarca.whitekongsoftware.com\/ca\/la-plataforma-14-dabril-per-la-iii-republica-i-la-coordinadora-del-pais-valencia-per-la-republica-convoquen-una-concentracio\/\" title=\"La Plataforma 14 d&#8217;Abril per la III Rep\u00fablica i la Coordinadora del Pa\u00eds Valenci\u00e0 per la Rep\u00fablica convoquen una concentraci\u00f3\">[+] <\/a><\/div>\n","protected":false},"author":12,"featured_media":115670,"comment_status":"open","ping_status":"open","sticky":false,"template":"","format":"standard","meta":{"footnotes":""},"categories":[10911,10894,10912,10947,10896],"tags":[12758,12757],"class_list":["post-115672","post","type-post","status-publish","format-standard","has-post-thumbnail","category-bunol-ca","category-la-comarca-ca","category-la-hoya-ca","category-politica","category-seccion-ca","tag-iii-republica","tag-plataforma-14-de-abril"],"_links":{"self":[{"href":"https:\/\/tucomarca.whitekongsoftware.com\/ca\/wp-json\/wp\/v2\/posts\/115672","targetHints":{"allow":["GET"]}}],"collection":[{"href":"https:\/\/tucomarca.whitekongsoftware.com\/ca\/wp-json\/wp\/v2\/posts"}],"about":[{"href":"https:\/\/tucomarca.whitekongsoftware.com\/ca\/wp-json\/wp\/v2\/types\/post"}],"author":[{"embeddable":true,"href":"https:\/\/tucomarca.whitekongsoftware.com\/ca\/wp-json\/wp\/v2\/users\/12"}],"replies":[{"embeddable":true,"href":"https:\/\/tucomarca.whitekongsoftware.com\/ca\/wp-json\/wp\/v2\/comments?post=115672"}],"version-history":[{"count":0,"href":"https:\/\/tucomarca.whitekongsoftware.com\/ca\/wp-json\/wp\/v2\/posts\/115672\/revisions"}],"wp:featuredmedia":[{"embeddable":true,"href":"https:\/\/tucomarca.whitekongsoftware.com\/ca\/wp-json\/wp\/v2\/media\/115670"}],"wp:attachment":[{"href":"https:\/\/tucomarca.whitekongsoftware.com\/ca\/wp-json\/wp\/v2\/media?parent=115672"}],"wp:term":[{"taxonomy":"category","embeddable":true,"href":"https:\/\/tucomarca.whitekongsoftware.com\/ca\/wp-json\/wp\/v2\/categories?post=115672"},{"taxonomy":"post_tag","embeddable":true,"href":"https:\/\/tucomarca.whitekongsoftware.com\/ca\/wp-json\/wp\/v2\/tags?post=115672"}],"curies":[{"name":"wp","href":"https:\/\/api.w.org\/{rel}","templated":true}]}}