{"id":115554,"date":"2020-10-09T13:00:43","date_gmt":"2020-10-09T11:00:43","guid":{"rendered":"http:\/\/www.tucomarca.com\/wordpress\/segunda\/?p=115554"},"modified":"2020-10-09T15:24:39","modified_gmt":"2020-10-09T13:24:39","slug":"la-comunitat-valenciana-rendix-homenatge-a-les-victimes-de-la-covid-19","status":"publish","type":"post","link":"https:\/\/tucomarca.whitekongsoftware.com\/ca\/la-comunitat-valenciana-rendix-homenatge-a-les-victimes-de-la-covid-19\/","title":{"rendered":"La Comunitat Valenciana rendix homenatge a les v\u00edctimes de la Covid-19"},"content":{"rendered":"\n<h4 class=\"wp-block-heading\"><strong>Ximo Puig ha presidit l&#8217;acte solemne de record a les persones que han perdut la vida a causa del coronavirus que s&#8217;ha celebrat en L&#8217;Umbracle de la Ciutat dels Arts<\/strong><\/h4>\n\n\n\n<h4 class=\"wp-block-heading\"><strong>El periodista Llu\u00eds Motes ha destacat &#8220;el colp brutal&#8221; que ha suposat la pand\u00e8mia i ha desitjat que la vida &#8220;no ens haguera portat a este momento&#8221;<\/strong><\/h4>\n\n\n\n<h4 class=\"wp-block-heading\"><strong>La doctora Esperanza Merino ha afirmat que el personal sanitari hi ha tractat d&#8217;afrontar la pand\u00e8mia davall el lema dels metges del segle XIX: &#8220;curar a vegades, alleujar sovint i acompanyar siempre&#8221;<\/strong><\/h4>\n\n\n\n<p class=\"wp-block-paragraph\">La Comunitat Valenciana ha rendit, aquest dijous, un homenatge a les v\u00edctimes de la pand\u00e8mia de COVID-19 en un acte que ha comptat amb l&#8217;assist\u00e8ncia de president de la Generalitat, Ximo Puig, i de la resta de membres de Consell. A m\u00e9s, han assistit persones afectades i familiars de persones mortes per coronavirus procedents de les diferents comarques valencianes, aix\u00ed com alcaldes i alcaldesses de les localitats d&#8217;aquests territoris i les principals autoritats de la Comunitat.<\/p>\n\n\n\n<p class=\"wp-block-paragraph\">L&#8217;acte ha incl\u00f2s una ofrena floral de hort\u00e8nsies blanques i la Reial Camerata Espanyola ha interpretat &#8216;In memoriam&#8217;, una pe\u00e7a musical creada a prop\u00f2sit per a aquest homenatge pel compositor Adam Ferrero. A m\u00e9s, s&#8217;han interpretat &#8216;Impressi\u00f3 nocturna&#8217;, de Lorente Gaos; &#8216;Cant m\u00edstic&#8217;, de Manuel Palau Boix, i &#8216;Oda a San Marcelo&#8217;, d&#8217;Adam Ferrero.<\/p>\n\n\n\n<p class=\"wp-block-paragraph\">Aix\u00ed mateix, per evocar a les persones que ens han deixat, s&#8217;ha inaugurat &#8216;En record&#8217;, una escultura de l&#8217;artista Rosana Antol\u00ed (Alcoi, 1981), que ha comptat amb la col\u00b7laboraci\u00f3 de l&#8217;IVAM, i per els fonaments del Servei de Bombers Forestals de la Generalitat ha recollit terra d&#8217;enclavaments emblem\u00e0tics de les 33 comarques de la Comunitat Valenciana.<\/p>\n\n\n\n<p class=\"wp-block-paragraph\"><strong>Representaci\u00f3 de la societat<\/strong><\/p>\n\n\n\n<p class=\"wp-block-paragraph\">Com a representants de les persones afectades ha participat en l&#8217;acte el periodista Llu\u00eds Motes, qui en la seua intervenci\u00f3 ha destacat &#8220;el cop brutal&#8221; que ha suposat la pand\u00e8mia i ha desitjat que la vida &#8220;no ens hagu\u00e9s portat a aquest moment&#8221;.<\/p>\n\n\n\n<p class=\"wp-block-paragraph\">Aix\u00ed mateix, Motes ha reflexionat sobre la necessitat de &#8220;no defallir&#8221; i ha remarcat el comprom\u00eds per part de tota la societat valenciana de &#8220;recon\u00e8ixer, retreure i recordar&#8221;.<\/p>\n\n\n\n<p class=\"wp-block-paragraph\">En representaci\u00f3 del personal sanitari ha intervingut en l&#8217;acte la cap de la Unitat de Malalties Infeccioses de l&#8217;Hospital General d&#8217;Alacant, Esperanza Merino, que ha destacat la feina feta pels diferents professionals, &#8220;que van donar el m\u00e0xim de si mateixos&#8221; en un moment que requeria donar una resposta &#8220;r\u00e0pida, dura i dif\u00edcil&#8221;. &#8220;Hem intentat viure el lema dels metges de el segle XIX: guarir de vegades, alleujar sovint i acompanyar sempre&#8221;.<\/p>\n\n\n\n<p class=\"wp-block-paragraph\">&#8220;En els \u00faltims set mesos, -ha continuat Merino-, hem generat molt coneixement cient\u00edfic que ha de ser la base per afrontar el nostre present i el nostre futur. Com a professionals sanitaris, la ci\u00e8ncia \u00e9s la nostra guia di\u00e0riament en totes les nostres actuacions amb pacients per\u00f2 ha de guiar-nos a tots com a societat: a les autoritats sanit\u00e0ries per a l&#8217;establiment de la gesti\u00f3 de l&#8217;epid\u00e8mia i de les noves mesures que fa\u00e7a prendre i a cada un de forma personal per saber com comportar-se per limitar l&#8217;extensi\u00f3 de la infecci\u00f3 &#8220;.<\/p>\n\n\n\n<ul class=\"wp-block-gallery columns-2 is-cropped wp-block-gallery-1 is-layout-flex wp-block-gallery-is-layout-flex\"><li class=\"blocks-gallery-item\"><figure><img loading=\"lazy\" decoding=\"async\" width=\"787\" height=\"536\" src=\"http:\/\/www.tucomarca.com\/wordpress\/segunda\/wp-content\/uploads\/2020\/10\/08HomenajeCovid2.jpg\" alt=\"\" data-id=\"115539\" data-link=\"https:\/\/www.tucomarca.com\/wordpress\/segunda\/?attachment_id=115539\" class=\"wp-image-115539\" srcset=\"https:\/\/tucomarca.whitekongsoftware.com\/wp-content\/uploads\/2020\/10\/08HomenajeCovid2.jpg 787w, https:\/\/tucomarca.whitekongsoftware.com\/wp-content\/uploads\/2020\/10\/08HomenajeCovid2-300x204.jpg 300w, https:\/\/tucomarca.whitekongsoftware.com\/wp-content\/uploads\/2020\/10\/08HomenajeCovid2-768x523.jpg 768w\" sizes=\"auto, (max-width: 787px) 100vw, 787px\" \/><\/figure><\/li><li class=\"blocks-gallery-item\"><figure><img loading=\"lazy\" decoding=\"async\" width=\"787\" height=\"533\" src=\"http:\/\/www.tucomarca.com\/wordpress\/segunda\/wp-content\/uploads\/2020\/10\/08HomenajeCovid4.jpg\" alt=\"\" data-id=\"115541\" data-link=\"https:\/\/www.tucomarca.com\/wordpress\/segunda\/?attachment_id=115541\" class=\"wp-image-115541\" srcset=\"https:\/\/tucomarca.whitekongsoftware.com\/wp-content\/uploads\/2020\/10\/08HomenajeCovid4.jpg 787w, https:\/\/tucomarca.whitekongsoftware.com\/wp-content\/uploads\/2020\/10\/08HomenajeCovid4-300x203.jpg 300w, https:\/\/tucomarca.whitekongsoftware.com\/wp-content\/uploads\/2020\/10\/08HomenajeCovid4-768x520.jpg 768w\" sizes=\"auto, (max-width: 787px) 100vw, 787px\" \/><\/figure><\/li><li class=\"blocks-gallery-item\"><figure><img loading=\"lazy\" decoding=\"async\" width=\"787\" height=\"547\" src=\"http:\/\/www.tucomarca.com\/wordpress\/segunda\/wp-content\/uploads\/2020\/10\/08HomenajeCovid5.jpg\" alt=\"\" data-id=\"115543\" data-link=\"https:\/\/www.tucomarca.com\/wordpress\/segunda\/?attachment_id=115543\" class=\"wp-image-115543\" srcset=\"https:\/\/tucomarca.whitekongsoftware.com\/wp-content\/uploads\/2020\/10\/08HomenajeCovid5.jpg 787w, https:\/\/tucomarca.whitekongsoftware.com\/wp-content\/uploads\/2020\/10\/08HomenajeCovid5-300x209.jpg 300w, https:\/\/tucomarca.whitekongsoftware.com\/wp-content\/uploads\/2020\/10\/08HomenajeCovid5-768x534.jpg 768w\" sizes=\"auto, (max-width: 787px) 100vw, 787px\" \/><\/figure><\/li><li class=\"blocks-gallery-item\"><figure><img loading=\"lazy\" decoding=\"async\" width=\"787\" height=\"576\" src=\"http:\/\/www.tucomarca.com\/wordpress\/segunda\/wp-content\/uploads\/2020\/10\/08HomenajeCovid6.jpg\" alt=\"\" data-id=\"115545\" data-link=\"https:\/\/www.tucomarca.com\/wordpress\/segunda\/?attachment_id=115545\" class=\"wp-image-115545\" srcset=\"https:\/\/tucomarca.whitekongsoftware.com\/wp-content\/uploads\/2020\/10\/08HomenajeCovid6.jpg 787w, https:\/\/tucomarca.whitekongsoftware.com\/wp-content\/uploads\/2020\/10\/08HomenajeCovid6-300x220.jpg 300w, https:\/\/tucomarca.whitekongsoftware.com\/wp-content\/uploads\/2020\/10\/08HomenajeCovid6-768x562.jpg 768w, https:\/\/tucomarca.whitekongsoftware.com\/wp-content\/uploads\/2020\/10\/08HomenajeCovid6-80x60.jpg 80w\" sizes=\"auto, (max-width: 787px) 100vw, 787px\" \/><\/figure><\/li><li class=\"blocks-gallery-item\"><figure><img loading=\"lazy\" decoding=\"async\" width=\"787\" height=\"525\" src=\"http:\/\/www.tucomarca.com\/wordpress\/segunda\/wp-content\/uploads\/2020\/10\/08HomenajeCovid7.jpg\" alt=\"\" data-id=\"115547\" data-link=\"https:\/\/www.tucomarca.com\/wordpress\/segunda\/?attachment_id=115547\" class=\"wp-image-115547\" srcset=\"https:\/\/tucomarca.whitekongsoftware.com\/wp-content\/uploads\/2020\/10\/08HomenajeCovid7.jpg 787w, https:\/\/tucomarca.whitekongsoftware.com\/wp-content\/uploads\/2020\/10\/08HomenajeCovid7-300x200.jpg 300w, https:\/\/tucomarca.whitekongsoftware.com\/wp-content\/uploads\/2020\/10\/08HomenajeCovid7-768x512.jpg 768w\" sizes=\"auto, (max-width: 787px) 100vw, 787px\" \/><\/figure><\/li><li class=\"blocks-gallery-item\"><figure><img loading=\"lazy\" decoding=\"async\" width=\"656\" height=\"984\" src=\"http:\/\/www.tucomarca.com\/wordpress\/segunda\/wp-content\/uploads\/2020\/10\/08HomenajeCovid9.jpg\" alt=\"\" data-id=\"115551\" data-link=\"https:\/\/www.tucomarca.com\/wordpress\/segunda\/?attachment_id=115551\" class=\"wp-image-115551\" srcset=\"https:\/\/tucomarca.whitekongsoftware.com\/wp-content\/uploads\/2020\/10\/08HomenajeCovid9.jpg 656w, https:\/\/tucomarca.whitekongsoftware.com\/wp-content\/uploads\/2020\/10\/08HomenajeCovid9-200x300.jpg 200w\" sizes=\"auto, (max-width: 656px) 100vw, 656px\" \/><\/figure><\/li><\/ul>\n","protected":false},"excerpt":{"rendered":"<div class=\"mh-excerpt\">Ximo Puig ha presidit l&#8217;acte solemne de record a les persones que han perdut la vida a causa del coronavirus que s&#8217;ha celebrat en L&#8217;Umbracle de la Ciutat dels Arts El periodista Llu\u00eds Motes ha <a class=\"mh-excerpt-more\" href=\"https:\/\/tucomarca.whitekongsoftware.com\/ca\/la-comunitat-valenciana-rendix-homenatge-a-les-victimes-de-la-covid-19\/\" title=\"La Comunitat Valenciana rendix homenatge a les v\u00edctimes de la Covid-19\">[+] <\/a><\/div>\n","protected":false},"author":12,"featured_media":115534,"comment_status":"open","ping_status":"open","sticky":false,"template":"","format":"gallery","meta":{"footnotes":""},"categories":[11010,12202,10898,10894,10904,10947,10896,10897],"tags":[11939,11940,11498,12740],"class_list":["post-115554","post","type-post","status-publish","format-gallery","has-post-thumbnail","category-canal-salud","category-covid-19-ca","category-ventana-ca","category-la-comarca-ca","category-sin-categorizar-ca","category-politica","category-seccion-ca","category-sucesos-la-comarca-ca","tag-coronavirus-ca","tag-covid-19-ca","tag-generalitat-valenciana-ca","tag-homenaje-a-las-victimas-de-la-covid-19-ca","post_format-post-format-gallery"],"_links":{"self":[{"href":"https:\/\/tucomarca.whitekongsoftware.com\/ca\/wp-json\/wp\/v2\/posts\/115554","targetHints":{"allow":["GET"]}}],"collection":[{"href":"https:\/\/tucomarca.whitekongsoftware.com\/ca\/wp-json\/wp\/v2\/posts"}],"about":[{"href":"https:\/\/tucomarca.whitekongsoftware.com\/ca\/wp-json\/wp\/v2\/types\/post"}],"author":[{"embeddable":true,"href":"https:\/\/tucomarca.whitekongsoftware.com\/ca\/wp-json\/wp\/v2\/users\/12"}],"replies":[{"embeddable":true,"href":"https:\/\/tucomarca.whitekongsoftware.com\/ca\/wp-json\/wp\/v2\/comments?post=115554"}],"version-history":[{"count":0,"href":"https:\/\/tucomarca.whitekongsoftware.com\/ca\/wp-json\/wp\/v2\/posts\/115554\/revisions"}],"wp:featuredmedia":[{"embeddable":true,"href":"https:\/\/tucomarca.whitekongsoftware.com\/ca\/wp-json\/wp\/v2\/media\/115534"}],"wp:attachment":[{"href":"https:\/\/tucomarca.whitekongsoftware.com\/ca\/wp-json\/wp\/v2\/media?parent=115554"}],"wp:term":[{"taxonomy":"category","embeddable":true,"href":"https:\/\/tucomarca.whitekongsoftware.com\/ca\/wp-json\/wp\/v2\/categories?post=115554"},{"taxonomy":"post_tag","embeddable":true,"href":"https:\/\/tucomarca.whitekongsoftware.com\/ca\/wp-json\/wp\/v2\/tags?post=115554"}],"curies":[{"name":"wp","href":"https:\/\/api.w.org\/{rel}","templated":true}]}}