{"id":115489,"date":"2020-10-08T23:45:46","date_gmt":"2020-10-08T21:45:46","guid":{"rendered":"http:\/\/www.tucomarca.com\/wordpress\/segunda\/?p=115489"},"modified":"2020-10-09T15:09:05","modified_gmt":"2020-10-09T13:09:05","slug":"la-conselleria-de-vivenda-i-lajuntament-dalgemesi-analitzen-la-situacio-del-grup-de-vivenda-publica-el-raval","status":"publish","type":"post","link":"https:\/\/tucomarca.whitekongsoftware.com\/ca\/la-conselleria-de-vivenda-i-lajuntament-dalgemesi-analitzen-la-situacio-del-grup-de-vivenda-publica-el-raval\/","title":{"rendered":"La Conselleria de Vivenda i l&#8217;Ajuntament d&#8217;Algemes\u00ed analitzen la situaci\u00f3 del grup de vivenda p\u00fablica El Raval"},"content":{"rendered":"\n<h4 class=\"wp-block-heading\"><strong>El secretari auton\u00f2mic de Vivenda i els directors generals d&#8217;Emerg\u00e8ncia Habitacional i EVha es reunixen amb la regidora de Pol\u00edtiques Inclusives<\/strong><\/h4>\n\n\n\n<h4 class=\"wp-block-heading\"><strong>La Generalitat treballa en la reparaci\u00f3 de nou vivendes que adjudicar\u00e0 a fam\u00edlies amb majors necessitats habitacionales<\/strong><\/h4>\n\n\n\n<p class=\"wp-block-paragraph\">Representants de la Vicepresid\u00e8ncia Segona i Conselleria d&#8217;Habitatge i Arquitectura Bioclim\u00e0tica i l&#8217;Ajuntament d&#8217;Algemes\u00ed s&#8217;han reunit per analitzar la situaci\u00f3 del municipi en mat\u00e8ria d&#8217;habitatge.<\/p>\n\n\n\n<p class=\"wp-block-paragraph\">El grup d&#8217;habitatge p\u00fablic El Raval ha estat un dels principals punts tractats en la reuni\u00f3 en qu\u00e8 han participat el secretari auton\u00f2mic d&#8217;Habitatge, C\u00e9sar Jimenez, la directora general d&#8217;Emerg\u00e8ncia Habitacional, Pura Peris, el director general de l&#8217;Entitat Valenciana d &#8216;Habitatge i S\u00f2l (EVha), Alberto Aznar i la regidora de Pol\u00edtiques Inclusives, Ana Girbes.<\/p>\n\n\n\n<p class=\"wp-block-paragraph\">Les dues administracions estan analitzant les opcions per propiciar una millora al barri i resoldre l&#8217;actual problem\u00e0tica social i de seguretat que ofereix l&#8217;actual estat del immoble, format per un centenar d&#8217;habitatges en molt mal estat.<\/p>\n\n\n\n<p class=\"wp-block-paragraph\">D&#8217;altra banda, en l&#8217;actualitat la Generalitat treballa en la reparaci\u00f3 de nou habitatges p\u00fablics que s&#8217;adjudicaran en lloguer social a fam\u00edlies amb majors necessitats habitacionals.<\/p>\n\n\n\n<p class=\"wp-block-paragraph\">De les nou habitatges en reparaci\u00f3, set ja estan assignades pendents de lliurament res m\u00e9s finalitzin les obres, mentre que les dues restants estan en tr\u00e0mit d&#8217;adjudicaci\u00f3.<\/p>\n\n\n\n<p class=\"wp-block-paragraph\">Cal destacar que, en l&#8217;actual legislatura, la Conselleria ha adjudicat sis habitatges de promoci\u00f3 p\u00fablica a Algemes\u00ed, una d&#8217;elles a una v\u00edctima de viol\u00e8ncia de g\u00e8nere i una altra a una fam\u00edlia afectada per una execuci\u00f3 hipotec\u00e0ria. Des de juliol de 2015, les adjudicacions ascendixen a 23 (de elles dues a v\u00edctimes de viol\u00e8ncia de g\u00e8nere i cinc a executats hipotecaris).<\/p>\n\n\n\n<p class=\"wp-block-paragraph\">A la reuni\u00f3 ha quedat patent l&#8217;esfor\u00e7 de el Consell per millorar les condicions de parc p\u00fablic d&#8217;habitatges ja que des de 2015 ha invertit 433.000 euros en actuacions de millora i reparacions a Algemes\u00ed.<\/p>\n\n\n\n<p class=\"wp-block-paragraph\">Concretament, s&#8217;han destinat 372.000 euros a la reparaci\u00f3 de 12 pisos, m\u00e9s els altres nou que estan actualment en execuci\u00f3. Tamb\u00e9 s&#8217;han invertit 61.000 euros a l&#8217;atenci\u00f3 de reclamacions en habitatges i elements comuns.<\/p>\n\n\n\n<p class=\"wp-block-paragraph\"><strong>98 habitatges de Banc Sabadell<\/strong><\/p>\n\n\n\n<p class=\"wp-block-paragraph\">Un altre dels temes analitzats en la reuni\u00f3 ha estat el de les 98 habitatges que la Vicepresid\u00e8ncia Segona va comprar l&#8217;estiu passat al Banc Sabadell mitjan\u00e7ant el dret de tempteig i retracte i que passen a ampliar el parc p\u00fablic d&#8217;habitatge de la Generalitat a Algemes\u00ed.<\/p>\n\n\n\n<p class=\"wp-block-paragraph\">Aquestes habitatges formen part d&#8217;un paquet de 218 de l&#8217;operaci\u00f3 de compra a Banc Sabadell que s&#8217;emmarca en el Decret llei aprovat pel Consell el passat 5 de juny. En una visita recent de Mart\u00ednez Dalmau a Algemes\u00ed, el conseller ha destacat la inversi\u00f3 realitzada en el municipi i que supera els 900.000 euros en mat\u00e8ria d&#8217;habitatge i en regeneraci\u00f3 urbana, la m\u00e9s alta entre els municipis de la comarca.<\/p>\n\n\n\n<p class=\"wp-block-paragraph\">En aquest sentit, la directora general d&#8217;Emerg\u00e8ncia Habitacional, ha afirmat que aquesta adquisici\u00f3 de 98 habitatges a trav\u00e9s de l&#8217;exercici de tempteig i retracte &#8220;constitueix un dels elements clau, juntament amb la compra directa per emerg\u00e8ncia i el treball ingent que l&#8217;equip de EVha estan duent a terme per mitigar la necessitat habitacional que venim arrossegant des de fa d\u00e8cades i que la pand\u00e8mia COVID-19 s&#8217;ha agreujat i per ampliar el parc p\u00fablic revertint a la mateixa habitatges en mans de fons &#8220;.<\/p>\n\n\n\n<p class=\"wp-block-paragraph\">Aix\u00ed mateix, ha destacat &#8220;la necess\u00e0ria coordinaci\u00f3 i acci\u00f3 conjunta amb els serveis socials municipals per aconseguir majors i m\u00e9s eficients resultats per a la nostra ciutadania i en aquest cam\u00ed estem&#8221;, ha concl\u00f2s Pura Peris.<\/p>\n","protected":false},"excerpt":{"rendered":"<div class=\"mh-excerpt\">El secretari auton\u00f2mic de Vivenda i els directors generals d&#8217;Emerg\u00e8ncia Habitacional i EVha es reunixen amb la regidora de Pol\u00edtiques Inclusives La Generalitat treballa en la reparaci\u00f3 de nou vivendes que adjudicar\u00e0 a fam\u00edlies amb <a class=\"mh-excerpt-more\" href=\"https:\/\/tucomarca.whitekongsoftware.com\/ca\/la-conselleria-de-vivenda-i-lajuntament-dalgemesi-analitzen-la-situacio-del-grup-de-vivenda-publica-el-raval\/\" title=\"La Conselleria de Vivenda i l&#8217;Ajuntament d&#8217;Algemes\u00ed analitzen la situaci\u00f3 del grup de vivenda p\u00fablica El Raval\">[+] <\/a><\/div>\n","protected":false},"author":12,"featured_media":115487,"comment_status":"open","ping_status":"open","sticky":false,"template":"","format":"standard","meta":{"footnotes":""},"categories":[10983,10948,10894,10902,10947,10896],"tags":[3640],"class_list":["post-115489","post","type-post","status-publish","format-standard","has-post-thumbnail","category-algemesi-ca","category-infraestructuras-ca","category-la-comarca-ca","category-la-ribera-ca","category-politica","category-seccion-ca","tag-la-ribera-alta"],"_links":{"self":[{"href":"https:\/\/tucomarca.whitekongsoftware.com\/ca\/wp-json\/wp\/v2\/posts\/115489","targetHints":{"allow":["GET"]}}],"collection":[{"href":"https:\/\/tucomarca.whitekongsoftware.com\/ca\/wp-json\/wp\/v2\/posts"}],"about":[{"href":"https:\/\/tucomarca.whitekongsoftware.com\/ca\/wp-json\/wp\/v2\/types\/post"}],"author":[{"embeddable":true,"href":"https:\/\/tucomarca.whitekongsoftware.com\/ca\/wp-json\/wp\/v2\/users\/12"}],"replies":[{"embeddable":true,"href":"https:\/\/tucomarca.whitekongsoftware.com\/ca\/wp-json\/wp\/v2\/comments?post=115489"}],"version-history":[{"count":0,"href":"https:\/\/tucomarca.whitekongsoftware.com\/ca\/wp-json\/wp\/v2\/posts\/115489\/revisions"}],"wp:featuredmedia":[{"embeddable":true,"href":"https:\/\/tucomarca.whitekongsoftware.com\/ca\/wp-json\/wp\/v2\/media\/115487"}],"wp:attachment":[{"href":"https:\/\/tucomarca.whitekongsoftware.com\/ca\/wp-json\/wp\/v2\/media?parent=115489"}],"wp:term":[{"taxonomy":"category","embeddable":true,"href":"https:\/\/tucomarca.whitekongsoftware.com\/ca\/wp-json\/wp\/v2\/categories?post=115489"},{"taxonomy":"post_tag","embeddable":true,"href":"https:\/\/tucomarca.whitekongsoftware.com\/ca\/wp-json\/wp\/v2\/tags?post=115489"}],"curies":[{"name":"wp","href":"https:\/\/api.w.org\/{rel}","templated":true}]}}