{"id":115446,"date":"2020-10-09T12:30:01","date_gmt":"2020-10-09T10:30:01","guid":{"rendered":"http:\/\/www.tucomarca.com\/wordpress\/segunda\/?p=115446"},"modified":"2020-10-09T15:30:15","modified_gmt":"2020-10-09T13:30:15","slug":"la-regidoria-de-servicis-municipals-de-bunyol-installa-una-central-de-compres-per-a-palliar-els-gastos-en-la-installacio-de-protocols-del-covid19-en-la-volta-a-les-aules","status":"publish","type":"post","link":"https:\/\/tucomarca.whitekongsoftware.com\/ca\/la-regidoria-de-servicis-municipals-de-bunyol-installa-una-central-de-compres-per-a-palliar-els-gastos-en-la-installacio-de-protocols-del-covid19-en-la-volta-a-les-aules\/","title":{"rendered":"Bunyol instal\u00b7la una central de compres per a pal\u00b7liar els gastos en la instal\u00b7laci\u00f3 de protocols del Covid-19 en la volta a les aules"},"content":{"rendered":"\n<h4 class=\"wp-block-heading\"><strong>Rafa P\u00e9rez, regidor de Servicis Municipals confirmava que en una segona fase es preveu que totes les empreses del municipi que ho desitgen tamb\u00e9 puguen fer \u00fas d&#8217;esta central de compres<\/strong><\/h4>\n\n\n\n<ul class=\"wp-block-gallery columns-2 is-cropped wp-block-gallery-1 is-layout-flex wp-block-gallery-is-layout-flex\"><li class=\"blocks-gallery-item\"><figure><img loading=\"lazy\" decoding=\"async\" width=\"768\" height=\"1024\" src=\"http:\/\/www.tucomarca.com\/wordpress\/segunda\/wp-content\/uploads\/2020\/10\/coles2-768x1024.jpg\" alt=\"\" data-id=\"115443\" data-link=\"http:\/\/www.tucomarca.com\/wordpress\/segunda\/?attachment_id=115443\" class=\"wp-image-115443\" srcset=\"https:\/\/tucomarca.whitekongsoftware.com\/wp-content\/uploads\/2020\/10\/coles2-768x1024.jpg 768w, https:\/\/tucomarca.whitekongsoftware.com\/wp-content\/uploads\/2020\/10\/coles2-225x300.jpg 225w, https:\/\/tucomarca.whitekongsoftware.com\/wp-content\/uploads\/2020\/10\/coles2.jpg 787w\" sizes=\"auto, (max-width: 768px) 100vw, 768px\" \/><\/figure><\/li><li class=\"blocks-gallery-item\"><figure><img loading=\"lazy\" decoding=\"async\" width=\"768\" height=\"1024\" src=\"http:\/\/www.tucomarca.com\/wordpress\/segunda\/wp-content\/uploads\/2020\/10\/coles-768x1024.jpg\" alt=\"\" data-id=\"115441\" data-link=\"http:\/\/www.tucomarca.com\/wordpress\/segunda\/?attachment_id=115441\" class=\"wp-image-115441\" srcset=\"https:\/\/tucomarca.whitekongsoftware.com\/wp-content\/uploads\/2020\/10\/coles-768x1024.jpg 768w, https:\/\/tucomarca.whitekongsoftware.com\/wp-content\/uploads\/2020\/10\/coles-225x300.jpg 225w, https:\/\/tucomarca.whitekongsoftware.com\/wp-content\/uploads\/2020\/10\/coles.jpg 787w\" sizes=\"auto, (max-width: 768px) 100vw, 768px\" \/><\/figure><\/li><\/ul>\n\n\n\n<p class=\"wp-block-paragraph\">La regidoria de Serveis Municipals ha creat una central de compres per pal\u00b7liar les despeses que suposa a guarderies, associacions educatives i escoles de m\u00fasica implantar els protocols davant el Covid19. En una primera fase s&#8217;han adherit a aquesta central aquest tipus d&#8217;empreses i entitats, per\u00f2 en la seg\u00fcent fase ser\u00e0 extensible a petites i mitjanes empreses del municipi que aix\u00ed ho desitgen.<\/p>\n\n\n\n<p class=\"wp-block-paragraph\">Rafa P\u00e9rez, regidor de Serveis Municipals del consistori bunyolense, confirma que des de fa dos mesos l&#8217;Ajuntament ha invertit m\u00e9s de 2.000 \u20ac en manteniment, neteja i desinfecci\u00f3 dels edificis municipals educatius. A m\u00e9s s&#8217;han invertit 20.000 \u20ac m\u00e9s per posar a punt i el m\u00e9s segurs possibles als 9 edificis municipals.<\/p>\n\n\n\n<p class=\"wp-block-paragraph\">A aix\u00f2 s&#8217;afegixen als 12 treballadors municipals que actualment estan duent a terme tot tipus de tasques relacionades amb el mantimiento i neteja d&#8217;aquestes instal\u00b7lacions amb una despesa de 288.000 \u20ac anuals en n\u00f2mines.<\/p>\n\n\n\n<p class=\"wp-block-paragraph\">L&#8217;edil P\u00e9rez reconeixia que a m\u00e9s de la central de compres que s&#8217;ha instal\u00b7lat per pal\u00b7liar les despeses d&#8217;aquestes empreses, com guarderies, escoles de m\u00fasica o acad\u00e8mies, tamb\u00e9 s&#8217;ha assessorat en tot moment a aquest tipus d&#8217;empreses en tot el que han necessitat en l&#8217;aplicaci\u00f3 de protocols i compra de material necessari per evitar la propagaci\u00f3 de virus a les seues aules.<\/p>\n\n\n\n<p class=\"wp-block-paragraph\">Aquesta central de compres s&#8217;ha fet a trav\u00e9s de l&#8217;empresa p\u00fablica municipal BUINSA, &#8220;i en la segona fase ho farem extensible a tot tipus d&#8217;empreses de la localitat que ho necessiten. Intentem que aquesta situaci\u00f3 siga el menys costosa possible per a qui dia a dia obren el seu persiana &#8220;, ha acabat P\u00e9rez.<\/p>\n","protected":false},"excerpt":{"rendered":"<div class=\"mh-excerpt\">Rafa P\u00e9rez, regidor de Servicis Municipals confirmava que en una segona fase es preveu que totes les empreses del municipi que ho desitgen tamb\u00e9 puguen fer \u00fas d&#8217;esta central de compres La regidoria de Serveis <a class=\"mh-excerpt-more\" href=\"https:\/\/tucomarca.whitekongsoftware.com\/ca\/la-regidoria-de-servicis-municipals-de-bunyol-installa-una-central-de-compres-per-a-palliar-els-gastos-en-la-installacio-de-protocols-del-covid19-en-la-volta-a-les-aules\/\" title=\"Bunyol instal\u00b7la una central de compres per a pal\u00b7liar els gastos en la instal\u00b7laci\u00f3 de protocols del Covid-19 en la volta a les aules\">[+] <\/a><\/div>\n","protected":false},"author":12,"featured_media":102039,"comment_status":"open","ping_status":"open","sticky":false,"template":"","format":"gallery","meta":{"footnotes":""},"categories":[10911,11010,12202,10948,10894,10912,10896],"tags":[11158,11939,11940,10914],"class_list":["post-115446","post","type-post","status-publish","format-gallery","has-post-thumbnail","category-bunol-ca","category-canal-salud","category-covid-19-ca","category-infraestructuras-ca","category-la-comarca-ca","category-la-hoya-ca","category-seccion-ca","tag-ayuntamiento-de-bunol-ca","tag-coronavirus-ca","tag-covid-19-ca","tag-la-hoya-de-bunol-chiva-ca","post_format-post-format-gallery"],"_links":{"self":[{"href":"https:\/\/tucomarca.whitekongsoftware.com\/ca\/wp-json\/wp\/v2\/posts\/115446","targetHints":{"allow":["GET"]}}],"collection":[{"href":"https:\/\/tucomarca.whitekongsoftware.com\/ca\/wp-json\/wp\/v2\/posts"}],"about":[{"href":"https:\/\/tucomarca.whitekongsoftware.com\/ca\/wp-json\/wp\/v2\/types\/post"}],"author":[{"embeddable":true,"href":"https:\/\/tucomarca.whitekongsoftware.com\/ca\/wp-json\/wp\/v2\/users\/12"}],"replies":[{"embeddable":true,"href":"https:\/\/tucomarca.whitekongsoftware.com\/ca\/wp-json\/wp\/v2\/comments?post=115446"}],"version-history":[{"count":0,"href":"https:\/\/tucomarca.whitekongsoftware.com\/ca\/wp-json\/wp\/v2\/posts\/115446\/revisions"}],"wp:featuredmedia":[{"embeddable":true,"href":"https:\/\/tucomarca.whitekongsoftware.com\/ca\/wp-json\/wp\/v2\/media\/102039"}],"wp:attachment":[{"href":"https:\/\/tucomarca.whitekongsoftware.com\/ca\/wp-json\/wp\/v2\/media?parent=115446"}],"wp:term":[{"taxonomy":"category","embeddable":true,"href":"https:\/\/tucomarca.whitekongsoftware.com\/ca\/wp-json\/wp\/v2\/categories?post=115446"},{"taxonomy":"post_tag","embeddable":true,"href":"https:\/\/tucomarca.whitekongsoftware.com\/ca\/wp-json\/wp\/v2\/tags?post=115446"}],"curies":[{"name":"wp","href":"https:\/\/api.w.org\/{rel}","templated":true}]}}