{"id":115418,"date":"2020-10-08T12:00:07","date_gmt":"2020-10-08T10:00:07","guid":{"rendered":"http:\/\/www.tucomarca.com\/wordpress\/segunda\/?p=115418"},"modified":"2020-10-08T14:08:39","modified_gmt":"2020-10-08T12:08:39","slug":"lajuntament-de-leliana-homenatja-lesportista-elianer-sergio-planella-despres-de-quedar-subcampio-despanya-infantil-en-el-trofeu-manuel-alonso","status":"publish","type":"post","link":"https:\/\/tucomarca.whitekongsoftware.com\/ca\/lajuntament-de-leliana-homenatja-lesportista-elianer-sergio-planella-despres-de-quedar-subcampio-despanya-infantil-en-el-trofeu-manuel-alonso\/","title":{"rendered":"V\u00eddeo: L&#8217;Ajuntament de l&#8217;Eliana homenatja l&#8217;esportista elianer Sergio Planella despr\u00e9s de quedar subcampi\u00f3 d&#8217;Espanya infantil en el Trofeu Manuel Alonso"},"content":{"rendered":"\n<figure class=\"wp-block-embed-youtube wp-block-embed is-type-video is-provider-youtube wp-embed-aspect-16-9 wp-has-aspect-ratio\"><div class=\"wp-block-embed__wrapper\">\n<iframe loading=\"lazy\" title=\"El tennista Sergio Planella rep el reconeixement de l&#039;Eliana\" width=\"500\" height=\"281\" src=\"https:\/\/www.youtube.com\/embed\/_yKwxGEli34?feature=oembed\" frameborder=\"0\" allow=\"accelerometer; autoplay; clipboard-write; encrypted-media; gyroscope; picture-in-picture; web-share\" referrerpolicy=\"strict-origin-when-cross-origin\" allowfullscreen><\/iframe>\n<\/div><\/figure>\n\n\n\n<p class=\"wp-block-paragraph\">El Sal\u00f3 de Plens de l&#8217;Ajuntament va acollir la vesprada d&#8217;ahir la recepci\u00f3 oficial per part de l&#8217;alcalde, Salva Torrent, al jove tennista Sergio Planella. Amb tan sols 13 anys l\u2019elianer ha aconseguit aquest passat mes de setembre quedar subcampi\u00f3 d&#8217;Espanya Infantil en el &#8216;Trofeu Manuel Alonso&#8217;, en el qual es va enfrontar a joves tennistes de major edat que ell.<\/p>\n\n\n\n<p class=\"wp-block-paragraph\">En el seu palmar\u00e9s el jugador del Club de Tennis Val\u00e8ncia compta amb el Tour Rafa Nadal en 2019 i ha sigut dues vegades campi\u00f3 d&#8217;Espanya en 2018 i 2019, campi\u00f3 de la Comunitat Valenciana en 2019 i 2020 i n\u00famero u de la Selecci\u00f3 Espanyola sub 23. A m\u00e9s, Planella va rebre en 2016 el Premi al M\u00e8rit Esportiu de l&#8217;Ajuntament de l&#8217;Eliana.&nbsp;<\/p>\n\n\n\n<p class=\"wp-block-paragraph\">Torrent va ser l&#8217;encarregat d&#8217;entregar al tennista, estudiant de l&#8217;IES l&#8217;Eliana, la tradicional salamandra com a reconeixement als seus assoliments i com a desig d&#8217;un futur ple d&#8217;\u00e8xits davant la pres\u00e8ncia dels membres de la corporaci\u00f3, dels seus pares i del seu entrenador, Alberto Cornelio.<\/p>\n\n\n\n<p class=\"wp-block-paragraph\">At\u00e9s que enguany no s&#8217;ha pogut celebrar la tradicional Gala de l&#8217;Esport, el Consistori ha volgut, amb aquest acte i altres que es programaran en els pr\u00f2xims dies, continuar posant en valor els assoliments dels dedicats esportistes elianers que, malgrat el context marcat per la pand\u00e8mia, continuen collint \u00e8xits en les seues diferents modalitats.<\/p>\n\n\n\n<p class=\"wp-block-paragraph\">\u201cL&#8217;esport \u00e9s una dels senyals d&#8217;identitat i de l&#8217;estil de vida de l&#8217;Eliana, que at\u00e9n els valors de companyonia, esfor\u00e7 i superaci\u00f3\u201d, ha declarat el primer edil.<\/p>\n","protected":false},"excerpt":{"rendered":"<div class=\"mh-excerpt\">El Sal\u00f3 de Plens de l&#8217;Ajuntament va acollir la vesprada d&#8217;ahir la recepci\u00f3 oficial per part de l&#8217;alcalde, Salva Torrent, al jove tennista Sergio Planella. Amb tan sols 13 anys l\u2019elianer ha aconseguit aquest passat <a class=\"mh-excerpt-more\" href=\"https:\/\/tucomarca.whitekongsoftware.com\/ca\/lajuntament-de-leliana-homenatja-lesportista-elianer-sergio-planella-despres-de-quedar-subcampio-despanya-infantil-en-el-trofeu-manuel-alonso\/\" title=\"V\u00eddeo: L&#8217;Ajuntament de l&#8217;Eliana homenatja l&#8217;esportista elianer Sergio Planella despr\u00e9s de quedar subcampi\u00f3 d&#8217;Espanya infantil en el Trofeu Manuel Alonso\">[+] <\/a><\/div>\n","protected":false},"author":1,"featured_media":115415,"comment_status":"open","ping_status":"open","sticky":false,"template":"","format":"video","meta":{"footnotes":""},"categories":[10892,11003,10893,11009,10896,11062],"tags":[10395,10379,10661,10433],"class_list":["post-115418","post","type-post","status-publish","format-video","has-post-thumbnail","category-camp-de-turia-ca","category-sports","category-leliana-ca","category-polideportivo-ca","category-seccion-ca","category-videos","tag-camp-de-turia","tag-deportes","tag-esports","tag-leliana","post_format-post-format-video"],"_links":{"self":[{"href":"https:\/\/tucomarca.whitekongsoftware.com\/ca\/wp-json\/wp\/v2\/posts\/115418","targetHints":{"allow":["GET"]}}],"collection":[{"href":"https:\/\/tucomarca.whitekongsoftware.com\/ca\/wp-json\/wp\/v2\/posts"}],"about":[{"href":"https:\/\/tucomarca.whitekongsoftware.com\/ca\/wp-json\/wp\/v2\/types\/post"}],"author":[{"embeddable":true,"href":"https:\/\/tucomarca.whitekongsoftware.com\/ca\/wp-json\/wp\/v2\/users\/1"}],"replies":[{"embeddable":true,"href":"https:\/\/tucomarca.whitekongsoftware.com\/ca\/wp-json\/wp\/v2\/comments?post=115418"}],"version-history":[{"count":0,"href":"https:\/\/tucomarca.whitekongsoftware.com\/ca\/wp-json\/wp\/v2\/posts\/115418\/revisions"}],"wp:featuredmedia":[{"embeddable":true,"href":"https:\/\/tucomarca.whitekongsoftware.com\/ca\/wp-json\/wp\/v2\/media\/115415"}],"wp:attachment":[{"href":"https:\/\/tucomarca.whitekongsoftware.com\/ca\/wp-json\/wp\/v2\/media?parent=115418"}],"wp:term":[{"taxonomy":"category","embeddable":true,"href":"https:\/\/tucomarca.whitekongsoftware.com\/ca\/wp-json\/wp\/v2\/categories?post=115418"},{"taxonomy":"post_tag","embeddable":true,"href":"https:\/\/tucomarca.whitekongsoftware.com\/ca\/wp-json\/wp\/v2\/tags?post=115418"}],"curies":[{"name":"wp","href":"https:\/\/api.w.org\/{rel}","templated":true}]}}