{"id":115283,"date":"2020-10-07T20:20:54","date_gmt":"2020-10-07T18:20:54","guid":{"rendered":"http:\/\/www.tucomarca.com\/wordpress\/segunda\/?p=115283"},"modified":"2020-10-07T23:14:44","modified_gmt":"2020-10-07T21:14:44","slug":"el-centre-de-salut-de-requena-lorigen-mes-probable-del-brot-de-22-casos-d-coronavirus-daquesta-setmana-al-municipi","status":"publish","type":"post","link":"https:\/\/tucomarca.whitekongsoftware.com\/ca\/el-centre-de-salut-de-requena-lorigen-mes-probable-del-brot-de-22-casos-d-coronavirus-daquesta-setmana-al-municipi\/","title":{"rendered":"El centre de salut de Requena, l&#8217;origen m\u00e9s probable del brot de 22 casos d coronavirus d&#8217;aquesta setmana al municipi"},"content":{"rendered":"\n<p class=\"wp-block-paragraph\">L&#8217;important brot de coronavirus de Requena de qu\u00e8 ha informat aquest dimarts la consellera de Salut Universal, Ana Barcel\u00f3, molt probablement tindria el seu origen en el centre de salut de Requena. <\/p>\n\n\n\n<p class=\"wp-block-paragraph\">Segons diverses fonts, el brot de Covid-19, d&#8217;origen laboral, que ha afectat 22 persones es va produir en en centre de salut de la poblaci\u00f3. <\/p>\n\n\n\n<p class=\"wp-block-paragraph\">De moment, es coneixen pocs detalls sobre la situaci\u00f3 al centre sanitari. Informa, <strong>Luis Ib\u00e1\u00f1ez<\/strong>.<\/p>\n","protected":false},"excerpt":{"rendered":"<div class=\"mh-excerpt\">L&#8217;important brot de coronavirus de Requena de qu\u00e8 ha informat aquest dimarts la consellera de Salut Universal, Ana Barcel\u00f3, molt probablement tindria el seu origen en el centre de salut de Requena. Segons diverses fonts, <a class=\"mh-excerpt-more\" href=\"https:\/\/tucomarca.whitekongsoftware.com\/ca\/el-centre-de-salut-de-requena-lorigen-mes-probable-del-brot-de-22-casos-d-coronavirus-daquesta-setmana-al-municipi\/\" title=\"El centre de salut de Requena, l&#8217;origen m\u00e9s probable del brot de 22 casos d coronavirus d&#8217;aquesta setmana al municipi\">[+] <\/a><\/div>\n","protected":false},"author":1,"featured_media":115284,"comment_status":"open","ping_status":"open","sticky":false,"template":"","format":"standard","meta":{"footnotes":""},"categories":[11010,12202,10898,10948,10894,10903,10908,10909,10896,10897],"tags":[12724,11939,11940,10910],"class_list":["post-115283","post","type-post","status-publish","format-standard","has-post-thumbnail","category-canal-salud","category-covid-19-ca","category-ventana-ca","category-infraestructuras-ca","category-la-comarca-ca","category-medio-ambiente-la-comarca-ca","category-requena-ca","category-requena-utiel-ca","category-seccion-ca","category-sucesos-la-comarca-ca","tag-centro-salud-ca","tag-coronavirus-ca","tag-covid-19-ca","tag-requena-utiel-ca"],"_links":{"self":[{"href":"https:\/\/tucomarca.whitekongsoftware.com\/ca\/wp-json\/wp\/v2\/posts\/115283","targetHints":{"allow":["GET"]}}],"collection":[{"href":"https:\/\/tucomarca.whitekongsoftware.com\/ca\/wp-json\/wp\/v2\/posts"}],"about":[{"href":"https:\/\/tucomarca.whitekongsoftware.com\/ca\/wp-json\/wp\/v2\/types\/post"}],"author":[{"embeddable":true,"href":"https:\/\/tucomarca.whitekongsoftware.com\/ca\/wp-json\/wp\/v2\/users\/1"}],"replies":[{"embeddable":true,"href":"https:\/\/tucomarca.whitekongsoftware.com\/ca\/wp-json\/wp\/v2\/comments?post=115283"}],"version-history":[{"count":0,"href":"https:\/\/tucomarca.whitekongsoftware.com\/ca\/wp-json\/wp\/v2\/posts\/115283\/revisions"}],"wp:featuredmedia":[{"embeddable":true,"href":"https:\/\/tucomarca.whitekongsoftware.com\/ca\/wp-json\/wp\/v2\/media\/115284"}],"wp:attachment":[{"href":"https:\/\/tucomarca.whitekongsoftware.com\/ca\/wp-json\/wp\/v2\/media?parent=115283"}],"wp:term":[{"taxonomy":"category","embeddable":true,"href":"https:\/\/tucomarca.whitekongsoftware.com\/ca\/wp-json\/wp\/v2\/categories?post=115283"},{"taxonomy":"post_tag","embeddable":true,"href":"https:\/\/tucomarca.whitekongsoftware.com\/ca\/wp-json\/wp\/v2\/tags?post=115283"}],"curies":[{"name":"wp","href":"https:\/\/api.w.org\/{rel}","templated":true}]}}