{"id":115171,"date":"2020-10-06T23:00:18","date_gmt":"2020-10-06T21:00:18","guid":{"rendered":"http:\/\/www.tucomarca.com\/wordpress\/segunda\/?p=115171"},"modified":"2020-10-07T10:20:46","modified_gmt":"2020-10-07T08:20:46","slug":"la-mocio-de-censura-desbanca-de-lalcaldia-al-pspv-psoe-a-cortes-de-pallas","status":"publish","type":"post","link":"https:\/\/tucomarca.whitekongsoftware.com\/ca\/la-mocio-de-censura-desbanca-de-lalcaldia-al-pspv-psoe-a-cortes-de-pallas\/","title":{"rendered":"La moci\u00f3 de censura desbanca de l&#8217;alcaldia al PSPV-PSOE a Cortes de Pall\u00e0s"},"content":{"rendered":"\n<figure class=\"wp-block-image\"><img loading=\"lazy\" decoding=\"async\" width=\"1024\" height=\"787\" src=\"http:\/\/www.tucomarca.com\/wordpress\/segunda\/wp-content\/uploads\/2020\/10\/CortesdePallasmocion1-1024x787.jpeg\" alt=\"\" class=\"wp-image-115160\" srcset=\"https:\/\/tucomarca.whitekongsoftware.com\/wp-content\/uploads\/2020\/10\/CortesdePallasmocion1-1024x787.jpeg 1024w, https:\/\/tucomarca.whitekongsoftware.com\/wp-content\/uploads\/2020\/10\/CortesdePallasmocion1-300x231.jpeg 300w, https:\/\/tucomarca.whitekongsoftware.com\/wp-content\/uploads\/2020\/10\/CortesdePallasmocion1-768x590.jpeg 768w, https:\/\/tucomarca.whitekongsoftware.com\/wp-content\/uploads\/2020\/10\/CortesdePallasmocion1-80x60.jpeg 80w, https:\/\/tucomarca.whitekongsoftware.com\/wp-content\/uploads\/2020\/10\/CortesdePallasmocion1.jpeg 1600w\" sizes=\"auto, (max-width: 1024px) 100vw, 1024px\" \/><\/figure>\n\n\n\n<p class=\"wp-block-paragraph\">L&#8217;Ajuntament de Cortes de Palla\u00e0s ha acollit a les dotze de l&#8217;migdia d&#8217;aquest dimarts el ple extraordinari en qu\u00e8 s&#8217;ha dut a terme la moci\u00f3 de censura presentada pels dos regidors d&#8217;el Partit Popular i els dos ex regidors de Comprom\u00eds contra el fins a la data alcalde del municipi, el socialista Fernando Navarro, formaci\u00f3 pol\u00edtica que compta amb tres regidors al consistori.<\/p>\n\n\n\n<p class=\"wp-block-paragraph\">Els dos regidors d&#8217;el PP i els dos ara no adscrits conformaran un equip de govern que estar\u00e0 format &#8220;per tots els regidors promotors de la moci\u00f3, sent David Herrera Lambiez (ex membre de Comprom\u00eds i ara en el grup de no adscrits) l&#8217;alcalde fins el dia 31 de gener de 2022, data en la qual l&#8217;alcaldia passar\u00e0 a David Gras Arlandis (PP), per\u00f2 seguirem treballant junts i coordinats pel poble &#8220;, segons han manifestat des de el nou govern municipal.<\/p>\n\n\n\n<p class=\"wp-block-paragraph\">Despr\u00e9s de la sessi\u00f3 plen\u00e0ria, que s&#8217;ha desenvolupat amb normalitat, des del Partit Socialista, el secretari d&#8217;Organitzaci\u00f3 de l&#8217;PSPV-PSOE, Jos\u00e9 Mu\u00f1oz, ha &#8220;condemnat avui que el govern progressista de Cortes de Pallars, encap\u00e7alat pel socialista Fernando Navarro, hagi estat enderrocat per un pacte antinatura en qu\u00e8 han primat els interessos personals davant l&#8217;inter\u00e8s de la ciutadania del municipi &#8220;que, ha recordat,&#8221; va expressar democr\u00e0ticament en les urnes la seua voluntat d&#8217;un Ajuntament de progr\u00e9s liderat pel socialisme &#8220;.<\/p>\n\n\n\n<p class=\"wp-block-paragraph\">Aix\u00ed ho ha manifestat Mu\u00f1oz despr\u00e9s de la celebraci\u00f3 de ple en el qual s&#8217;ha debatut la moci\u00f3 de censura contra l&#8217;alcalde socialista del municipi valenci\u00e0, a qu\u00e8 ha assistit per a &#8220;traslladar&#8221; tot el suport de PSPV-PSOE a l&#8217;alcalde leg\u00edtim de Cortes de Palla\u00e0s &#8220;. &#8220;Necessitem m\u00e9s que mai governs de progr\u00e9s encap\u00e7alats pel Partit Socialista, que treballin per defensar els interessos de la ciutadania&#8221;, ha considerat.<\/p>\n\n\n\n<p class=\"wp-block-paragraph\">&#8220;El que s&#8217;est\u00e0 produint \u00e9s un enderroc d&#8217;un govern progressista, i tant els regidors de el Partit Popular com els que es van presentar amb les sigles de Comprom\u00eds estan vulnerant la voluntat de la majoria democr\u00e0tica, expressada a les urnes en les \u00faltimes eleccions municipals&#8221; , ha denunciat el secretari d&#8217;Organitzaci\u00f3 socialista.<\/p>\n\n\n\n<p class=\"wp-block-paragraph\">En aquest sentit, ha assegurat que &#8220;cap moci\u00f3 de censura pot prendre als i les socialistes seu lideratge social i pol\u00edtic&#8221;, i s&#8217;ha mostrat conven\u00e7ut que &#8220;a Cortes de Pallars es seguir\u00e0 el mateix cam\u00ed que a Novelda, on una moci\u00f3 de censura va enderrocar a el bloc progressista liderat pel socialisme, per\u00f2 el PSPV-PSOE va guanyar les seg\u00fcents eleccions per majoria absoluta &#8220;. &#8220;El recorregut ser\u00e0 id\u00e8ntic a Cortes de Pallars, on el nou govern sorgit d&#8217;aquests acords antinaturals no trigar\u00e0 a demostrar la seva falta d&#8217;alternativa pol\u00edtica&#8221;, ha concl\u00f2s.<\/p>\n\n\n\n<p class=\"wp-block-paragraph\">Per la seua banda, des del nou govern local han justificat la seva acci\u00f3 recordant els arguments que els ha portat a presentar aquesta moci\u00f3: &#8220;Despr\u00e9s de les eleccions municipals de el 26 de maig de 2019, el poble de Cortes Pall\u00e1s va triar als que serien els seus representants durant els propers 4 anys. el PSOE, al no tenir majoria absoluta, va repartir les delegacions entre tots els regidors per tractar aix\u00ed de mantenir l&#8217;alcaldia. en la teoria, pot semblar una cosa nova, participatiu i democr\u00e0tic. Per\u00f2 en la pr\u00e0ctica aix\u00f2 no ha estat aix\u00ed &#8220;, han assegurat des del nou govern local.<\/p>\n\n\n\n<p class=\"wp-block-paragraph\">&#8220;Es va acordar realitzar un programa conjunt, que inclo\u00efa idees dels tres partits amb representaci\u00f3 a l&#8217;Ajuntament. Despr\u00e9s de m\u00e9s d&#8217;un any de legislatura no s&#8217;ha dut a terme cap punt del programa. Es va acordar que el que s&#8217;an\u00e9s a realitzar seria votat per tots els regidors. A dia d&#8217;avui, nom\u00e9s s&#8217;ha votat si s&#8217;obrien o no les piscines &#8220;.<\/p>\n\n\n\n<p class=\"wp-block-paragraph\">&#8220;Es va acordar que tots els dilluns ens reunir\u00edem per planificar el treball a realitzar i perqu\u00e8 hi hagu\u00e9s comunicaci\u00f3 en l&#8217;equip de govern. A dia d&#8217;avui, aquestes reunions no existeixen, ja que el senyor alcalde nom\u00e9s es deixa veure els dimecres i els divendres per el poble. a m\u00e9s, resulta curi\u00f3s que ens haguem assabentat d&#8217;actuacions municipals gr\u00e0cies a les xarxes socials, formant part, suposadament, d&#8217;l&#8217;equip de govern. Aquesta \u00e9s la comunicaci\u00f3 que existeix en l&#8217;equip de govern &#8220;.<\/p>\n\n\n\n<p class=\"wp-block-paragraph\">&#8220;Tamb\u00e9 hem d&#8217;esmentar les cont\u00ednues anul\u00b7lacions per part del senyor alcalde i la Primera Tinent d&#8217;Alcalde a la resta de regidors, fins i tot als del seu propi partit. El que va provocar un malestar entre els mateixos regidors de l&#8217;PSOE de Cortes de Pallars. Tamb\u00e9 ens crida l&#8217;atenci\u00f3 que en el fullet repartit pel PSOE de Cortes de Pall\u00e0s nom\u00e9s figurin els sous impulsors de la moci\u00f3 de censura i no els seus. que s\u00f3n els seg\u00fcents: Fernando Navarro Pardo 31.918,78 \u20ac; Maria Rosa Robledo Font 29.790,86 \u20ac; Jos\u00e9 Molt\u00f3 Navarro 27.662,94 \u20ac &#8220;.<\/p>\n\n\n\n<p class=\"wp-block-paragraph\">&#8220;Us animem a que consulteu les dietes de l&#8217;equip de govern i tragueu les vostres pr\u00f2pies conclusions. De el fullet de l&#8217;PSOE tamb\u00e9 ens crida l&#8217;atenci\u00f3 que se&#8217;ns acusi de tra\u00efdors a poble ia la democr\u00e0cia, quan no hi ha major tra\u00efdor que el representant que no escolta als seus ve\u00efns. Per tot aix\u00f2, ens hem vist motivats a presentar la moci\u00f3 de censura &#8220;, han finalitzat des del nou equip de govern municipal.<\/p>\n\n\n\n<p class=\"wp-block-paragraph\"><br><\/p>\n","protected":false},"excerpt":{"rendered":"<div class=\"mh-excerpt\">L&#8217;Ajuntament de Cortes de Palla\u00e0s ha acollit a les dotze de l&#8217;migdia d&#8217;aquest dimarts el ple extraordinari en qu\u00e8 s&#8217;ha dut a terme la moci\u00f3 de censura presentada pels dos regidors d&#8217;el Partit Popular i <a class=\"mh-excerpt-more\" href=\"https:\/\/tucomarca.whitekongsoftware.com\/ca\/la-mocio-de-censura-desbanca-de-lalcaldia-al-pspv-psoe-a-cortes-de-pallas\/\" title=\"La moci\u00f3 de censura desbanca de l&#8217;alcaldia al PSPV-PSOE a Cortes de Pall\u00e0s\">[+] <\/a><\/div>\n","protected":false},"author":1,"featured_media":115158,"comment_status":"open","ping_status":"open","sticky":false,"template":"","format":"standard","meta":{"footnotes":""},"categories":[10951,10953,10898,10894,10947,10896],"tags":[10540,10392,32],"class_list":["post-115171","post","type-post","status-publish","format-standard","has-post-thumbnail","category-ayora-cofrentes-ca","category-cortes-de-pallas-ca","category-ventana-ca","category-la-comarca-ca","category-politica","category-seccion-ca","tag-ayora-cofrentes","tag-cortes-de-pallas","tag-politica"],"_links":{"self":[{"href":"https:\/\/tucomarca.whitekongsoftware.com\/ca\/wp-json\/wp\/v2\/posts\/115171","targetHints":{"allow":["GET"]}}],"collection":[{"href":"https:\/\/tucomarca.whitekongsoftware.com\/ca\/wp-json\/wp\/v2\/posts"}],"about":[{"href":"https:\/\/tucomarca.whitekongsoftware.com\/ca\/wp-json\/wp\/v2\/types\/post"}],"author":[{"embeddable":true,"href":"https:\/\/tucomarca.whitekongsoftware.com\/ca\/wp-json\/wp\/v2\/users\/1"}],"replies":[{"embeddable":true,"href":"https:\/\/tucomarca.whitekongsoftware.com\/ca\/wp-json\/wp\/v2\/comments?post=115171"}],"version-history":[{"count":0,"href":"https:\/\/tucomarca.whitekongsoftware.com\/ca\/wp-json\/wp\/v2\/posts\/115171\/revisions"}],"wp:featuredmedia":[{"embeddable":true,"href":"https:\/\/tucomarca.whitekongsoftware.com\/ca\/wp-json\/wp\/v2\/media\/115158"}],"wp:attachment":[{"href":"https:\/\/tucomarca.whitekongsoftware.com\/ca\/wp-json\/wp\/v2\/media?parent=115171"}],"wp:term":[{"taxonomy":"category","embeddable":true,"href":"https:\/\/tucomarca.whitekongsoftware.com\/ca\/wp-json\/wp\/v2\/categories?post=115171"},{"taxonomy":"post_tag","embeddable":true,"href":"https:\/\/tucomarca.whitekongsoftware.com\/ca\/wp-json\/wp\/v2\/tags?post=115171"}],"curies":[{"name":"wp","href":"https:\/\/api.w.org\/{rel}","templated":true}]}}