{"id":115121,"date":"2020-10-06T19:00:51","date_gmt":"2020-10-06T17:00:51","guid":{"rendered":"http:\/\/www.tucomarca.com\/wordpress\/segunda\/?p=115121"},"modified":"2020-10-06T22:02:42","modified_gmt":"2020-10-06T20:02:42","slug":"requena-xiva-i-villanueva-de-castello-aporten-22-6-i-3-casos-respectivament-als-589-nous-contagis-de-coronavirus-a-la-comunitat","status":"publish","type":"post","link":"https:\/\/tucomarca.whitekongsoftware.com\/ca\/requena-xiva-i-villanueva-de-castello-aporten-22-6-i-3-casos-respectivament-als-589-nous-contagis-de-coronavirus-a-la-comunitat\/","title":{"rendered":"Requena, Xiva i Villanueva de Castell\u00f3 aporten 22, 6 i 3 casos, respectivament, als 589 nous contagis de coronavirus a la Comunitat"},"content":{"rendered":"\n<p class=\"wp-block-paragraph\">La Conselleria de Sanitat Universal i Salut P\u00fablica ha registrat 638 altes a pacients amb coronavirus, de manera que el total de persones curades des de l&#8217;inici de la pand\u00e8mia se situa en 45.893: 5.215 a Castell\u00f3, 15.054 a Alacant i 25.587 a Val\u00e8ncia. A m\u00e9s, el total d&#8217;altes sense assignaci\u00f3 \u00e9s de 37.<\/p>\n\n\n\n<p class=\"wp-block-paragraph\">En l&#8217;\u00faltim recompte, a l&#8217;interior de la prov\u00edncia de Val\u00e8ncia la Conselleria de Sanitat ha atribu\u00eft a Requena 22 casos d&#8217;origen laboral; a Xiva 6 casos tamb\u00e9 d&#8217;origen laboral; i a Castell\u00f3 de la Ribera 5 casos d&#8217;origen social.<\/p>\n\n\n\n<p class=\"wp-block-paragraph\">D&#8217;altra banda, hi ha 589 nous contagis de coronavirus confirmats per prova PCR a la Comunitat Valenciana, que situen la xifra total de positius en 43.609 persones. Per prov\u00edncies, la distribuci\u00f3 \u00e9s la seg\u00fcent: 98 a Castell\u00f3 (4.789 en total); 197 a Alacant (14.509 en total), i 294 a la prov\u00edncia de Val\u00e8ncia (24.214 en total). A m\u00e9s, el nombre total de pacients sense assignar ascendeix a 7.<\/p>\n\n\n\n<p class=\"wp-block-paragraph\">D&#8217;aquesta manera, a hores d&#8217;ara hi ha actius 5.569 casos, fet que suposa un 10,48% de l&#8217;total de positius.<\/p>\n\n\n\n<p class=\"wp-block-paragraph\">Els hospitals valencians tenen, actualment, 424 persones ingressades: 56 a la prov\u00edncia de Castell\u00f3, amb 6 pacients en UCI; 123 a la prov\u00edncia d&#8217;Alacant, 32 d&#8217;ells a l&#8217;UCI; i 245 a la prov\u00edncia de Val\u00e8ncia, 26 d&#8217;ells en UCI.<\/p>\n\n\n\n<p class=\"wp-block-paragraph\">D&#8217;altra banda, s&#8217;han registrat 13 morts per coronavirus des de l&#8217;\u00faltima actualitzaci\u00f3, de manera que el total de defuncions \u00e9s de 1.674 persones: 247 a la prov\u00edncia de Castell\u00f3, 582 a la d&#8217;Alacant i 845 a la de Val\u00e8ncia.<\/p>\n\n\n\n<p class=\"wp-block-paragraph\">El nombre total de proves dutes a terme per a la detecci\u00f3 de l&#8217;coronavirus ascendeix a 1.156.008, de les quals 1.003.70 han estat a trav\u00e9s de PCR i 152.307 mitjan\u00e7ant test r\u00e0pid.<\/p>\n\n\n\n<p class=\"wp-block-paragraph\"><strong>Actualitzaci\u00f3 de la situaci\u00f3 en resid\u00e8ncies<\/strong><\/p>\n\n\n\n<p class=\"wp-block-paragraph\">A dia d&#8217;avui, hi ha algun cas positiu en 34 resid\u00e8ncies de majors (2 a la prov\u00edncia de Castell\u00f3, 9 a la prov\u00edncia d&#8217;Alacant i 23 a la prov\u00edncia de Val\u00e8ncia), 3 centres de persones amb diversitat funcional (0 a la prov\u00edncia de Castell\u00f3, 1 a la d&#8217;Alacant i 2 a la de Val\u00e8ncia) i 1 centre de menors (1 a la prov\u00edncia d&#8217;Alacant).<\/p>\n\n\n\n<ul class=\"wp-block-list\"><li>Residents nous positius: 7<\/li><li>Treballadors nous positius: 4<\/li><li>Residents morts: 2<\/li><\/ul>\n\n\n\n<p class=\"wp-block-paragraph\">Actualment, es troben sota vigil\u00e0ncia activa de control sanitari juliol resid\u00e8ncies a la Comunitat Valenciana: 1 a la prov\u00edncia de Castell\u00f3, 1 a la prov\u00edncia d&#8217;Alacant i 5 a la prov\u00edncia de Val\u00e8ncia.<\/p>\n\n\n\n<p class=\"wp-block-paragraph\"><strong>Actualitzaci\u00f3 brots de coronavirus<\/strong><\/p>\n\n\n\n<p class=\"wp-block-paragraph\">Nous brots:<\/p>\n\n\n\n<p class=\"wp-block-paragraph\">\u00b7 Ontinyent: 8 casos. origen laboral<\/p>\n\n\n\n<p class=\"wp-block-paragraph\">\u00b7 Castell\u00f3 de la Plana: 3 casos. origen laboral<\/p>\n\n\n\n<p class=\"wp-block-paragraph\">\u00b7 Elda: 7 casos. origen social<\/p>\n\n\n\n<p class=\"wp-block-paragraph\">\u00b7 La Vall d&#8217;Uix\u00f3: 6 casos. origen social<\/p>\n\n\n\n<p class=\"wp-block-paragraph\">\u00b7 Torre Baixa: 7 casos. Origen social.<\/p>\n\n\n\n<p class=\"wp-block-paragraph\">\u00b7 D\u00e9nia: 3 casos. Origen laboral.<\/p>\n\n\n\n<p class=\"wp-block-paragraph\">\u00b7 Castell\u00f3 de la Plana: 3 casos. Origen social.<\/p>\n\n\n\n<p class=\"wp-block-paragraph\">\u00b7 Elche \/ Elx: 4 casos. Centre educatiu.<\/p>\n\n\n\n<p class=\"wp-block-paragraph\">\u00b7 Pilar de la Horadada: 5 casos. origen social<\/p>\n\n\n\n<p class=\"wp-block-paragraph\">\u00b7 Castell\u00f3 de la Plana: 6 casos. Origen social.<\/p>\n\n\n\n<p class=\"wp-block-paragraph\">\u00b7 Borriana \/ Burriana: 3 casos. Origen social.<\/p>\n\n\n\n<p class=\"wp-block-paragraph\">\u00b7 Castell\u00f3 de la Ribera: 5 casos. Origen social.<\/p>\n\n\n\n<p class=\"wp-block-paragraph\">\u00b7 Castell\u00f3 de la Plana: 6 casos. Origen social.<\/p>\n\n\n\n<p class=\"wp-block-paragraph\">\u00b7 Castell\u00f3 de la Plana: 5 casos. Origen social.<\/p>\n\n\n\n<p class=\"wp-block-paragraph\">\u00b7 Castell\u00f3 de la Plana: 12 casos. Origen social.<\/p>\n\n\n\n<p class=\"wp-block-paragraph\">\u00b7 Requena: 22 casos. Origen laboral.<\/p>\n\n\n\n<p class=\"wp-block-paragraph\">\u00b7 Chiva: 6 casos. Origen laboral.<\/p>\n\n\n\n<p class=\"wp-block-paragraph\">\u00b7 Museros: 5 casos. Origen social.<\/p>\n\n\n\n<p class=\"wp-block-paragraph\">\u00b7 Val\u00e8ncia: 5 casos. Origen social.<\/p>\n\n\n\n<p class=\"wp-block-paragraph\">\u00b7 Cadira: 5 casos. Origen laboral.<\/p>\n\n\n\n<p class=\"wp-block-paragraph\">\u00b7 Aldaia: 5 casos. Origen Social.<\/p>\n\n\n\n<p class=\"wp-block-paragraph\">\u00b7 Val\u00e8ncia: 3 casos. Origen laboral.<\/p>\n\n\n\n<p class=\"wp-block-paragraph\">\u00b7 Onda: 10 casos. Origen social.<\/p>\n\n\n\n<p class=\"wp-block-paragraph\">\u00b7 Onda: 3 casos. Origen laboral.<\/p>\n\n\n\n<p class=\"wp-block-paragraph\">\u00b7 Marines: 3 casos. Origen laboral.<\/p>\n\n\n\n<p class=\"wp-block-paragraph\">\u00b7 Val\u00e8ncia: 5 casos. Origen social.<\/p>\n\n\n\n<p class=\"wp-block-paragraph\">\u00b7 Banyeres de Mariola: 3 casos. Origen social.<\/p>\n\n\n\n<p class=\"wp-block-paragraph\">\u00b7 Val\u00e8ncia: 3 casos. Origen laboral.<\/p>\n\n\n\n<p class=\"wp-block-paragraph\">\u00b7 Rafelbunyol: 4 casos. Origen social.<\/p>\n\n\n\n<p class=\"wp-block-paragraph\">\u00b7 Val\u00e8ncia: 8 casos. Origen social.<\/p>\n\n\n\n<p class=\"wp-block-paragraph\">A l&#8217;entorn de la Universitat Polit\u00e8cnica de Val\u00e8ncia s&#8217;han practicat 712 proves PCR, de les quals 168 han donat un resultat positiu. En aquesta xifra, estan comptabilitzats els positius de les proves realitzades els passats dimecres i dijous, aix\u00ed com el cribratge de divendres.<\/p>\n","protected":false},"excerpt":{"rendered":"<div class=\"mh-excerpt\">La Conselleria de Sanitat Universal i Salut P\u00fablica ha registrat 638 altes a pacients amb coronavirus, de manera que el total de persones curades des de l&#8217;inici de la pand\u00e8mia se situa en 45.893: 5.215 <a class=\"mh-excerpt-more\" href=\"https:\/\/tucomarca.whitekongsoftware.com\/ca\/requena-xiva-i-villanueva-de-castello-aporten-22-6-i-3-casos-respectivament-als-589-nous-contagis-de-coronavirus-a-la-comunitat\/\" title=\"Requena, Xiva i Villanueva de Castell\u00f3 aporten 22, 6 i 3 casos, respectivament, als 589 nous contagis de coronavirus a la Comunitat\">[+] <\/a><\/div>\n","protected":false},"author":1,"featured_media":115119,"comment_status":"open","ping_status":"open","sticky":false,"template":"","format":"standard","meta":{"footnotes":""},"categories":[11010,12202,10898,10948,10894,10904,10912,10902,10903,10947,10908,10909,10896,10897,11052,10975],"tags":[11939,11940,11952,10914,11077,10910],"class_list":["post-115121","post","type-post","status-publish","format-standard","has-post-thumbnail","category-canal-salud","category-covid-19-ca","category-ventana-ca","category-infraestructuras-ca","category-la-comarca-ca","category-sin-categorizar-ca","category-la-hoya-ca","category-la-ribera-ca","category-medio-ambiente-la-comarca-ca","category-politica","category-requena-ca","category-requena-utiel-ca","category-seccion-ca","category-sucesos-la-comarca-ca","category-villanueva-de-castellon-ca","category-chiva-ca","tag-coronavirus-ca","tag-covid-19-ca","tag-covid2019-ca","tag-la-hoya-de-bunol-chiva-ca","tag-la-ribera-alta-ca","tag-requena-utiel-ca"],"_links":{"self":[{"href":"https:\/\/tucomarca.whitekongsoftware.com\/ca\/wp-json\/wp\/v2\/posts\/115121","targetHints":{"allow":["GET"]}}],"collection":[{"href":"https:\/\/tucomarca.whitekongsoftware.com\/ca\/wp-json\/wp\/v2\/posts"}],"about":[{"href":"https:\/\/tucomarca.whitekongsoftware.com\/ca\/wp-json\/wp\/v2\/types\/post"}],"author":[{"embeddable":true,"href":"https:\/\/tucomarca.whitekongsoftware.com\/ca\/wp-json\/wp\/v2\/users\/1"}],"replies":[{"embeddable":true,"href":"https:\/\/tucomarca.whitekongsoftware.com\/ca\/wp-json\/wp\/v2\/comments?post=115121"}],"version-history":[{"count":0,"href":"https:\/\/tucomarca.whitekongsoftware.com\/ca\/wp-json\/wp\/v2\/posts\/115121\/revisions"}],"wp:featuredmedia":[{"embeddable":true,"href":"https:\/\/tucomarca.whitekongsoftware.com\/ca\/wp-json\/wp\/v2\/media\/115119"}],"wp:attachment":[{"href":"https:\/\/tucomarca.whitekongsoftware.com\/ca\/wp-json\/wp\/v2\/media?parent=115121"}],"wp:term":[{"taxonomy":"category","embeddable":true,"href":"https:\/\/tucomarca.whitekongsoftware.com\/ca\/wp-json\/wp\/v2\/categories?post=115121"},{"taxonomy":"post_tag","embeddable":true,"href":"https:\/\/tucomarca.whitekongsoftware.com\/ca\/wp-json\/wp\/v2\/tags?post=115121"}],"curies":[{"name":"wp","href":"https:\/\/api.w.org\/{rel}","templated":true}]}}