{"id":114933,"date":"2020-10-05T11:03:15","date_gmt":"2020-10-05T09:03:15","guid":{"rendered":"http:\/\/www.tucomarca.com\/wordpress\/segunda\/?p=114933"},"modified":"2020-10-05T19:49:13","modified_gmt":"2020-10-05T17:49:13","slug":"la-responsabilitat-social-i-els-objectius-de-lagenda-2030-a-alboraig","status":"publish","type":"post","link":"https:\/\/tucomarca.whitekongsoftware.com\/ca\/la-responsabilitat-social-i-els-objectius-de-lagenda-2030-a-alboraig\/","title":{"rendered":"La responsabilitat social i els objectius de l&#8217;Agenda 2030, a Alboraig"},"content":{"rendered":"\n<p class=\"wp-block-paragraph\"><strong>L&#8217;Ajuntament d&#8217;Alboraig continuar\u00e0 treballant per a complir els Objectius de Desenrotllament Sostenible de l&#8217;Agenda 2030 i ser un municipi m\u00e9s sostenible i habitable.<\/strong><\/p>\n\n\n\n<p class=\"wp-block-paragraph\">L&#8217;Ajuntament d&#8217;Alboraig finalitza les accions de difusi\u00f3 de la RSC de les associacions locals i del seu impacte en el municipi, gr\u00e0cies a el projecte cofinan\u00e7at per la Conselleria de Transpar\u00e8ncia, Responsabilitat Social, Participaci\u00f3 i Cooperaci\u00f3.<\/p>\n\n\n\n<p class=\"wp-block-paragraph\">Amb el projecte d&#8217;aquest any continua la l\u00ednia d&#8217;actuaci\u00f3 que l&#8217;Ajuntament va comen\u00e7ar el 2018 d&#8217;estimular la participaci\u00f3 civil i la transpar\u00e8ncia municipal. Ara, el govern municipal s&#8217;ha comprom\u00e8s a convertir el full de ruta aprovada per les Nacions Unides i la Uni\u00f3 Europea en una prioritat estrat\u00e8gica del consistori, i en dur a terme un pla d&#8217;actuaci\u00f3 per fomentar el compliment dels Objectius de Desenvolupament Sostenible (OBS) de l&#8217;Agenda 2030 al municipi.<\/p>\n\n\n\n<p class=\"wp-block-paragraph\">En el marc de l&#8217;Agenda 2030 l&#8217;Ajuntament d&#8217;Alboraig es planteja com a reptes l&#8217;estalvi energ\u00e8tic, la millora de la mobilitat, la lluita contra la desigualtat social i contra la despoblaci\u00f3 i la disminuci\u00f3 de la crisi econ\u00f2mica.<\/p>\n\n\n\n<p class=\"wp-block-paragraph\">Per superar alguns d&#8217;aquests reptes l&#8217;Ajuntament comptar\u00e0 amb finan\u00e7ament extern en forma d&#8217;ajuts i subvencions. Per exemple, est\u00e0 previst sol\u00b7licitar prop de 100.000 \u20ac per a seguir treballant en aquesta l\u00ednia, per adquirir instal\u00b7lacions d&#8217;energia solar fotovoltaica per a generaci\u00f3 de l&#8217;autoconsum, millorar les condicions d&#8217;accessibilitat al centre urb\u00e0, ampliar i reparar instal\u00b7lacions municipals, i posar en marxa activitats de suport educatiu i extraescolars, culturals i esportives, entre d&#8217;altres.<\/p>\n\n\n\n<p class=\"wp-block-paragraph\">L&#8217;alcaldessa d&#8217;Alborache, Paqui Collado, apunta que l&#8217;objectiu \u00e9s que &#8220;no nom\u00e9s l&#8217;Ajuntament, sin\u00f3 que tamb\u00e9 les associacions i ve\u00efns i ve\u00efnes estiguen sensibilitzats sobre la import\u00e0ncia de lluitar units per aconseguir superar els objectius de desenvolupament sostenible. El model de municipi que volem per al futur comporta comprom\u00eds, cooperaci\u00f3 i responsabilitat de tots i totes.&#8221;<\/p>\n","protected":false},"excerpt":{"rendered":"<div class=\"mh-excerpt\">L&#8217;Ajuntament d&#8217;Alboraig continuar\u00e0 treballant per a complir els Objectius de Desenrotllament Sostenible de l&#8217;Agenda 2030 i ser un municipi m\u00e9s sostenible i habitable. L&#8217;Ajuntament d&#8217;Alboraig finalitza les accions de difusi\u00f3 de la RSC de les <a class=\"mh-excerpt-more\" href=\"https:\/\/tucomarca.whitekongsoftware.com\/ca\/la-responsabilitat-social-i-els-objectius-de-lagenda-2030-a-alboraig\/\" title=\"La responsabilitat social i els objectius de l&#8217;Agenda 2030, a Alboraig\">[+] <\/a><\/div>\n","protected":false},"author":12,"featured_media":114932,"comment_status":"open","ping_status":"open","sticky":false,"template":"","format":"standard","meta":{"footnotes":""},"categories":[10973,10948,10894,10912,10903,10896],"tags":[12634,10755,5952],"class_list":["post-114933","post","type-post","status-publish","format-standard","has-post-thumbnail","category-alborache-ca","category-infraestructuras-ca","category-la-comarca-ca","category-la-hoya-ca","category-medio-ambiente-la-comarca-ca","category-seccion-ca","tag-agenda-2030","tag-ayuntamiento-de-alborache","tag-la-hoya-de-bunol-chiva"],"_links":{"self":[{"href":"https:\/\/tucomarca.whitekongsoftware.com\/ca\/wp-json\/wp\/v2\/posts\/114933","targetHints":{"allow":["GET"]}}],"collection":[{"href":"https:\/\/tucomarca.whitekongsoftware.com\/ca\/wp-json\/wp\/v2\/posts"}],"about":[{"href":"https:\/\/tucomarca.whitekongsoftware.com\/ca\/wp-json\/wp\/v2\/types\/post"}],"author":[{"embeddable":true,"href":"https:\/\/tucomarca.whitekongsoftware.com\/ca\/wp-json\/wp\/v2\/users\/12"}],"replies":[{"embeddable":true,"href":"https:\/\/tucomarca.whitekongsoftware.com\/ca\/wp-json\/wp\/v2\/comments?post=114933"}],"version-history":[{"count":0,"href":"https:\/\/tucomarca.whitekongsoftware.com\/ca\/wp-json\/wp\/v2\/posts\/114933\/revisions"}],"wp:featuredmedia":[{"embeddable":true,"href":"https:\/\/tucomarca.whitekongsoftware.com\/ca\/wp-json\/wp\/v2\/media\/114932"}],"wp:attachment":[{"href":"https:\/\/tucomarca.whitekongsoftware.com\/ca\/wp-json\/wp\/v2\/media?parent=114933"}],"wp:term":[{"taxonomy":"category","embeddable":true,"href":"https:\/\/tucomarca.whitekongsoftware.com\/ca\/wp-json\/wp\/v2\/categories?post=114933"},{"taxonomy":"post_tag","embeddable":true,"href":"https:\/\/tucomarca.whitekongsoftware.com\/ca\/wp-json\/wp\/v2\/tags?post=114933"}],"curies":[{"name":"wp","href":"https:\/\/api.w.org\/{rel}","templated":true}]}}