{"id":114924,"date":"2020-10-05T11:00:31","date_gmt":"2020-10-05T09:00:31","guid":{"rendered":"http:\/\/www.tucomarca.com\/wordpress\/segunda\/?p=114924"},"modified":"2020-10-05T20:05:27","modified_gmt":"2020-10-05T18:05:27","slug":"valencia-turisme-certifica-un-notable-increment-de-rodatges-a-la-provincia-despres-de-mesos-descassa-activitat-per-la-crisi-del-coronavirus","status":"publish","type":"post","link":"https:\/\/tucomarca.whitekongsoftware.com\/ca\/valencia-turisme-certifica-un-notable-increment-de-rodatges-a-la-provincia-despres-de-mesos-descassa-activitat-per-la-crisi-del-coronavirus\/","title":{"rendered":"Val\u00e8ncia Turisme certifica un notable increment de rodatges a la prov\u00edncia despr\u00e9s de mesos d&#8217;escassa activitat per la crisi del coronavirus"},"content":{"rendered":"\n<p class=\"wp-block-paragraph\"><strong>La ind\u00fastria audiovisual reactiva els seus rodatges en el territori valenci\u00e0<\/strong><\/p>\n\n\n\n<p class=\"wp-block-paragraph\">La ind\u00fastria audiovisual nacional i internacional ha reactivat els seus rodatges en municipis de la prov\u00edncia de Val\u00e8ncia en les \u00faltimes setmanes, despr\u00e9s de mesos d&#8217;ajornaments i escassa activitat a causa de la pand\u00e8mia del coronavirus, segons ha pogut constatar Film Val\u00e8ncia, plataforma impulsada des de Val\u00e8ncia Turisme per a posar en valor el territori valenci\u00e0 en aquest sector.<\/p>\n\n\n\n<p class=\"wp-block-paragraph\">El municipi de Tu\u00e9jar, Pinedo i l\u2019Albufera de Val\u00e8ncia s\u00f3n alguns dels llocs que han acollit fa uns dies i durant diverses setmanes el rodatge de&nbsp;<em>El que sabem<\/em>, el primer llargmetratge del guardonat director i guionista valenci\u00e0 Jordi N\u00fa\u00f1ez, que acumula m\u00e9s d&#8217;11 milions d&#8217;espectadors en Youtube en alguns dels seus curts.<\/p>\n\n\n\n<p class=\"wp-block-paragraph\">N\u00fa\u00f1ez treballa amb un equip hum\u00e0 format per prop de 50 persones al costat de la productora PegatumTransmedia S.L., experta en el desenvolupament de projectes propis de ficci\u00f3 i documental, i avalada pel reconeixement obtingut en el Festival Internacional de Sitges.<\/p>\n\n\n\n<p class=\"wp-block-paragraph\">L&#8217;elenc de&nbsp;<em>El que sabem<\/em>&nbsp;est\u00e0 format, en la seua majoria, per actrius i actors valencians, a trav\u00e9s dels quals se cerca abordar els problemes i les decisions de joventut, que acaben per marcar la maduresa de les persones.<\/p>\n\n\n\n<p class=\"wp-block-paragraph\">Les jornades de rodatge se celebren amb extremes mesures de seguretat i higiene per a fer front a la covid-19: guants, m\u00e0scares, \u00fas individualitzat d&#8217;auriculars i material de maquillatge, desinfecci\u00f3 de vestuari i instal\u00b7lacions i equips redu\u00efts en els sets de rodatge s\u00f3n alguns dels \u201cimprescindibles\u201d despr\u00e9s de reprendre l&#8217;activitat per a les productores.<\/p>\n\n\n\n<p class=\"wp-block-paragraph\"><strong>Del Marroc a Gandia<\/strong><\/p>\n\n\n\n<p class=\"wp-block-paragraph\">Un altre dels rodatges destacats que s&#8217;han dut a terme en els municipis valencians \u00e9s el de la s\u00e8rie espanyola de car\u00e0cter internacional&nbsp;<em>Glow&amp;Darkness<\/em>&nbsp;en el Palau Ducal de Gandia, de la m\u00e0 de la productora Dreamlight Internacional Productions, de Jos\u00e9 Luis Moreno.<\/p>\n\n\n\n<p class=\"wp-block-paragraph\">El rodatge de la s\u00e8rie va comen\u00e7ar al Marroc i es va detenir al mar\u00e7 per la pand\u00e8mia, i actualment s&#8217;ha repr\u00e8s a Espanya, on ja ha recorregut les ciutats de C\u00f3rdoba, Toledo, C\u00e1ceres, Sig\u00fcenza i Burgos, fins a arribar a Val\u00e8ncia i, concretament, Gandia.<\/p>\n\n\n\n<p class=\"wp-block-paragraph\">El Palau Ducal de Gandia ha sigut l&#8217;\u00faltim escenari de rodatge, on el protagonista ha sigut l&#8217;actor internacional Bruce Davison, guanyador del Globo de Oro per&nbsp;<em>Compa\u00f1eros inseparables<\/em>&nbsp;en 1991 i per&nbsp;<em>Vidas cruzadas<\/em>&nbsp;en 1993, a m\u00e9s de participar en pel\u00b7l\u00edcules tan conegudes com&nbsp;<em>X-Men<\/em>, s\u00e8ries com S&#8217;ha escrit un crim,&nbsp;<em>Startrek: Entreperise<\/em>&nbsp;o&nbsp;<em>Llei i ordre:UVE.<\/em><\/p>\n\n\n\n<p class=\"wp-block-paragraph\">Altres actors de la producci\u00f3 s\u00f3n tamb\u00e9 Joan Collins, Jane Seymour, Mira Sorvino, aix\u00ed com els espanyols Eduardo Noriega i Fernando Gil, entre altres.<\/p>\n\n\n\n<p class=\"wp-block-paragraph\"><strong>Pr\u00f2xims escenaris<\/strong><\/p>\n\n\n\n<p class=\"wp-block-paragraph\">Film Val\u00e8ncia destaca la \u201cgran posada en valor del territori valenci\u00e0 que suposen aquestes plataformes audiovisuals de cara a la seua promoci\u00f3 tur\u00edstica i l&#8217;important moviment monetari que generen al seu voltant en els municipis que acullen els rodatges durant dies o setmanes, de summa import\u00e0ncia per a tots els sectors a la prov\u00edncia de Val\u00e8ncia en la situaci\u00f3 econ\u00f2mica actual provocada per la crisi sanit\u00e0ria&#8221;.<\/p>\n\n\n\n<p class=\"wp-block-paragraph\">Els pr\u00f2xims escenaris concertats a la prov\u00edncia s\u00f3n Tu\u00e9jar, de nou, i Sueca, encara que la previsi\u00f3 de Film Val\u00e8ncia \u00e9s optimista per a les 40 poblacions valencianes i 179 localitzacions que reuneix la plataforma audiovisual de Val\u00e8ncia Turisme.<\/p>\n","protected":false},"excerpt":{"rendered":"<div class=\"mh-excerpt\">La ind\u00fastria audiovisual reactiva els seus rodatges en el territori valenci\u00e0 La ind\u00fastria audiovisual nacional i internacional ha reactivat els seus rodatges en municipis de la prov\u00edncia de Val\u00e8ncia en les \u00faltimes setmanes, despr\u00e9s de <a class=\"mh-excerpt-more\" href=\"https:\/\/tucomarca.whitekongsoftware.com\/ca\/valencia-turisme-certifica-un-notable-increment-de-rodatges-a-la-provincia-despres-de-mesos-descassa-activitat-per-la-crisi-del-coronavirus\/\" title=\"Val\u00e8ncia Turisme certifica un notable increment de rodatges a la prov\u00edncia despr\u00e9s de mesos d&#8217;escassa activitat per la crisi del coronavirus\">[+] <\/a><\/div>\n","protected":false},"author":12,"featured_media":114923,"comment_status":"open","ping_status":"open","sticky":false,"template":"","format":"standard","meta":{"footnotes":""},"categories":[12202,10894,10904,11007,10896],"tags":[11939,11940,11404],"class_list":["post-114924","post","type-post","status-publish","format-standard","has-post-thumbnail","category-covid-19-ca","category-la-comarca-ca","category-sin-categorizar-ca","category-ocio-y-cultura-ca","category-seccion-ca","tag-coronavirus-ca","tag-covid-19-ca","tag-valencia-turisme-ca"],"_links":{"self":[{"href":"https:\/\/tucomarca.whitekongsoftware.com\/ca\/wp-json\/wp\/v2\/posts\/114924","targetHints":{"allow":["GET"]}}],"collection":[{"href":"https:\/\/tucomarca.whitekongsoftware.com\/ca\/wp-json\/wp\/v2\/posts"}],"about":[{"href":"https:\/\/tucomarca.whitekongsoftware.com\/ca\/wp-json\/wp\/v2\/types\/post"}],"author":[{"embeddable":true,"href":"https:\/\/tucomarca.whitekongsoftware.com\/ca\/wp-json\/wp\/v2\/users\/12"}],"replies":[{"embeddable":true,"href":"https:\/\/tucomarca.whitekongsoftware.com\/ca\/wp-json\/wp\/v2\/comments?post=114924"}],"version-history":[{"count":0,"href":"https:\/\/tucomarca.whitekongsoftware.com\/ca\/wp-json\/wp\/v2\/posts\/114924\/revisions"}],"wp:featuredmedia":[{"embeddable":true,"href":"https:\/\/tucomarca.whitekongsoftware.com\/ca\/wp-json\/wp\/v2\/media\/114923"}],"wp:attachment":[{"href":"https:\/\/tucomarca.whitekongsoftware.com\/ca\/wp-json\/wp\/v2\/media?parent=114924"}],"wp:term":[{"taxonomy":"category","embeddable":true,"href":"https:\/\/tucomarca.whitekongsoftware.com\/ca\/wp-json\/wp\/v2\/categories?post=114924"},{"taxonomy":"post_tag","embeddable":true,"href":"https:\/\/tucomarca.whitekongsoftware.com\/ca\/wp-json\/wp\/v2\/tags?post=114924"}],"curies":[{"name":"wp","href":"https:\/\/api.w.org\/{rel}","templated":true}]}}