{"id":114771,"date":"2020-10-03T13:15:59","date_gmt":"2020-10-03T11:15:59","guid":{"rendered":"http:\/\/www.tucomarca.com\/wordpress\/segunda\/?p=114771"},"modified":"2020-10-03T20:25:49","modified_gmt":"2020-10-03T18:25:49","slug":"lajuntament-de-bunyol-convoca-la-iii-edicio-de-el-concurs-de-fotografia-barri-sant-rafael","status":"publish","type":"post","link":"https:\/\/tucomarca.whitekongsoftware.com\/ca\/lajuntament-de-bunyol-convoca-la-iii-edicio-de-el-concurs-de-fotografia-barri-sant-rafael\/","title":{"rendered":"L&#8217;Ajuntament de Bunyol convoca la III edici\u00f3 de el Concurs de Fotografia Barri Sant Rafael"},"content":{"rendered":"\n<p class=\"wp-block-paragraph\">La regidoria de Cultura de l&#8217;Ajuntament de Bunyol informa de la convocat\u00f2ria de l&#8217;Tercer Concurs de Fotografia Barri de Sant Rafael enfocat a premiar les millors fotografies que mostren la riquesa paisatg\u00edstica, obres culturals i\/o art\u00edstiques o industrials de la localitat.<\/p>\n\n\n\n<p class=\"wp-block-paragraph\">El regidor de Cultura, Juan Luis Pall\u00e1s, crida a la participaci\u00f3 de totes les persones, professionals o no, &#8220;perqu\u00e8 participen en aquest concurs presentant les seues fotografies reflectint els nostres paratges, la nostra cultura o la nostra ind\u00fastria, s\u00edmbol d&#8217;aquesta bonica poblaci\u00f3 d&#8217;interior&#8221;<\/p>\n\n\n\n<p class=\"wp-block-paragraph\">Tots els interessats a participar en aquest concurs poden emetre per Registre d&#8217;entrada de l&#8217;Ajuntament de Bu\u00f1ol les seues obres in\u00e8dites (fins a un total de 3 fotografies per autor) fins al 23 d&#8217;octubre. Els premis que s&#8217;atorgaran van des dels 250 \u20ac per al guanyador, fins als 100 \u20ac per al Tercer Premi i Premi de l&#8217;P\u00fablic. El lliurament de premis es far\u00e0 en acte p\u00fablic el 7 de novembre amb motiu de la inauguraci\u00f3 de l&#8217;exposici\u00f3 de les fotografies a concurs.<\/p>\n\n\n\n<p class=\"wp-block-paragraph\">Pall\u00e1s recorda a la poblaci\u00f3 que pot presentar-se qualsevol persona f\u00edsica, professional o aficionat sense l\u00edmit d&#8217;edat. Juntament amb la fotografia es presentar\u00e0 un sobre tancat en el qual en el seu interior ha de portar la sol\u00b7licitud de participaci\u00f3 en el concurs signada, fotografia compulsada el DNI, declaraci\u00f3 responsable de no estar sotm\u00e8s a cap de les prohibicions de les recollides en l&#8217;article 13.2 de la Llei 38\/03 General de Subvencions, declaraci\u00f3 responsable de l&#8217;acompliment d&#8217;obligacions tribut\u00e0ries i de Seguretat Social i dades de contacte.<\/p>\n\n\n\n<p class=\"wp-block-paragraph\">L&#8217;edil recorda que totes les obres que entren a concurs podran ser objecte d&#8217;exposici\u00f3 durant els mesos de novembre a desembre, dins de la Programaci\u00f3 Cultural Estable &#8220;Bunyol Actua&#8221;, en l&#8217;espai i condicions que l&#8217;Ajuntament estime oport\u00fa.<\/p>\n\n\n\n<p class=\"wp-block-paragraph\">La mida de les fotografies ser\u00e0 de 30&#215;40 cm com a m\u00ednim i de 40&#215;50 cm com a m\u00e0xim, encara que tamb\u00e9 poden presentar-se en suport pen drive. S&#8217;han de presentar al Registre d&#8217;Entrada del consistori bunyolense de dilluns a divendres de 9 a 14 h.<\/p>\n","protected":false},"excerpt":{"rendered":"<div class=\"mh-excerpt\">La regidoria de Cultura de l&#8217;Ajuntament de Bunyol informa de la convocat\u00f2ria de l&#8217;Tercer Concurs de Fotografia Barri de Sant Rafael enfocat a premiar les millors fotografies que mostren la riquesa paisatg\u00edstica, obres culturals i\/o <a class=\"mh-excerpt-more\" href=\"https:\/\/tucomarca.whitekongsoftware.com\/ca\/lajuntament-de-bunyol-convoca-la-iii-edicio-de-el-concurs-de-fotografia-barri-sant-rafael\/\" title=\"L&#8217;Ajuntament de Bunyol convoca la III edici\u00f3 de el Concurs de Fotografia Barri Sant Rafael\">[+] <\/a><\/div>\n","protected":false},"author":12,"featured_media":114770,"comment_status":"open","ping_status":"open","sticky":false,"template":"","format":"standard","meta":{"footnotes":""},"categories":[11019,10911,10894,10912,11007,10896],"tags":[5335,12686,5952],"class_list":["post-114771","post","type-post","status-publish","format-standard","has-post-thumbnail","category-agenda-ca","category-bunol-ca","category-la-comarca-ca","category-la-hoya-ca","category-ocio-y-cultura-ca","category-seccion-ca","tag-ayuntamiento-de-bunol","tag-iii-concurso-de-fotografia-barrio-san-rafael","tag-la-hoya-de-bunol-chiva"],"_links":{"self":[{"href":"https:\/\/tucomarca.whitekongsoftware.com\/ca\/wp-json\/wp\/v2\/posts\/114771","targetHints":{"allow":["GET"]}}],"collection":[{"href":"https:\/\/tucomarca.whitekongsoftware.com\/ca\/wp-json\/wp\/v2\/posts"}],"about":[{"href":"https:\/\/tucomarca.whitekongsoftware.com\/ca\/wp-json\/wp\/v2\/types\/post"}],"author":[{"embeddable":true,"href":"https:\/\/tucomarca.whitekongsoftware.com\/ca\/wp-json\/wp\/v2\/users\/12"}],"replies":[{"embeddable":true,"href":"https:\/\/tucomarca.whitekongsoftware.com\/ca\/wp-json\/wp\/v2\/comments?post=114771"}],"version-history":[{"count":0,"href":"https:\/\/tucomarca.whitekongsoftware.com\/ca\/wp-json\/wp\/v2\/posts\/114771\/revisions"}],"wp:featuredmedia":[{"embeddable":true,"href":"https:\/\/tucomarca.whitekongsoftware.com\/ca\/wp-json\/wp\/v2\/media\/114770"}],"wp:attachment":[{"href":"https:\/\/tucomarca.whitekongsoftware.com\/ca\/wp-json\/wp\/v2\/media?parent=114771"}],"wp:term":[{"taxonomy":"category","embeddable":true,"href":"https:\/\/tucomarca.whitekongsoftware.com\/ca\/wp-json\/wp\/v2\/categories?post=114771"},{"taxonomy":"post_tag","embeddable":true,"href":"https:\/\/tucomarca.whitekongsoftware.com\/ca\/wp-json\/wp\/v2\/tags?post=114771"}],"curies":[{"name":"wp","href":"https:\/\/api.w.org\/{rel}","templated":true}]}}