{"id":114659,"date":"2020-10-01T20:00:07","date_gmt":"2020-10-01T18:00:07","guid":{"rendered":"http:\/\/www.tucomarca.com\/wordpress\/segunda\/?p=114659"},"modified":"2020-10-01T21:41:43","modified_gmt":"2020-10-01T19:41:43","slug":"el-chivano-abraham-lacalle-segueix-recollint-premis-i-nominacions-en-festivals-internacionals-amb-el-seu-llargmetratge-els-desitjats","status":"publish","type":"post","link":"https:\/\/tucomarca.whitekongsoftware.com\/ca\/el-chivano-abraham-lacalle-segueix-recollint-premis-i-nominacions-en-festivals-internacionals-amb-el-seu-llargmetratge-els-desitjats\/","title":{"rendered":"El chivano Abraham Lacalle segueix recollint premis i nominacions en festivals internacionals amb el seu llargmetratge \u00abEls Desitjats\u00bb"},"content":{"rendered":"\n<p class=\"wp-block-paragraph\"><strong>Aquesta ambiciosa pel\u00b7l\u00edcula amb un pressupost de nom\u00e9s 25.000 \u20ac ha rebut premis i nominacions a La \u00cdndia, Estats Units, R\u00fassia, Regne Unit, M\u00e8xic, Espanya i ara a It\u00e0lia<\/strong><\/p>\n\n\n\n<p class=\"wp-block-paragraph\">\u00abEls Desitjats\u00bb, escrita, dirigida i produ\u00efda pel chivano Abraham Lacalle Marquina, amb tan sol un pressupost de 25.000 \u20ac aconseguits a trav\u00e9s d&#8217;una campanya de crowdfunding i dels seus propis estalvis, ha aconseguit fer-se amb diversos guardons i nominacions en diversos festivals internacionals de cinema a pa\u00efsos com M\u00e8xic, l&#8217;\u00cdndia, R\u00fassia, Regne Unit, EUA (Calif\u00f2rnia) i Espanya (Santander i Barcelona) i aquest mes de setembre ha estat seleccionat en el \u00d2stia International Film Festival (It\u00e0lia), a m\u00e9s de ser projectada com a part de la programaci\u00f3 de festival de cinema \u00abNo Vist\u00bb de Ja\u00e9n.<\/p>\n\n\n\n<p class=\"wp-block-paragraph\">Lacalle, que es defineix com \u00abautodidacta i gran amant de cinema\u00bb va rodar aquest llargmetratge en 2018 compaginant el seu treball amb gaireb\u00e9 50 dies de rodatge durant els caps de setmana, comptant amb un equip de 60 persones entre actors, t\u00e8cnics i figurants que van estar assajant des del primer semestre del 2018 al local de la SRC \u00abLa M\u00fatua\u00bb de Xiva, fins que va comen\u00e7ar el seu rodatge al juny de el mateix any.<\/p>\n\n\n\n<p class=\"wp-block-paragraph\">La pel\u00b7l\u00edcula explica la hist\u00f2ria de Leo, &#8220;un nen amb una desbordant imaginaci\u00f3 que despr\u00e9s de la guerra, viu amb Josep, el seu pare, sota el jou dels despietats Desitjats, una secta paramilitar pseudoreligiosa amb una f\u00e8rria i autorit\u00e0ria jerarquia que professa una religi\u00f3 anomenada gl\u00f2ria, tancant i adoctrinant als quals es mostren contraris a un internat. El seu pare s&#8217;encarregar\u00e0 d&#8217;avivar la imaginaci\u00f3 de l&#8217;petit Leo per evadir-se de el fosc i catastr\u00f2fic panorama que els envolta i aix\u00ed mantenir-se ferms davant la secta, el Capit\u00e0, capitost dels Desitjats, i els seus sequa\u00e7os &#8220;.<\/p>\n\n\n\n<p class=\"wp-block-paragraph\">\u00c9s el primer llargmetratge realitzat per alg\u00fa de Xiva, una pel\u00b7l\u00edcula d&#8217;\u00e8poca molt ambiciosa, amb un gran repartiment, vestuari nou i una banda sonora original. El petit Leo \u00e9s Ra\u00fal Belloch, que per primera vegada es posa davant d&#8217;una c\u00e0mera amb el paper de l&#8217;protagonista durant la inf\u00e0ncia. Jorge Porta, un jove estudiant de teatre interpreta Leo de gran. La protagonista femenina \u00e9s Nerea Queralt, aix\u00ed com a propi Abraham Lacalle, que es converteix en actor per vestir-se de l&#8217;dolent de l&#8217;internat, a m\u00e9s de Guada Mart\u00ednez, Miguel Tolosa, \u00c1lvaro Maset Sen\u00eds, Yago Mill\u00e1n P\u00e9rez-Cejuela, Rafael Gonz\u00e1lez, Esther Guillem Guillem i Laura Rodr\u00edguez, entre d&#8217;altres.<\/p>\n\n\n\n<p class=\"wp-block-paragraph\">Els escenaris per a aquest rodatge s&#8217;han localitzat en gran part en una alqueria de l&#8217;1600 a la localitat de Tor\u00eds, aix\u00ed com a Chiva, l&#8217;embassament de Cortes de Pallars, al Mirador de l&#8217;Garb\u00ed (Serra), Mas de Navarrete (Terol), Villar de l&#8217;Fum i les Chorreras d&#8217;Engu\u00eddanos (Conca) i en Calp.<\/p>\n\n\n\n<p class=\"wp-block-paragraph\">\u00abEls Desitjats\u00bb est\u00e0 previst que es pugui veure al Teatre Astoria de Xiva al gener de 2021, tot i que s&#8217;ha paralitzat pel coronavirus, en el seu itinerari pels festivals ha destacat pel seu premi a la Millor Pel\u00b7l\u00edcula en el Eur\u00e0sia International Monthly Film Festival (EIMFF), Millor Pel\u00b7l\u00edcula a R\u00fassia, i tercera Millor Pel\u00b7l\u00edcula al Regne Unit.<\/p>\n\n\n\n<p class=\"wp-block-paragraph\">Quant al Covid-19 ho permeti aquest film s&#8217;estrenar\u00e0 i continuar\u00e0 el seu recorregut pels festivals al llarg dels cinc continents.<\/p>\n\n\n\n<ul class=\"wp-block-gallery columns-1 is-cropped wp-block-gallery-1 is-layout-flex wp-block-gallery-is-layout-flex\"><li class=\"blocks-gallery-item\"><figure><img loading=\"lazy\" decoding=\"async\" width=\"861\" height=\"474\" src=\"http:\/\/www.tucomarca.com\/wordpress\/segunda\/wp-content\/uploads\/2020\/09\/LosDeseados1.jpg\" alt=\"\" data-id=\"113892\" data-link=\"http:\/\/www.tucomarca.com\/wordpress\/segunda\/?attachment_id=113892\" class=\"wp-image-113892\" srcset=\"https:\/\/tucomarca.whitekongsoftware.com\/wp-content\/uploads\/2020\/09\/LosDeseados1.jpg 861w, https:\/\/tucomarca.whitekongsoftware.com\/wp-content\/uploads\/2020\/09\/LosDeseados1-300x165.jpg 300w, https:\/\/tucomarca.whitekongsoftware.com\/wp-content\/uploads\/2020\/09\/LosDeseados1-768x423.jpg 768w\" sizes=\"auto, (max-width: 861px) 100vw, 861px\" \/><\/figure><\/li><li class=\"blocks-gallery-item\"><figure><img loading=\"lazy\" decoding=\"async\" width=\"787\" height=\"525\" src=\"http:\/\/www.tucomarca.com\/wordpress\/segunda\/wp-content\/uploads\/2020\/09\/LosDeseados3.jpg\" alt=\"\" data-id=\"113894\" data-link=\"http:\/\/www.tucomarca.com\/wordpress\/segunda\/?attachment_id=113894\" class=\"wp-image-113894\" srcset=\"https:\/\/tucomarca.whitekongsoftware.com\/wp-content\/uploads\/2020\/09\/LosDeseados3.jpg 787w, https:\/\/tucomarca.whitekongsoftware.com\/wp-content\/uploads\/2020\/09\/LosDeseados3-300x200.jpg 300w, https:\/\/tucomarca.whitekongsoftware.com\/wp-content\/uploads\/2020\/09\/LosDeseados3-768x512.jpg 768w\" sizes=\"auto, (max-width: 787px) 100vw, 787px\" \/><\/figure><\/li><li class=\"blocks-gallery-item\"><figure><img loading=\"lazy\" decoding=\"async\" width=\"852\" height=\"464\" src=\"http:\/\/www.tucomarca.com\/wordpress\/segunda\/wp-content\/uploads\/2020\/09\/LosDeseados2.jpg\" alt=\"\" data-id=\"113886\" data-link=\"http:\/\/www.tucomarca.com\/wordpress\/segunda\/?attachment_id=113886\" class=\"wp-image-113886\" srcset=\"https:\/\/tucomarca.whitekongsoftware.com\/wp-content\/uploads\/2020\/09\/LosDeseados2.jpg 852w, https:\/\/tucomarca.whitekongsoftware.com\/wp-content\/uploads\/2020\/09\/LosDeseados2-300x163.jpg 300w, https:\/\/tucomarca.whitekongsoftware.com\/wp-content\/uploads\/2020\/09\/LosDeseados2-768x418.jpg 768w\" sizes=\"auto, (max-width: 852px) 100vw, 852px\" \/><\/figure><\/li><li class=\"blocks-gallery-item\"><figure><img loading=\"lazy\" decoding=\"async\" width=\"685\" height=\"1024\" src=\"http:\/\/www.tucomarca.com\/wordpress\/segunda\/wp-content\/uploads\/2020\/09\/AbrahamLacalle-685x1024.jpg\" alt=\"\" data-id=\"113890\" data-link=\"http:\/\/www.tucomarca.com\/wordpress\/segunda\/?attachment_id=113890\" class=\"wp-image-113890\" srcset=\"https:\/\/tucomarca.whitekongsoftware.com\/wp-content\/uploads\/2020\/09\/AbrahamLacalle-685x1024.jpg 685w, https:\/\/tucomarca.whitekongsoftware.com\/wp-content\/uploads\/2020\/09\/AbrahamLacalle-201x300.jpg 201w, https:\/\/tucomarca.whitekongsoftware.com\/wp-content\/uploads\/2020\/09\/AbrahamLacalle-768x1148.jpg 768w, https:\/\/tucomarca.whitekongsoftware.com\/wp-content\/uploads\/2020\/09\/AbrahamLacalle.jpg 787w\" sizes=\"auto, (max-width: 685px) 100vw, 685px\" \/><\/figure><\/li><li class=\"blocks-gallery-item\"><figure><img loading=\"lazy\" decoding=\"async\" width=\"787\" height=\"590\" src=\"http:\/\/www.tucomarca.com\/wordpress\/segunda\/wp-content\/uploads\/2020\/09\/LosDeseados4.jpg\" alt=\"\" data-id=\"113896\" data-link=\"http:\/\/www.tucomarca.com\/wordpress\/segunda\/?attachment_id=113896\" class=\"wp-image-113896\" srcset=\"https:\/\/tucomarca.whitekongsoftware.com\/wp-content\/uploads\/2020\/09\/LosDeseados4.jpg 787w, https:\/\/tucomarca.whitekongsoftware.com\/wp-content\/uploads\/2020\/09\/LosDeseados4-300x225.jpg 300w, https:\/\/tucomarca.whitekongsoftware.com\/wp-content\/uploads\/2020\/09\/LosDeseados4-768x576.jpg 768w, https:\/\/tucomarca.whitekongsoftware.com\/wp-content\/uploads\/2020\/09\/LosDeseados4-678x509.jpg 678w, https:\/\/tucomarca.whitekongsoftware.com\/wp-content\/uploads\/2020\/09\/LosDeseados4-326x245.jpg 326w, https:\/\/tucomarca.whitekongsoftware.com\/wp-content\/uploads\/2020\/09\/LosDeseados4-80x60.jpg 80w\" sizes=\"auto, (max-width: 787px) 100vw, 787px\" \/><\/figure><\/li><\/ul>\n","protected":false},"excerpt":{"rendered":"<div class=\"mh-excerpt\">Aquesta ambiciosa pel\u00b7l\u00edcula amb un pressupost de nom\u00e9s 25.000 \u20ac ha rebut premis i nominacions a La \u00cdndia, Estats Units, R\u00fassia, Regne Unit, M\u00e8xic, Espanya i ara a It\u00e0lia \u00abEls Desitjats\u00bb, escrita, dirigida i produ\u00efda <a class=\"mh-excerpt-more\" href=\"https:\/\/tucomarca.whitekongsoftware.com\/ca\/el-chivano-abraham-lacalle-segueix-recollint-premis-i-nominacions-en-festivals-internacionals-amb-el-seu-llargmetratge-els-desitjats\/\" title=\"El chivano Abraham Lacalle segueix recollint premis i nominacions en festivals internacionals amb el seu llargmetratge \u00abEls Desitjats\u00bb\">[+] <\/a><\/div>\n","protected":false},"author":12,"featured_media":113889,"comment_status":"open","ping_status":"open","sticky":false,"template":"","format":"gallery","meta":{"footnotes":""},"categories":[10911,10894,10904,10912,11007,10896,10975],"tags":[10384,11195,10392,11230,5952,10914,10394,11093],"class_list":["post-114659","post","type-post","status-publish","format-gallery","has-post-thumbnail","category-bunol-ca","category-la-comarca-ca","category-sin-categorizar-ca","category-la-hoya-ca","category-ocio-y-cultura-ca","category-seccion-ca","category-chiva-ca","tag-chiva","tag-chiva-ca","tag-cortes-de-pallas","tag-cortes-de-pallas-ca","tag-la-hoya-de-bunol-chiva","tag-la-hoya-de-bunol-chiva-ca","tag-turis","tag-turis-ca","post_format-post-format-gallery"],"_links":{"self":[{"href":"https:\/\/tucomarca.whitekongsoftware.com\/ca\/wp-json\/wp\/v2\/posts\/114659","targetHints":{"allow":["GET"]}}],"collection":[{"href":"https:\/\/tucomarca.whitekongsoftware.com\/ca\/wp-json\/wp\/v2\/posts"}],"about":[{"href":"https:\/\/tucomarca.whitekongsoftware.com\/ca\/wp-json\/wp\/v2\/types\/post"}],"author":[{"embeddable":true,"href":"https:\/\/tucomarca.whitekongsoftware.com\/ca\/wp-json\/wp\/v2\/users\/12"}],"replies":[{"embeddable":true,"href":"https:\/\/tucomarca.whitekongsoftware.com\/ca\/wp-json\/wp\/v2\/comments?post=114659"}],"version-history":[{"count":0,"href":"https:\/\/tucomarca.whitekongsoftware.com\/ca\/wp-json\/wp\/v2\/posts\/114659\/revisions"}],"wp:featuredmedia":[{"embeddable":true,"href":"https:\/\/tucomarca.whitekongsoftware.com\/ca\/wp-json\/wp\/v2\/media\/113889"}],"wp:attachment":[{"href":"https:\/\/tucomarca.whitekongsoftware.com\/ca\/wp-json\/wp\/v2\/media?parent=114659"}],"wp:term":[{"taxonomy":"category","embeddable":true,"href":"https:\/\/tucomarca.whitekongsoftware.com\/ca\/wp-json\/wp\/v2\/categories?post=114659"},{"taxonomy":"post_tag","embeddable":true,"href":"https:\/\/tucomarca.whitekongsoftware.com\/ca\/wp-json\/wp\/v2\/tags?post=114659"}],"curies":[{"name":"wp","href":"https:\/\/api.w.org\/{rel}","templated":true}]}}