{"id":114594,"date":"2020-10-01T11:15:36","date_gmt":"2020-10-01T09:15:36","guid":{"rendered":"http:\/\/www.tucomarca.com\/wordpress\/segunda\/?p=114594"},"modified":"2020-10-01T20:57:57","modified_gmt":"2020-10-01T18:57:57","slug":"la-diputacio-millora-la-seguretat-a-la-cv-450-la-carretera-de-la-vega-de-requena","status":"publish","type":"post","link":"https:\/\/tucomarca.whitekongsoftware.com\/ca\/la-diputacio-millora-la-seguretat-a-la-cv-450-la-carretera-de-la-vega-de-requena\/","title":{"rendered":"La Diputaci\u00f3 millora la seguretat a la CV-450, la Carretera de la Vega de Requena"},"content":{"rendered":"\n<p class=\"wp-block-paragraph\">La Diputaci\u00f3 de Val\u00e8ncia ha finalitzat les obres de condicionament de la CV-450, coneguda com a Carretera de la Vega de Requena, en el tram compr\u00e9s entre la CV-455 i l&#8217;acc\u00e9s a Sant Antoni, que connecta al seu torn amb les pedanies d&#8217;Azagador, Derramador i Roma. La millora de la seguretat vi\u00e0ria d&#8217;este tram de quasi 4 quil\u00f2metres \u00e9s la primera fase del projecte de renovaci\u00f3 integral de la Carretera de la Vega que conduix fins a Utiel, amb un pressupost global d&#8217;1,5 milions d&#8217;euros.<\/p>\n\n\n\n<p class=\"wp-block-paragraph\">L&#8217;actuaci\u00f3 recentment finalitzada ha consistit en l&#8217;ampliaci\u00f3 de la cal\u00e7ada en una longitud de 3.760 metres, des del punt quilom\u00e8tric 7+500 al punt quilom\u00e8tric 11+260, fins a obtindre dos carrils de 3 metres d&#8217;ample per sentit i vorals d&#8217;ample variable, amb un ample total pr\u00f2xim als 6,50 metres en tota l&#8217;actuaci\u00f3.<\/p>\n\n\n\n<p class=\"wp-block-paragraph\">Aix\u00ed mateix, s&#8217;ha millorat la geometria de la cal\u00e7ada, peraltant les corbes, i s&#8217;ha executat una nova capa de rodadura, tot aix\u00f2 amb la finalitat de generar una secci\u00f3 homog\u00e8nia que garantisca la circulaci\u00f3 en les condicions de seguretat i confort adequades.<\/p>\n\n\n\n<p class=\"wp-block-paragraph\"><strong>Travessies urbanes<\/strong><\/p>\n\n\n\n<p class=\"wp-block-paragraph\">En els trams en els quals la carretera discorre per zones de car\u00e0cter urb\u00e0, s&#8217;han adequat les travessies de les pedanies d&#8217;Azagador, Derramador i Roma, facilitant la circulaci\u00f3 dels vianants mitjan\u00e7ant l&#8217;execuci\u00f3 de voreres i zones pavimentades exemptes al tr\u00e0nsit, aix\u00ed com mitjan\u00e7ant la senyalitzaci\u00f3 dels passos per als vianants.<\/p>\n\n\n\n<p class=\"wp-block-paragraph\">Finalment, s&#8217;ha adaptat la senyalitzaci\u00f3 vertical i horitzontal, delimitant les zones d&#8217;avan\u00e7ament permeses, s&#8217;han instal\u00b7lat els sistemes de contenci\u00f3 necessaris i s&#8217;han millorat els accessos directes a la carretera.<\/p>\n\n\n\n<p class=\"wp-block-paragraph\">Amb esta intervenci\u00f3 de la Diputaci\u00f3 de Val\u00e8ncia s&#8217;han millorat sensiblement les condicions de seguretat i comoditat per als usuaris de la via. La segona fase de la mateixa se centrar\u00e0 igualment en el refor\u00e7 de la seguretat en el tram de la CV-450 fins a Utiel.&nbsp;<\/p>\n\n\n\n<figure class=\"wp-block-image\"><img loading=\"lazy\" decoding=\"async\" width=\"640\" height=\"480\" src=\"http:\/\/www.tucomarca.com\/wordpress\/segunda\/wp-content\/uploads\/2020\/10\/CV-450CarreteraVega2.jpg\" alt=\"\" class=\"wp-image-114586\" srcset=\"https:\/\/tucomarca.whitekongsoftware.com\/wp-content\/uploads\/2020\/10\/CV-450CarreteraVega2.jpg 640w, https:\/\/tucomarca.whitekongsoftware.com\/wp-content\/uploads\/2020\/10\/CV-450CarreteraVega2-300x225.jpg 300w, https:\/\/tucomarca.whitekongsoftware.com\/wp-content\/uploads\/2020\/10\/CV-450CarreteraVega2-326x245.jpg 326w, https:\/\/tucomarca.whitekongsoftware.com\/wp-content\/uploads\/2020\/10\/CV-450CarreteraVega2-80x60.jpg 80w\" sizes=\"auto, (max-width: 640px) 100vw, 640px\" \/><\/figure>\n\n\n\n<p class=\"wp-block-paragraph\">&nbsp;<\/p>\n","protected":false},"excerpt":{"rendered":"<div class=\"mh-excerpt\">La Diputaci\u00f3 de Val\u00e8ncia ha finalitzat les obres de condicionament de la CV-450, coneguda com a Carretera de la Vega de Requena, en el tram compr\u00e9s entre la CV-455 i l&#8217;acc\u00e9s a Sant Antoni, que <a class=\"mh-excerpt-more\" href=\"https:\/\/tucomarca.whitekongsoftware.com\/ca\/la-diputacio-millora-la-seguretat-a-la-cv-450-la-carretera-de-la-vega-de-requena\/\" title=\"La Diputaci\u00f3 millora la seguretat a la CV-450, la Carretera de la Vega de Requena\">[+] <\/a><\/div>\n","protected":false},"author":1,"featured_media":114585,"comment_status":"open","ping_status":"open","sticky":false,"template":"","format":"standard","meta":{"footnotes":""},"categories":[10898,10948,10894,10947,10908,10909,11057,10896,10897,11059],"tags":[3677,10387],"class_list":["post-114594","post","type-post","status-publish","format-standard","has-post-thumbnail","category-ventana-ca","category-infraestructuras-ca","category-la-comarca-ca","category-politica","category-requena-ca","category-requena-utiel-ca","category-san-antonio-ca","category-seccion-ca","category-sucesos-la-comarca-ca","category-utiel-ca","tag-diputacio-de-valencia","tag-requena-utiel"],"_links":{"self":[{"href":"https:\/\/tucomarca.whitekongsoftware.com\/ca\/wp-json\/wp\/v2\/posts\/114594","targetHints":{"allow":["GET"]}}],"collection":[{"href":"https:\/\/tucomarca.whitekongsoftware.com\/ca\/wp-json\/wp\/v2\/posts"}],"about":[{"href":"https:\/\/tucomarca.whitekongsoftware.com\/ca\/wp-json\/wp\/v2\/types\/post"}],"author":[{"embeddable":true,"href":"https:\/\/tucomarca.whitekongsoftware.com\/ca\/wp-json\/wp\/v2\/users\/1"}],"replies":[{"embeddable":true,"href":"https:\/\/tucomarca.whitekongsoftware.com\/ca\/wp-json\/wp\/v2\/comments?post=114594"}],"version-history":[{"count":0,"href":"https:\/\/tucomarca.whitekongsoftware.com\/ca\/wp-json\/wp\/v2\/posts\/114594\/revisions"}],"wp:featuredmedia":[{"embeddable":true,"href":"https:\/\/tucomarca.whitekongsoftware.com\/ca\/wp-json\/wp\/v2\/media\/114585"}],"wp:attachment":[{"href":"https:\/\/tucomarca.whitekongsoftware.com\/ca\/wp-json\/wp\/v2\/media?parent=114594"}],"wp:term":[{"taxonomy":"category","embeddable":true,"href":"https:\/\/tucomarca.whitekongsoftware.com\/ca\/wp-json\/wp\/v2\/categories?post=114594"},{"taxonomy":"post_tag","embeddable":true,"href":"https:\/\/tucomarca.whitekongsoftware.com\/ca\/wp-json\/wp\/v2\/tags?post=114594"}],"curies":[{"name":"wp","href":"https:\/\/api.w.org\/{rel}","templated":true}]}}