{"id":114494,"date":"2020-09-30T18:59:19","date_gmt":"2020-09-30T16:59:19","guid":{"rendered":"http:\/\/www.tucomarca.com\/wordpress\/segunda\/?p=114494"},"modified":"2020-09-30T18:59:22","modified_gmt":"2020-09-30T16:59:22","slug":"un-brot-amb-7-casos-dorigen-social-a-macastre-se-suma-als-613-nous-contagis-de-coronavirus-a-la-comunitat","status":"publish","type":"post","link":"https:\/\/tucomarca.whitekongsoftware.com\/ca\/un-brot-amb-7-casos-dorigen-social-a-macastre-se-suma-als-613-nous-contagis-de-coronavirus-a-la-comunitat\/","title":{"rendered":"Un brot amb 7 casos d&#8217;origen social a Macastre se suma als 613 nous contagis de coronavirus a la Comunitat"},"content":{"rendered":"\n<p class=\"wp-block-paragraph\">Els hospitals valencians han donat, des de l&#8217;\u00faltima actualitzaci\u00f3, 1.104 altes a pacients amb coronavirus, de manera que el total de persones curades des de l&#8217;inici de la pand\u00e8mia se situa en 42.838: 4.893 a Castell\u00f3, 13.902 a Alacant i 24.010 a Val\u00e8ncia. A m\u00e9s, hi ha 33 altes no assignades.<\/p>\n\n\n\n<p class=\"wp-block-paragraph\">D&#8217;altra banda, la Conselleria d&#8217;Sanitad Universal i Salut P\u00fablica ha registrat 613 nous contagis de coronavirus confirmats per prova PCR a la Comunitat Valenciana, que situen la xifra total de positius en 40.738 persones. Per prov\u00edncies, la distribuci\u00f3 \u00e9s la seg\u00fcent: 34 a Castell\u00f3 (4.468 en total); 160 a Alacant (13.606 en total), i 419 a la prov\u00edncia de Val\u00e8ncia (22.658 en total). A m\u00e9s, continua havent 6 casos sense assignar.<\/p>\n\n\n\n<p class=\"wp-block-paragraph\">D&#8217;aquesta manera, a hores d&#8217;ara hi ha actius 5.639 casos, fet que suposa un 11,25% de l&#8217;total de positius.<\/p>\n\n\n\n<p class=\"wp-block-paragraph\">Els hospitals valencians tenen, actualment, 389 persones ingressades: 62 a la prov\u00edncia de Castell\u00f3, amb 8 pacients en UCI; 129 a la prov\u00edncia d&#8217;Alacant, 36 d&#8217;ells a l&#8217;UCI; i 198 a la prov\u00edncia de Val\u00e8ncia, 27 d&#8217;ells en UCI.<\/p>\n\n\n\n<p class=\"wp-block-paragraph\">D&#8217;altra banda, s&#8217;han registrat 6 morts per coronavirus des de l&#8217;\u00faltima actualitzaci\u00f3, de manera que el total de defuncions \u00e9s de 1.643 persones: 244 a la prov\u00edncia de Castell\u00f3, 568 a la d&#8217;Alacant i 831 a la de Val\u00e8ncia.<\/p>\n\n\n\n<p class=\"wp-block-paragraph\">El nombre total de proves dutes a terme per a la detecci\u00f3 de l&#8217;coronavirus ascendeix a 1.106.563, de les quals 955.844 han estat a trav\u00e9s de PCR i 150.719 mitjan\u00e7ant test r\u00e0pid.<\/p>\n\n\n\n<p class=\"wp-block-paragraph\">Actualitzaci\u00f3 de la situaci\u00f3 en resid\u00e8ncies<\/p>\n\n\n\n<p class=\"wp-block-paragraph\">A dia d&#8217;avui, hi ha algun cas positiu en 38 resid\u00e8ncies de majors (1 a la prov\u00edncia de Castell\u00f3, 10 a la prov\u00edncia d&#8217;Alacant i 27 a la prov\u00edncia de Val\u00e8ncia), 4 centres de persones amb diversitat funcional (0 a la prov\u00edncia de Castell\u00f3, 1 a la d&#8217;Alacant i 3 a la de Val\u00e8ncia) i 3 centres de menors (0 a la prov\u00edncia de Castell\u00f3, 1 a la prov\u00edncia d&#8217;Alacant i 2 a la prov\u00edncia de Val\u00e8ncia).<\/p>\n\n\n\n<ul class=\"wp-block-list\"><li>Residents nous positius: 0<\/li><li>Treballadors nous positius: 11<\/li><li>Residents morts: 1<\/li><\/ul>\n\n\n\n<p class=\"wp-block-paragraph\">Actualment, es troben sota vigil\u00e0ncia activa de control sanitari juliol resid\u00e8ncies a la Comunitat Valenciana: 0 a la prov\u00edncia de Castell\u00f3, 2 a la prov\u00edncia d&#8217;Alacant i 5 a la prov\u00edncia de Val\u00e8ncia.<\/p>\n\n\n\n<p class=\"wp-block-paragraph\">Actualitzaci\u00f3 brots de coronavirus<\/p>\n\n\n\n<p class=\"wp-block-paragraph\">Nous brots:<\/p>\n\n\n\n<p class=\"wp-block-paragraph\">\u00b7 Alboc\u00e0sser: 15 casos. origen social<\/p>\n\n\n\n<p class=\"wp-block-paragraph\">\u00b7 Alboraia: 3 casos. origen laboral<\/p>\n\n\n\n<p class=\"wp-block-paragraph\">\u00b7 Almorad\u00ed: 9 casos. origen social<\/p>\n\n\n\n<p class=\"wp-block-paragraph\">\u00b7 Canet d&#8217;En Berenguer: 4 casos. origen social<\/p>\n\n\n\n<p class=\"wp-block-paragraph\">\u00b7 Elx: 4 casos. origen laboral<\/p>\n\n\n\n<p class=\"wp-block-paragraph\">\u00b7 Elda: 7 casos. origen social<\/p>\n\n\n\n<p class=\"wp-block-paragraph\">\u00b7 Elda: 6 casos. Origen centre educatiu<\/p>\n\n\n\n<p class=\"wp-block-paragraph\">\u00b7 Enguera: 13 casos. origen social<\/p>\n\n\n\n<p class=\"wp-block-paragraph\">\u00b7 Finestrat: 3 casos. origen laboral<\/p>\n\n\n\n<p class=\"wp-block-paragraph\">\u00b7 Macastre: 7 casos. origen social<\/p>\n\n\n\n<p class=\"wp-block-paragraph\">\u00b7 Nules: 3 casos. origen social<\/p>\n\n\n\n<p class=\"wp-block-paragraph\">\u00b7 Oriola: 9 casos. origen laboral<\/p>\n\n\n\n<p class=\"wp-block-paragraph\">\u00b7 Oriola: 3 casos. origen laboral<\/p>\n\n\n\n<p class=\"wp-block-paragraph\">\u00b7 Quart de Poblet: 3 casos. Origen centre educatiu<\/p>\n\n\n\n<p class=\"wp-block-paragraph\">\u00b7 Sagunt: 3 casos. origen social<\/p>\n\n\n\n<p class=\"wp-block-paragraph\">\u00b7 Val\u00e8ncia: 4 casos. origen social<\/p>\n\n\n\n<p class=\"wp-block-paragraph\">\u00b7 Val\u00e8ncia: 4 casos. origen social<\/p>\n\n\n\n<p class=\"wp-block-paragraph\">\u00b7 Val\u00e8ncia: 4 casos. origen social<\/p>\n\n\n\n<p class=\"wp-block-paragraph\">\u00b7 Val\u00e8ncia: 3 casos. origen laboral<\/p>\n\n\n\n<p class=\"wp-block-paragraph\">\u00b7 X\u00e0tiva: 3 casos. origen social<\/p>\n","protected":false},"excerpt":{"rendered":"<div class=\"mh-excerpt\">Els hospitals valencians han donat, des de l&#8217;\u00faltima actualitzaci\u00f3, 1.104 altes a pacients amb coronavirus, de manera que el total de persones curades des de l&#8217;inici de la pand\u00e8mia se situa en 42.838: 4.893 a <a class=\"mh-excerpt-more\" href=\"https:\/\/tucomarca.whitekongsoftware.com\/ca\/un-brot-amb-7-casos-dorigen-social-a-macastre-se-suma-als-613-nous-contagis-de-coronavirus-a-la-comunitat\/\" title=\"Un brot amb 7 casos d&#8217;origen social a Macastre se suma als 613 nous contagis de coronavirus a la Comunitat\">[+] <\/a><\/div>\n","protected":false},"author":1,"featured_media":86709,"comment_status":"open","ping_status":"open","sticky":false,"template":"","format":"standard","meta":{"footnotes":""},"categories":[11010,12202,10898,10948,10894,10904,10912,10978,10903,10947,10896,10897],"tags":[11939,11940,11952,10914,11144],"class_list":["post-114494","post","type-post","status-publish","format-standard","has-post-thumbnail","category-canal-salud","category-covid-19-ca","category-ventana-ca","category-infraestructuras-ca","category-la-comarca-ca","category-sin-categorizar-ca","category-la-hoya-ca","category-macastre-ca","category-medio-ambiente-la-comarca-ca","category-politica","category-seccion-ca","category-sucesos-la-comarca-ca","tag-coronavirus-ca","tag-covid-19-ca","tag-covid2019-ca","tag-la-hoya-de-bunol-chiva-ca","tag-macastre-ca"],"_links":{"self":[{"href":"https:\/\/tucomarca.whitekongsoftware.com\/ca\/wp-json\/wp\/v2\/posts\/114494","targetHints":{"allow":["GET"]}}],"collection":[{"href":"https:\/\/tucomarca.whitekongsoftware.com\/ca\/wp-json\/wp\/v2\/posts"}],"about":[{"href":"https:\/\/tucomarca.whitekongsoftware.com\/ca\/wp-json\/wp\/v2\/types\/post"}],"author":[{"embeddable":true,"href":"https:\/\/tucomarca.whitekongsoftware.com\/ca\/wp-json\/wp\/v2\/users\/1"}],"replies":[{"embeddable":true,"href":"https:\/\/tucomarca.whitekongsoftware.com\/ca\/wp-json\/wp\/v2\/comments?post=114494"}],"version-history":[{"count":0,"href":"https:\/\/tucomarca.whitekongsoftware.com\/ca\/wp-json\/wp\/v2\/posts\/114494\/revisions"}],"wp:featuredmedia":[{"embeddable":true,"href":"https:\/\/tucomarca.whitekongsoftware.com\/ca\/wp-json\/wp\/v2\/media\/86709"}],"wp:attachment":[{"href":"https:\/\/tucomarca.whitekongsoftware.com\/ca\/wp-json\/wp\/v2\/media?parent=114494"}],"wp:term":[{"taxonomy":"category","embeddable":true,"href":"https:\/\/tucomarca.whitekongsoftware.com\/ca\/wp-json\/wp\/v2\/categories?post=114494"},{"taxonomy":"post_tag","embeddable":true,"href":"https:\/\/tucomarca.whitekongsoftware.com\/ca\/wp-json\/wp\/v2\/tags?post=114494"}],"curies":[{"name":"wp","href":"https:\/\/api.w.org\/{rel}","templated":true}]}}