{"id":114243,"date":"2020-09-27T10:00:48","date_gmt":"2020-09-27T08:00:48","guid":{"rendered":"http:\/\/www.tucomarca.com\/wordpress\/segunda\/?p=114243"},"modified":"2020-09-28T12:24:47","modified_gmt":"2020-09-28T10:24:47","slug":"els-veins-de-calicanto-es-manifesten-per-demanar-mes-vigilancia-i-ajuda-municipal-per-acabar-amb-les-ocupacions-illegals","status":"publish","type":"post","link":"https:\/\/tucomarca.whitekongsoftware.com\/ca\/els-veins-de-calicanto-es-manifesten-per-demanar-mes-vigilancia-i-ajuda-municipal-per-acabar-amb-les-ocupacions-illegals\/","title":{"rendered":"Els ve\u00efns de Calicanto es manifesten per demanar m\u00e9s vigil\u00e0ncia i ajuda municipal per acabar amb les ocupacions il\u00b7legals"},"content":{"rendered":"\n<figure class=\"wp-block-image\"><img loading=\"lazy\" decoding=\"async\" width=\"1024\" height=\"576\" src=\"http:\/\/www.tucomarca.com\/wordpress\/segunda\/wp-content\/uploads\/2020\/09\/CalicantoOkupas3-1024x576.jpg\" alt=\"\" class=\"wp-image-114233\" srcset=\"https:\/\/tucomarca.whitekongsoftware.com\/wp-content\/uploads\/2020\/09\/CalicantoOkupas3-1024x576.jpg 1024w, https:\/\/tucomarca.whitekongsoftware.com\/wp-content\/uploads\/2020\/09\/CalicantoOkupas3-300x169.jpg 300w, https:\/\/tucomarca.whitekongsoftware.com\/wp-content\/uploads\/2020\/09\/CalicantoOkupas3-768x432.jpg 768w, https:\/\/tucomarca.whitekongsoftware.com\/wp-content\/uploads\/2020\/09\/CalicantoOkupas3-678x381.jpg 678w\" sizes=\"auto, (max-width: 1024px) 100vw, 1024px\" \/><figcaption>Fuente: Telecinco<\/figcaption><\/figure>\n\n\n\n<p class=\"wp-block-paragraph\">Prop d&#8217;una centenar de ve\u00efns i ve\u00efnes de la urbanitzaci\u00f3 de Calicanto, pertanyent a terme municipal de Chiva, han mostrat amb una manifestaci\u00f3 aquest dissabte la seva protesta per la situaci\u00f3 que, segons denuncien, pateixen a causa de l&#8217;ocupaci\u00f3 il\u00b7legal de diversos xalets en l&#8217;esmentada \u00e0rea residencial.<\/p>\n\n\n\n<p class=\"wp-block-paragraph\">Segons han denunciat els afectats, porten ja molt temps &#8220;patint les mol\u00e8sties produ\u00efdes per aquestes ocupacions il\u00b7legals&#8221;, de manera que demanen que el &#8220;Ajuntament prengui cartes en l&#8217;assumpte&#8221;. Afectats qui han assegurat que en Calicanto &#8220;hi ha m\u00e9s okupes que policies, aix\u00ed que les patrulles v\u00e9nen molt poc per aqu\u00ed. Som ve\u00efns de primera per pagar, per\u00f2 en seguretat patim una aut\u00e8ntica des\u00eddia municipal\u00bb, segons els afectats.<\/p>\n\n\n\n<p class=\"wp-block-paragraph\">A les pancartes portades pels ve\u00efns en la seva protesta, que en tot moment va ser pac\u00edfica i regulada per agents tant de la Policia Local com de la Gu\u00e0rdia Civil, es podien llegir frases com &#8220;fora okupes, exigim m\u00e9s seguretat i m\u00e9s policia&#8221; o &#8221; Emili, Calicanto no et preokupa? &#8220;, en al\u00b7lusi\u00f3 a l&#8217;alcalde de Chiva, Emilio Morales, de Comprom\u00eds.<\/p>\n\n\n\n<figure class=\"wp-block-image\"><img loading=\"lazy\" decoding=\"async\" width=\"1024\" height=\"576\" src=\"http:\/\/www.tucomarca.com\/wordpress\/segunda\/wp-content\/uploads\/2020\/09\/Calicantookupas2-1024x576.jpg\" alt=\"\" class=\"wp-image-114235\" srcset=\"https:\/\/tucomarca.whitekongsoftware.com\/wp-content\/uploads\/2020\/09\/Calicantookupas2-1024x576.jpg 1024w, https:\/\/tucomarca.whitekongsoftware.com\/wp-content\/uploads\/2020\/09\/Calicantookupas2-300x169.jpg 300w, https:\/\/tucomarca.whitekongsoftware.com\/wp-content\/uploads\/2020\/09\/Calicantookupas2-768x432.jpg 768w, https:\/\/tucomarca.whitekongsoftware.com\/wp-content\/uploads\/2020\/09\/Calicantookupas2-678x381.jpg 678w\" sizes=\"auto, (max-width: 1024px) 100vw, 1024px\" \/><figcaption>Fuente: Telecinco<\/figcaption><\/figure>\n","protected":false},"excerpt":{"rendered":"<div class=\"mh-excerpt\">Prop d&#8217;una centenar de ve\u00efns i ve\u00efnes de la urbanitzaci\u00f3 de Calicanto, pertanyent a terme municipal de Chiva, han mostrat amb una manifestaci\u00f3 aquest dissabte la seva protesta per la situaci\u00f3 que, segons denuncien, pateixen <a class=\"mh-excerpt-more\" href=\"https:\/\/tucomarca.whitekongsoftware.com\/ca\/els-veins-de-calicanto-es-manifesten-per-demanar-mes-vigilancia-i-ajuda-municipal-per-acabar-amb-les-ocupacions-illegals\/\" title=\"Els ve\u00efns de Calicanto es manifesten per demanar m\u00e9s vigil\u00e0ncia i ajuda municipal per acabar amb les ocupacions il\u00b7legals\">[+] <\/a><\/div>\n","protected":false},"author":1,"featured_media":114238,"comment_status":"open","ping_status":"open","sticky":false,"template":"","format":"gallery","meta":{"footnotes":""},"categories":[10898,10948,10894,10912,10947,10896,10897,10975],"tags":[1561,12637,5952,10914,12354,12355],"class_list":["post-114243","post","type-post","status-publish","format-gallery","has-post-thumbnail","category-ventana-ca","category-infraestructuras-ca","category-la-comarca-ca","category-la-hoya-ca","category-politica","category-seccion-ca","category-sucesos-la-comarca-ca","category-chiva-ca","tag-calicanto","tag-calicanto-ca","tag-la-hoya-de-bunol-chiva","tag-la-hoya-de-bunol-chiva-ca","tag-okupas","tag-okupas-ca","post_format-post-format-gallery"],"_links":{"self":[{"href":"https:\/\/tucomarca.whitekongsoftware.com\/ca\/wp-json\/wp\/v2\/posts\/114243","targetHints":{"allow":["GET"]}}],"collection":[{"href":"https:\/\/tucomarca.whitekongsoftware.com\/ca\/wp-json\/wp\/v2\/posts"}],"about":[{"href":"https:\/\/tucomarca.whitekongsoftware.com\/ca\/wp-json\/wp\/v2\/types\/post"}],"author":[{"embeddable":true,"href":"https:\/\/tucomarca.whitekongsoftware.com\/ca\/wp-json\/wp\/v2\/users\/1"}],"replies":[{"embeddable":true,"href":"https:\/\/tucomarca.whitekongsoftware.com\/ca\/wp-json\/wp\/v2\/comments?post=114243"}],"version-history":[{"count":0,"href":"https:\/\/tucomarca.whitekongsoftware.com\/ca\/wp-json\/wp\/v2\/posts\/114243\/revisions"}],"wp:featuredmedia":[{"embeddable":true,"href":"https:\/\/tucomarca.whitekongsoftware.com\/ca\/wp-json\/wp\/v2\/media\/114238"}],"wp:attachment":[{"href":"https:\/\/tucomarca.whitekongsoftware.com\/ca\/wp-json\/wp\/v2\/media?parent=114243"}],"wp:term":[{"taxonomy":"category","embeddable":true,"href":"https:\/\/tucomarca.whitekongsoftware.com\/ca\/wp-json\/wp\/v2\/categories?post=114243"},{"taxonomy":"post_tag","embeddable":true,"href":"https:\/\/tucomarca.whitekongsoftware.com\/ca\/wp-json\/wp\/v2\/tags?post=114243"}],"curies":[{"name":"wp","href":"https:\/\/api.w.org\/{rel}","templated":true}]}}