{"id":114195,"date":"2020-09-25T21:06:07","date_gmt":"2020-09-25T19:06:07","guid":{"rendered":"http:\/\/www.tucomarca.com\/wordpress\/segunda\/?p=114195"},"modified":"2020-09-25T21:06:49","modified_gmt":"2020-09-25T19:06:49","slug":"la-pobla-de-vallbona-suma-3-casos-de-origen-laboral-a-los-610-nuevos-contagios-de-coronavirus-en-la-comunitat","status":"publish","type":"post","link":"https:\/\/tucomarca.whitekongsoftware.com\/ca\/la-pobla-de-vallbona-suma-3-casos-de-origen-laboral-a-los-610-nuevos-contagios-de-coronavirus-en-la-comunitat\/","title":{"rendered":"La Pobla de Vallbona suma 3 casos d&#8217;origen laboral als 610 nous contagis de coronavirus a la Comunitat"},"content":{"rendered":"\n<p class=\"wp-block-paragraph\">La Conselleria de Sanitat Universal i Salut P\u00fablica ha registrat 610 nous contagis de coronavirus confirmats per prova PCR a la Comunitat Valenciana des de l&#8217;\u00faltima actualitzaci\u00f3, que situen la xifra total de positius en 39.763 persones. Per prov\u00edncies, la distribuci\u00f3 \u00e9s la seg\u00fcent: 56 a Castell\u00f3 (4.189 en total); 204 a Alacant (12.700 en total), i 350 a la prov\u00edncia de Val\u00e8ncia (21.268 en total). A m\u00e9s, continua havent 6 casos sense assignar.<\/p>\n\n\n\n<p class=\"wp-block-paragraph\">D&#8217;altra banda, s&#8217;han donat 893 altes a pacients amb coronavirus, de manera que el total de persones curades des de l&#8217;inici de la pand\u00e8mia se situa en 39.763: 4.638 a Castell\u00f3, 12.840 a Alacant i 22.252 a Val\u00e8ncia. A m\u00e9s, hi ha 33 altes no assignades.<\/p>\n\n\n\n<p class=\"wp-block-paragraph\">D&#8217;aquesta manera, a hores d&#8217;ara hi ha actius 6.045 casos, fet que suposa un 12,74% de l&#8217;total de positius.<\/p>\n\n\n\n<p class=\"wp-block-paragraph\">Els hospitals valencians tenen, actualment, 447 persones ingressades: 63 a la prov\u00edncia de Castell\u00f3, amb 10 pacients en UCI; 158 a la prov\u00edncia d&#8217;Alacant, 30 d&#8217;ells a la UCI, i 226 a la prov\u00edncia de Val\u00e8ncia, 31 d&#8217;ells en UCI.<\/p>\n\n\n\n<p class=\"wp-block-paragraph\">D&#8217;altra banda, s&#8217;han registrat 8 morts per coronavirus des de l&#8217;\u00faltima actualitzaci\u00f3, de manera que el total de defuncions \u00e9s de 1.625 persones: 241 a la prov\u00edncia de Castell\u00f3, 563 a la d&#8217;Alacant i 821 a la de Val\u00e8ncia.<\/p>\n\n\n\n<p class=\"wp-block-paragraph\">El nombre total de proves dutes a terme per a la detecci\u00f3 de l&#8217;coronavirus ascendeix a 1.067.421, de les quals 917.795 han estat a trav\u00e9s de PCR i 149.626 mitjan\u00e7ant test r\u00e0pid.<\/p>\n\n\n\n<p class=\"wp-block-paragraph\"><strong>Actualitzaci\u00f3 de la situaci\u00f3 en resid\u00e8ncies<\/strong><\/p>\n\n\n\n<p class=\"wp-block-paragraph\">En l&#8217;actualitat, hi ha algun cas positiu en 42 resid\u00e8ncies de majors (1 a la prov\u00edncia de Castell\u00f3, 13 a la prov\u00edncia d&#8217;Alacant i 28 a la prov\u00edncia de Val\u00e8ncia), 6 centres de persones amb diversitat funcional (0 a la prov\u00edncia de Castell\u00f3 , 2 a la d&#8217;Alacant i 4 en la de Val\u00e8ncia) i 3 centres de menors (0 a la prov\u00edncia de Castell\u00f3, 1 a la prov\u00edncia d&#8217;Alacant i 2 a la prov\u00edncia de Val\u00e8ncia).<\/p>\n\n\n\n<ul class=\"wp-block-list\"><li>Residents nous positius: 3<\/li><li>Treballadors i treballadores nous positius: 3<\/li><li>Residents que han mort: 5<\/li><\/ul>\n\n\n\n<p class=\"wp-block-paragraph\">Actualment, es troben sota vigil\u00e0ncia activa de control sanitari juliol resid\u00e8ncies a la Comunitat Valenciana: 0 a la prov\u00edncia de Castell\u00f3, 2 a la prov\u00edncia d&#8217;Alacant i 5 a la prov\u00edncia de Val\u00e8ncia.<\/p>\n\n\n\n<p class=\"wp-block-paragraph\"><strong>Actualitzaci\u00f3 brots de coronavirus<\/strong><\/p>\n\n\n\n<p class=\"wp-block-paragraph\">Nous brots:<\/p>\n\n\n\n<p class=\"wp-block-paragraph\">\u00b7 Alboraya: 3 casos. origen social<\/p>\n\n\n\n<p class=\"wp-block-paragraph\">\u00b7 Borriol: 6 casos. origen social<\/p>\n\n\n\n<p class=\"wp-block-paragraph\">\u00b7 Bugarra: 5 casos. origen social<\/p>\n\n\n\n<p class=\"wp-block-paragraph\">\u00b7 Borriana: 6 casos. origen laboral<\/p>\n\n\n\n<p class=\"wp-block-paragraph\">\u00b7 Castalla: 3 casos. origen laboral<\/p>\n\n\n\n<p class=\"wp-block-paragraph\">\u00b7 Castalla: 3 casos. origen social<\/p>\n\n\n\n<p class=\"wp-block-paragraph\">\u00b7 Castell\u00f3 de la Plana: 11 casos. origen social<\/p>\n\n\n\n<p class=\"wp-block-paragraph\">\u00b7 Elx: 6 casos. origen social<\/p>\n\n\n\n<p class=\"wp-block-paragraph\">\u00b7 Elx: 5 casos. origen social<\/p>\n\n\n\n<p class=\"wp-block-paragraph\">\u00b7 Elx: 5 casos. origen social<\/p>\n\n\n\n<p class=\"wp-block-paragraph\">\u00b7 Gandia: 3 casos. origen social<\/p>\n\n\n\n<p class=\"wp-block-paragraph\">\u00b7 Ibi: 3 casos. origen social<\/p>\n\n\n\n<p class=\"wp-block-paragraph\">\u00b7 La Pobla de Vallbona: 3 casos. origen laboral<\/p>\n\n\n\n<p class=\"wp-block-paragraph\">\u00b7 Muro d&#8217;Alcoi: 5 casos. origen social<\/p>\n\n\n\n<p class=\"wp-block-paragraph\">\u00b7 Pu\u00e7ol: 6 casos. origen social<\/p>\n\n\n\n<p class=\"wp-block-paragraph\">\u00b7 Rojals: 3 casos. origen laboral<\/p>\n\n\n\n<p class=\"wp-block-paragraph\">\u00b7 Sagunt: 7 casos. origen social<\/p>\n\n\n\n<p class=\"wp-block-paragraph\">\u00b7 Santa Pola: 5 casos. origen social<\/p>\n\n\n\n<p class=\"wp-block-paragraph\">\u00b7 Val\u00e8ncia: 3 casos. origen laboral<\/p>\n\n\n\n<p class=\"wp-block-paragraph\">\u00b7 Val\u00e8ncia: 4 casos. origen laboral<\/p>\n\n\n\n<p class=\"wp-block-paragraph\">\u00b7 Val\u00e8ncia: 4 casos. origen social<\/p>\n\n\n\n<p class=\"wp-block-paragraph\">\u00b7 Val\u00e8ncia: 5 casos. origen laboral<\/p>\n\n\n\n<p class=\"wp-block-paragraph\">\u00b7 Val\u00e8ncia: 5 casos. origen social<\/p>\n\n\n\n<p class=\"wp-block-paragraph\">El brot atribu\u00eft el passat 23 de setembre a la poblaci\u00f3 d&#8217;Ares de Maestrat amb origen social i amb 5 persones afectades, en realitat, correspon a Castell\u00f3 de la Plana.<\/p>\n","protected":false},"excerpt":{"rendered":"<div class=\"mh-excerpt\">La Conselleria de Sanitat Universal i Salut P\u00fablica ha registrat 610 nous contagis de coronavirus confirmats per prova PCR a la Comunitat Valenciana des de l&#8217;\u00faltima actualitzaci\u00f3, que situen la xifra total de positius en <a class=\"mh-excerpt-more\" href=\"https:\/\/tucomarca.whitekongsoftware.com\/ca\/la-pobla-de-vallbona-suma-3-casos-de-origen-laboral-a-los-610-nuevos-contagios-de-coronavirus-en-la-comunitat\/\" title=\"La Pobla de Vallbona suma 3 casos d&#8217;origen laboral als 610 nous contagis de coronavirus a la Comunitat\">[+] <\/a><\/div>\n","protected":false},"author":1,"featured_media":114196,"comment_status":"open","ping_status":"open","sticky":false,"template":"","format":"standard","meta":{"footnotes":""},"categories":[10892,11010,12202,10898,10948,10894,10904,10915,10903,10947,10896,10897],"tags":[10899,11939,11940,10916],"class_list":["post-114195","post","type-post","status-publish","format-standard","has-post-thumbnail","category-camp-de-turia-ca","category-canal-salud","category-covid-19-ca","category-ventana-ca","category-infraestructuras-ca","category-la-comarca-ca","category-sin-categorizar-ca","category-la-pobla-ca","category-medio-ambiente-la-comarca-ca","category-politica","category-seccion-ca","category-sucesos-la-comarca-ca","tag-camp-de-turia-ca","tag-coronavirus-ca","tag-covid-19-ca","tag-la-pobla-de-vallbona-ca"],"_links":{"self":[{"href":"https:\/\/tucomarca.whitekongsoftware.com\/ca\/wp-json\/wp\/v2\/posts\/114195","targetHints":{"allow":["GET"]}}],"collection":[{"href":"https:\/\/tucomarca.whitekongsoftware.com\/ca\/wp-json\/wp\/v2\/posts"}],"about":[{"href":"https:\/\/tucomarca.whitekongsoftware.com\/ca\/wp-json\/wp\/v2\/types\/post"}],"author":[{"embeddable":true,"href":"https:\/\/tucomarca.whitekongsoftware.com\/ca\/wp-json\/wp\/v2\/users\/1"}],"replies":[{"embeddable":true,"href":"https:\/\/tucomarca.whitekongsoftware.com\/ca\/wp-json\/wp\/v2\/comments?post=114195"}],"version-history":[{"count":0,"href":"https:\/\/tucomarca.whitekongsoftware.com\/ca\/wp-json\/wp\/v2\/posts\/114195\/revisions"}],"wp:featuredmedia":[{"embeddable":true,"href":"https:\/\/tucomarca.whitekongsoftware.com\/ca\/wp-json\/wp\/v2\/media\/114196"}],"wp:attachment":[{"href":"https:\/\/tucomarca.whitekongsoftware.com\/ca\/wp-json\/wp\/v2\/media?parent=114195"}],"wp:term":[{"taxonomy":"category","embeddable":true,"href":"https:\/\/tucomarca.whitekongsoftware.com\/ca\/wp-json\/wp\/v2\/categories?post=114195"},{"taxonomy":"post_tag","embeddable":true,"href":"https:\/\/tucomarca.whitekongsoftware.com\/ca\/wp-json\/wp\/v2\/tags?post=114195"}],"curies":[{"name":"wp","href":"https:\/\/api.w.org\/{rel}","templated":true}]}}