{"id":114167,"date":"2020-09-25T11:00:45","date_gmt":"2020-09-25T09:00:45","guid":{"rendered":"http:\/\/www.tucomarca.com\/wordpress\/segunda\/?p=114167"},"modified":"2020-09-25T19:57:28","modified_gmt":"2020-09-25T17:57:28","slug":"riba-roja-reforcara-la-presencia-de-la-policia-local-en-aquelles-vivendes-o-finques-que-puguen-ser-ocupades-de-forma-illegal","status":"publish","type":"post","link":"https:\/\/tucomarca.whitekongsoftware.com\/ca\/riba-roja-reforcara-la-presencia-de-la-policia-local-en-aquelles-vivendes-o-finques-que-puguen-ser-ocupades-de-forma-illegal\/","title":{"rendered":"Riba-roja refor\u00e7ar\u00e0 la pres\u00e8ncia de la policia local en aquelles vivendes o finques que puguen ser ocupades de forma il\u00b7legal"},"content":{"rendered":"\n<p class=\"wp-block-paragraph\"><strong>El ple aprova una proposta del PSPV davant de possibles casos d&#8217;ocupaci\u00f3<\/strong><\/p>\n\n\n\n<p class=\"wp-block-paragraph\">L&#8217;Ajuntament de Riba-roja de T\u00faria incrementar\u00e0 notablement la pres\u00e8ncia d&#8217;agents de la policia local en determinades zones de terme municipal que puguen ser ocupades de forma il\u00b7legal i per la for\u00e7a a el temps que posar\u00e0 en marxa diversos convenis per a l&#8217;assessorament als ve\u00efns que siguen objecte d&#8217;aquestes actuacions il\u00b7legals, aix\u00ed com cursos de formaci\u00f3 als efectius policials.<\/p>\n\n\n\n<p class=\"wp-block-paragraph\">Aquestes mesures estan contingudes en la moci\u00f3 de el PSPV que el ple municipal de Riba-roja de T\u00faria ha ratificat amb els vots a favor del grup de PSPV, Ciutadans, Comprom\u00eds, L&#8217;Esquerra, Partit Popular i Vox i el vot en contra de Podem Riba-roja Pot. La proposta busca alternatives i solucions davant possibles situacions d&#8217;ocupacions il\u00b7legals.<\/p>\n\n\n\n<p class=\"wp-block-paragraph\">La moci\u00f3 aprovada pel ple de l&#8217;Ajuntament de Riba-roja de T\u00faria busca &#8220;requerir el poder legislatiu i judicial perqu\u00e8 proposi, d&#8217;una banda, reformes destinades a la protecci\u00f3, r\u00e0pida i efica\u00e7, dels ciutadans afectats per l&#8217;ocupaci\u00f3 d&#8217;habitatges i la presa de mesures access\u00f2ries o cautelars en els procediments que se substancien a l&#8217;efecte&#8221;. A m\u00e9s, es pret\u00e9n un refor\u00e7 de la protecci\u00f3 als propietaris i residents en ocupacions il\u00b7legals, i un servei d&#8217;orientaci\u00f3 per a la protecci\u00f3 de persones en situaci\u00f3 potencial d&#8217;exclusi\u00f3 social en mat\u00e8ria de mediaci\u00f3 hipotec\u00e0ria.<\/p>\n\n\n\n<p class=\"wp-block-paragraph\">El text inicial s&#8217;ha completa amb dues esmenes de Partit Popular que insta el parlament valenci\u00e0 a modificar la llei per reduir els terminis en l&#8217;expulsi\u00f3 dels ocupants i una altra de Ciutadans en qu\u00e8, a m\u00e9s d&#8217;escur\u00e7ar els terminis, confereix poder a les comunitats de propietaris dels edificis per poder presentar-se com a part interessada en els processos d&#8217;execuci\u00f3.<\/p>\n\n\n\n<p class=\"wp-block-paragraph\">El consistori promour\u00e0 una informaci\u00f3 a la poblaci\u00f3 sobre els procediments vigents en l&#8217;actualitat en casos d&#8217;ocupaci\u00f3 for\u00e7osa, com la via penal iniciada amb den\u00fancia al jutjat de gu\u00e0rdia, a m\u00e9s de tres processos civils consistents en el desnonament per precari, accions cautelars relatives a l&#8217;acci\u00f3 de protecci\u00f3 dels drets reals i interdictes de recobrar la possessi\u00f3.<\/p>\n\n\n\n<p class=\"wp-block-paragraph\">El tercer bloc de les mesures que es prendran des de l&#8217;Ajuntament de Riba-roja de T\u00faria consistir\u00e0 en les accions que dur\u00e0 a terme el cos de la policia local, com el refor\u00e7 de l&#8217;control policial a zones d&#8217;habitatges o finques especialment susceptibles d&#8217;ocupaci\u00f3 il\u00b7legal -segons criteris objectius-, el subministrament d&#8217;informaci\u00f3 a propietaris sobre possibles accions i procediments en casos d&#8217;ocupaci\u00f3 il\u00b7legal d&#8217;habitatge i, finalment, fixaci\u00f3 d&#8217;objectius per realitzar r\u00e0pides actuacions en casos d&#8217;ocupacions il\u00b7legals.<\/p>\n\n\n\n<p class=\"wp-block-paragraph\">L&#8217;Ajuntament de Riba-roja de T\u00faria se subscriur\u00e0 un conveni de col\u00b7laboraci\u00f3 amb l&#8217;il\u00b7lustre col\u00b7legi d&#8217;advocats de Val\u00e8ncia (ICAV), amb el servei d&#8217;orientaci\u00f3 jur\u00eddica per al subministrament d&#8217;informaci\u00f3 en mat\u00e8ria d&#8217;accions civils i penals sobre les ocupacions il\u00b7legals i, finalment, l&#8217;adhesi\u00f3 a l&#8217;conveni de mediaci\u00f3 subscrit entre la Diputaci\u00f3 de Val\u00e8ncia i l&#8217;ICAV per a l&#8217;orientaci\u00f3 jur\u00eddica en casos de mediaci\u00f3 hipotec\u00e0ria.<\/p>\n\n\n\n<p class=\"wp-block-paragraph\">El refor\u00e7 de l&#8217;acci\u00f3 policial a les zones descrites en la proposta aprovada com a susceptibles de potencial ocupaci\u00f3 il\u00b7legal de finques i habitatges anir\u00e0 acompanyada d&#8217;altres accions com la realitzaci\u00f3 de cursos als efectius integrants de les patrulles de la policia local sobre ocupaci\u00f3 il\u00b7legal d&#8217;habitatges. A m\u00e9s, s&#8217;elaborar\u00e0 un document sobre habitatges ocupats il\u00b7legalment i un altre llistat sobre les potencialment susceptibles d&#8217;ocupaci\u00f3, en una acci\u00f3 compartida amb l&#8217;\u00e0rea de Serveis Socials i la resta de forces i cossos de Seguretat de l&#8217;Estat.<\/p>\n\n\n\n<p class=\"wp-block-paragraph\">L&#8217;alcalde de Riba-roja de T\u00faria, Robert Raga, ha destacat &#8220;la import\u00e0ncia d&#8217;aprovar aquesta proposta per protegir la propietat privada de les persones contres totes aquelles accions sobre ocupacions il\u00b7legals i, per aix\u00f2, destinarem tots els recursos a la nostra disposici\u00f3 perqu\u00e8 aquest dret siga una realitat en la nostra localitat, amb un esfor\u00e7 notable de la policia local i de la resta de departament involucrats en aquesta acci\u00f3 conjunta &#8220;.<\/p>\n","protected":false},"excerpt":{"rendered":"<div class=\"mh-excerpt\">El ple aprova una proposta del PSPV davant de possibles casos d&#8217;ocupaci\u00f3 L&#8217;Ajuntament de Riba-roja de T\u00faria incrementar\u00e0 notablement la pres\u00e8ncia d&#8217;agents de la policia local en determinades zones de terme municipal que puguen ser <a class=\"mh-excerpt-more\" href=\"https:\/\/tucomarca.whitekongsoftware.com\/ca\/riba-roja-reforcara-la-presencia-de-la-policia-local-en-aquelles-vivendes-o-finques-que-puguen-ser-ocupades-de-forma-illegal\/\" title=\"Riba-roja refor\u00e7ar\u00e0 la pres\u00e8ncia de la policia local en aquelles vivendes o finques que puguen ser ocupades de forma il\u00b7legal\">[+] <\/a><\/div>\n","protected":false},"author":12,"featured_media":112050,"comment_status":"open","ping_status":"open","sticky":false,"template":"","format":"standard","meta":{"footnotes":""},"categories":[10892,10948,10894,10947,10906,10896,10897],"tags":[10631,10395,12354],"class_list":["post-114167","post","type-post","status-publish","format-standard","has-post-thumbnail","category-camp-de-turia-ca","category-infraestructuras-ca","category-la-comarca-ca","category-politica","category-riba-roja-ca","category-seccion-ca","category-sucesos-la-comarca-ca","tag-ajuntament-de-riba-roja","tag-camp-de-turia","tag-okupas"],"_links":{"self":[{"href":"https:\/\/tucomarca.whitekongsoftware.com\/ca\/wp-json\/wp\/v2\/posts\/114167","targetHints":{"allow":["GET"]}}],"collection":[{"href":"https:\/\/tucomarca.whitekongsoftware.com\/ca\/wp-json\/wp\/v2\/posts"}],"about":[{"href":"https:\/\/tucomarca.whitekongsoftware.com\/ca\/wp-json\/wp\/v2\/types\/post"}],"author":[{"embeddable":true,"href":"https:\/\/tucomarca.whitekongsoftware.com\/ca\/wp-json\/wp\/v2\/users\/12"}],"replies":[{"embeddable":true,"href":"https:\/\/tucomarca.whitekongsoftware.com\/ca\/wp-json\/wp\/v2\/comments?post=114167"}],"version-history":[{"count":0,"href":"https:\/\/tucomarca.whitekongsoftware.com\/ca\/wp-json\/wp\/v2\/posts\/114167\/revisions"}],"wp:featuredmedia":[{"embeddable":true,"href":"https:\/\/tucomarca.whitekongsoftware.com\/ca\/wp-json\/wp\/v2\/media\/112050"}],"wp:attachment":[{"href":"https:\/\/tucomarca.whitekongsoftware.com\/ca\/wp-json\/wp\/v2\/media?parent=114167"}],"wp:term":[{"taxonomy":"category","embeddable":true,"href":"https:\/\/tucomarca.whitekongsoftware.com\/ca\/wp-json\/wp\/v2\/categories?post=114167"},{"taxonomy":"post_tag","embeddable":true,"href":"https:\/\/tucomarca.whitekongsoftware.com\/ca\/wp-json\/wp\/v2\/tags?post=114167"}],"curies":[{"name":"wp","href":"https:\/\/api.w.org\/{rel}","templated":true}]}}