{"id":114160,"date":"2020-09-25T19:50:18","date_gmt":"2020-09-25T17:50:18","guid":{"rendered":"http:\/\/www.tucomarca.com\/wordpress\/segunda\/?p=114160"},"modified":"2020-09-25T20:31:56","modified_gmt":"2020-09-25T18:31:56","slug":"sanitat-prorroga-durant-21-dies-mes-les-mesures-restrictives-per-a-la-comunitat-valenciana-des-de-dilluns-que-ve","status":"publish","type":"post","link":"https:\/\/tucomarca.whitekongsoftware.com\/ca\/sanitat-prorroga-durant-21-dies-mes-les-mesures-restrictives-per-a-la-comunitat-valenciana-des-de-dilluns-que-ve\/","title":{"rendered":"Sanitat prorroga durant 21 dies m\u00e9s les mesures restrictives per a la Comunitat Valenciana des de dilluns que ve"},"content":{"rendered":"\n<p class=\"wp-block-paragraph\"><strong>Es van a incorporar 410 nous professionals per a refor\u00e7ar la labor assistencial i de rastreig dels casos de coronavirus<\/strong><\/p>\n\n\n\n<p class=\"wp-block-paragraph\"><strong>La Comunitat Valenciana registra 707 nous casos de coronavirus i 688 altes a pacients<\/strong><\/p>\n\n\n\n<p class=\"wp-block-paragraph\">La consellera de Sanitat Universal i Salut P\u00fablica, Ana Barcel\u00f3, ha comparegut en roda de premsa per informar sobre la situaci\u00f3 actual de l&#8217;coronavirus a la Comunitat Valenciana i anunciar les mesures que s&#8217;estan adoptant a la Comunitat per a la contenci\u00f3 de virus.<\/p>\n\n\n\n<p class=\"wp-block-paragraph\">Durant la seva intervenci\u00f3 Barcel\u00f3 ha assenyalat que &#8220;es van a prorrogar durant 21 dies m\u00e9s les mesures de prevenci\u00f3 davant el coronavirus adoptades el passat mes d&#8217;agost per tota la Comunitat Valenciana, unes mesures que van ser consensuades per a tot Espanya en el Consell Interterritorial de Sistema Nacional de Salut&#8221;.<\/p>\n\n\n\n<p class=\"wp-block-paragraph\">Aquesta pr\u00f2rroga s&#8217;inicia el proper dilluns i afecta principalment a diferents \u00e0mbits socials com l&#8217;oci nocturn, l&#8217;hostaleria, la celebraci\u00f3 de diferents esdeveniments i el consum de tabac al carrer.<\/p>\n\n\n\n<p class=\"wp-block-paragraph\">Segons ha indicat Barcel\u00f3, &#8220;es tracta d&#8217;unes mesures que estan mostrant la seva efectivitat en la contenci\u00f3 de virus, de manera que \u00e9s important que seguim treballant en aquesta l\u00ednia per evitar contagis i frenar els possibles brots i controlar la pand\u00e8mia&#8221;.<\/p>\n\n\n\n<p class=\"wp-block-paragraph\">Aix\u00ed mateix, la consellera ha destacat la important tasca que s&#8217;est\u00e0 duent a terme a la Comunitat Valenciana de vigil\u00e0ncia preco\u00e7 i recerca activa de casos&#8221;. De fet, ha assenyalat que&#8221; estem augmentant la capacitat de diagn\u00f2stic. Des de la fi de l&#8217;estat d&#8217;alarma s&#8217;han realitzat 640.000 proves diagn\u00f2stiques, fet que suposa un increment de m\u00e9s del 152% &#8220;<\/p>\n\n\n\n<p class=\"wp-block-paragraph\">En total, s&#8217;han dut a terme 1.057.457 proves, de les quals un 92% han resultat negatives i nom\u00e9s el 8% han estat positives. A m\u00e9s, el 40% dels casos detectats des de finals de maig correspon a persones asimptom\u00e0tiques.<\/p>\n\n\n\n<p class=\"wp-block-paragraph\"><strong>Incorporaci\u00f3 de nous professionals enfront de l&#8217;COVID-19<\/strong><\/p>\n\n\n\n<p class=\"wp-block-paragraph\">Quant als refor\u00e7os de professionals, la consellera de Sanitat ha assenyalat que &#8220;seguim ampliant la nostra capacitat de resposta amb la incorporaci\u00f3 de nous mitjans, tant materials com humans. Per aix\u00f2, en breu s&#8217;incorporaran 410 nous professionals per refor\u00e7ar la part assistencial i la tasca de rastreig que s&#8217;est\u00e0 duent a terme davant el coronavirus &#8220;.<\/p>\n\n\n\n<p class=\"wp-block-paragraph\">En concret, es tracta de 241 auxiliars administratius que van a refor\u00e7ar l&#8217;Atenci\u00f3 Prim\u00e0ria i 50 nous llocs de especialistes en Documentaci\u00f3 Sanit\u00e0ria. A m\u00e9s, es comptar\u00e0 amb 113 llocs destinats a laboratoris de microbiologia: 10 facultatius i 97 t\u00e8cnics especialistes en laboratori. Aix\u00ed mateix, es van a incorporar 6 nous auxiliars administratius.<\/p>\n\n\n\n<p class=\"wp-block-paragraph\">Tal com ha assenyalat Barcel\u00f3, &#8220;des de Sanitat s&#8217;est\u00e0 realitzant un gran esfor\u00e7 per augmentar la capacitat de resposta i fer front a la pand\u00e8mia. La finalitat d&#8217;incorporar nous efectius \u00e9s facilitar i donar suport a la important tasca que estan duent a terme els professionals &#8220;.<\/p>\n\n\n\n<p class=\"wp-block-paragraph\">En aquest sentit, Sanitat va prorrogar per un per\u00edode de sis mesos els contractes que finalitzen el pr\u00f2xim mes de novembre, que ascendeixen a 7.410 contractes. Per a aix\u00f2, va destinar 22 milions d&#8217;euros a l&#8217;mes.<\/p>\n\n\n\n<p class=\"wp-block-paragraph\"><strong>Actualitzaci\u00f3 dades coronavirus a la Comunitat Valenciana<\/strong><\/p>\n\n\n\n<p class=\"wp-block-paragraph\">La Conselleria de Sanitat Universal i Salut P\u00fablica ha registrat 707 nous contagis de coronavirus confirmats per prova PCR a la Comunitat Valenciana des de l&#8217;\u00faltima actualitzaci\u00f3, que situen la xifra total de positius en 37.553 persones. Per prov\u00edncies, la distribuci\u00f3 \u00e9s la seg\u00fcent: 103 a Castell\u00f3 (4.133 en total); 296 a Alacant (12.406 en total), i 308 a la prov\u00edncia de Val\u00e8ncia (20.918 en total). A m\u00e9s, s&#8217;ha reassignat un cas a la prov\u00edncia de Val\u00e8ncia, amb la qual cosa el nombre total de casos sense assignar ascendeix a 6.<\/p>\n\n\n\n<p class=\"wp-block-paragraph\">D&#8217;altra banda, s&#8217;han donat 688 altes a pacients amb coronavirus, de manera que el total de persones curades des de l&#8217;inici de la pand\u00e8mia se situa en 38.870: 4.546 a Castell\u00f3, 12.511 a Alacant i 21.780 a Val\u00e8ncia. A m\u00e9s, hi ha 33 altes no assignades.<\/p>\n\n\n\n<p class=\"wp-block-paragraph\">D&#8217;aquesta manera, a hores d&#8217;ara hi ha actius 6.286 casos, fet que suposa un 13,44% de l&#8217;total de positius.<\/p>\n\n\n\n<p class=\"wp-block-paragraph\">Els hospitals valencians tenen, actualment, 463 persones ingressades: 60 a la prov\u00edncia de Castell\u00f3, amb 8 pacients en UCI; 168 a la prov\u00edncia d&#8217;Alacant, 33 d&#8217;ells a l&#8217;UCI; i 235 a la prov\u00edncia de Val\u00e8ncia, 31 d&#8217;ells en UCI.<\/p>\n\n\n\n<p class=\"wp-block-paragraph\">D&#8217;altra banda, s&#8217;han registrat 8 morts per coronavirus des de l&#8217;\u00faltima actualitzaci\u00f3, de manera que el total de defuncions \u00e9s de 1.617 persones: 240 a la prov\u00edncia de Castell\u00f3, 562 a la d&#8217;Alacant i 815 a la de Val\u00e8ncia.<\/p>\n\n\n\n<p class=\"wp-block-paragraph\">El nombre total de proves dutes a terme per a la detecci\u00f3 de l&#8217;coronavirus ascendeix a 1.057.457, de les quals 908.115 han estat a trav\u00e9s de PCR i 149.342 mitjan\u00e7ant test r\u00e0pid.<\/p>\n\n\n\n<p class=\"wp-block-paragraph\"><strong>Actualitzaci\u00f3 de la situaci\u00f3 en resid\u00e8ncies<\/strong><\/p>\n\n\n\n<p class=\"wp-block-paragraph\">En l&#8217;actualitat hi ha algun cas positiu en 44 resid\u00e8ncies de majors (1 a la prov\u00edncia de Castell\u00f3, 14 a la prov\u00edncia d&#8217;Alacant i 29 a la prov\u00edncia de Val\u00e8ncia), 8 centres de persones amb diversitat funcional (0 a la prov\u00edncia de Castell\u00f3, 2 a la d&#8217;Alacant i 6 a la de Val\u00e8ncia) i 3 centres de menors (0 a la prov\u00edncia de Castell\u00f3, 1 a la prov\u00edncia d&#8217;Alacant i 2 a la prov\u00edncia de Val\u00e8ncia).<\/p>\n\n\n\n<ul class=\"wp-block-list\"><li>Residents nous positius: 0<\/li><li>Treballadors nous positius: 2<\/li><li>Residents morts: 0<\/li><\/ul>\n\n\n\n<p class=\"wp-block-paragraph\">Actualment, es troben sota vigil\u00e0ncia activa de control sanitari juliol resid\u00e8ncies a la Comunitat Valenciana: 0 a la prov\u00edncia de Castell\u00f3, 2 a la prov\u00edncia d&#8217;Alacant i 5 a la prov\u00edncia de Val\u00e8ncia.<\/p>\n\n\n\n<p class=\"wp-block-paragraph\"><strong>Actualitzaci\u00f3 brots de coronavirus<\/strong><\/p>\n\n\n\n<p class=\"wp-block-paragraph\">Nous brots:<\/p>\n\n\n\n<p class=\"wp-block-paragraph\">\u00b7 Val\u00e8ncia: 4 casos. origen social<br>\n\u00b7 Val\u00e8ncia: 3 casos. origen social<br>\n\u00b7 Alacant: 6 casos. origen laboral<br>\n\u00b7 Carlet: 3 casos. origen social<br>\n\u00b7 Paterna: 4 casos. origen social<br>\n\u00b7 Rocafort: 3 casos. origen social<br>\n\u00b7 Elx: 3 casos. Origen \u00e0mbit educatiu<br>\n\u00b7 X\u00e0tiva: 5 casos. origen laboral<br>\n\u00b7 Gata de Gorgos: 4 casos. origen social<br>\n\u00b7 Castell\u00f3 de la Plana: 3 casos. origen social<br>\n\u00b7 Enguera: 5 casos. origen Social<br>\n\u00b7 Castell\u00f3 de la Plana: 5 casos. origen laboral<br>\n\u00b7 Moixent: 4 casos. origen social<br>\n\u00b7 Orpesa de Mar: 4 casos. origen social<br>\n\u00b7 Castell\u00f3 de la Plana: 5 casos. origen social<br>\n\u00b7 Val\u00e8ncia: 5 casos. origen social<br>\n\u00b7 Paterna: 3 casos. Origen \u00e0mbit educatiu<br>\n\u00b7 Castell\u00f3 de la Plana: 5 casos. origen social<br>\n\u00b7 Genov\u00e9s: 5 casos. origen social<br>\n\u00b7 Benicarl\u00f3: 3 casos. origen social<br>\n\u00b7 Castell\u00f3 de la Plana: 4 casos. origen social<br>\n\u00b7 Burjassot: 3 casos. origen laboral<br>\n\u00b7 Val\u00e8ncia: 3 casos. Origen \u00e0mbit educatiu<br>\n\u00b7 Benidorm: 8 casos. origen social<br>\n\u00b7 Vilallonga: 6 casos. origen social<br>\n\u00b7 Onda: 6 casos. origen laboral<br>\n\u00b7 Quart de Poblet: 3 casos. origen laboral<br>\n\u00b7 Ibi: 3 casos. origen social<br>\n\u00b7 Castell\u00f3 de la Plana: 4 casos. origen social<br>\n\u00b7 Castell\u00f3 de la Plana: 3 casos. origen social<br>\n\u00b7 Alboraia: 4 casos. origen social<br>\n\u00b7 Castell\u00f3 de la Plana: 16 casos. origen laboral<\/p>\n","protected":false},"excerpt":{"rendered":"<div class=\"mh-excerpt\">Es van a incorporar 410 nous professionals per a refor\u00e7ar la labor assistencial i de rastreig dels casos de coronavirus La Comunitat Valenciana registra 707 nous casos de coronavirus i 688 altes a pacients La <a class=\"mh-excerpt-more\" href=\"https:\/\/tucomarca.whitekongsoftware.com\/ca\/sanitat-prorroga-durant-21-dies-mes-les-mesures-restrictives-per-a-la-comunitat-valenciana-des-de-dilluns-que-ve\/\" title=\"Sanitat prorroga durant 21 dies m\u00e9s les mesures restrictives per a la Comunitat Valenciana des de dilluns que ve\">[+] <\/a><\/div>\n","protected":false},"author":12,"featured_media":114159,"comment_status":"open","ping_status":"open","sticky":false,"template":"","format":"standard","meta":{"footnotes":""},"categories":[11010,12202,10898,10948,10894,10904,10896,10897],"tags":[12165,11939,11940,12631],"class_list":["post-114160","post","type-post","status-publish","format-standard","has-post-thumbnail","category-canal-salud","category-covid-19-ca","category-ventana-ca","category-infraestructuras-ca","category-la-comarca-ca","category-sin-categorizar-ca","category-seccion-ca","category-sucesos-la-comarca-ca","tag-conselleria-de-sanitat-ca","tag-coronavirus-ca","tag-covid-19-ca","tag-medidas-restrictivas-ca"],"_links":{"self":[{"href":"https:\/\/tucomarca.whitekongsoftware.com\/ca\/wp-json\/wp\/v2\/posts\/114160","targetHints":{"allow":["GET"]}}],"collection":[{"href":"https:\/\/tucomarca.whitekongsoftware.com\/ca\/wp-json\/wp\/v2\/posts"}],"about":[{"href":"https:\/\/tucomarca.whitekongsoftware.com\/ca\/wp-json\/wp\/v2\/types\/post"}],"author":[{"embeddable":true,"href":"https:\/\/tucomarca.whitekongsoftware.com\/ca\/wp-json\/wp\/v2\/users\/12"}],"replies":[{"embeddable":true,"href":"https:\/\/tucomarca.whitekongsoftware.com\/ca\/wp-json\/wp\/v2\/comments?post=114160"}],"version-history":[{"count":0,"href":"https:\/\/tucomarca.whitekongsoftware.com\/ca\/wp-json\/wp\/v2\/posts\/114160\/revisions"}],"wp:featuredmedia":[{"embeddable":true,"href":"https:\/\/tucomarca.whitekongsoftware.com\/ca\/wp-json\/wp\/v2\/media\/114159"}],"wp:attachment":[{"href":"https:\/\/tucomarca.whitekongsoftware.com\/ca\/wp-json\/wp\/v2\/media?parent=114160"}],"wp:term":[{"taxonomy":"category","embeddable":true,"href":"https:\/\/tucomarca.whitekongsoftware.com\/ca\/wp-json\/wp\/v2\/categories?post=114160"},{"taxonomy":"post_tag","embeddable":true,"href":"https:\/\/tucomarca.whitekongsoftware.com\/ca\/wp-json\/wp\/v2\/tags?post=114160"}],"curies":[{"name":"wp","href":"https:\/\/api.w.org\/{rel}","templated":true}]}}