{"id":114122,"date":"2020-09-24T23:30:07","date_gmt":"2020-09-24T21:30:07","guid":{"rendered":"http:\/\/www.tucomarca.com\/wordpress\/segunda\/?p=114122"},"modified":"2020-09-25T01:49:45","modified_gmt":"2020-09-24T23:49:45","slug":"generalitat-i-ajuntament-dalzira-estrenyen-llacos-de-collaboracio-per-al-desenvolupament-diniciatives-en-materia-de-participacio-i-cooperacio","status":"publish","type":"post","link":"https:\/\/tucomarca.whitekongsoftware.com\/ca\/generalitat-i-ajuntament-dalzira-estrenyen-llacos-de-collaboracio-per-al-desenvolupament-diniciatives-en-materia-de-participacio-i-cooperacio\/","title":{"rendered":"Generalitat i Ajuntament d&#8217;Alzira estrenyen lla\u00e7os de col\u00b7laboraci\u00f3 per al desenvolupament d&#8217;iniciatives en mat\u00e8ria de participaci\u00f3 i cooperaci\u00f3"},"content":{"rendered":"\n<p class=\"wp-block-paragraph\"><strong>P\u00e9rez Garijo qualifica la participaci\u00f3 &#8220;d&#8217;eix vertebrador de les pol\u00edtiques p\u00fabliques&#8221; per a crear una vertadera cultura participativa entre la ciutadania&nbsp;<br>La consellera convida a l&#8217;Ajuntament d&#8217;Alzira a sumar-se al projecte d&#8217;Alian\u00e7a de Ciutats per l&#8217;Agenda 2030<\/strong><\/p>\n\n\n\n<p class=\"wp-block-paragraph\">La Conselleria de Participaci\u00f3, Transpar\u00e8ncia, Cooperaci\u00f3 i Qualitat Democr\u00e0tica i l&#8217;Ajuntament d&#8217;Alzira han estret lla\u00e7os de col\u00b7laboraci\u00f3 per al desenvolupament d&#8217;iniciatives en mat\u00e8ria de participaci\u00f3 i cooperaci\u00f3, tal com han destacat la consellera P\u00e9rez Garijo, i la directora general de Participaci\u00f3 Ciutadana, Mar\u00eda Jes\u00fas P\u00e9rez Galant, despr\u00e9s de finalitzar la trobada de treball amb l&#8217;alcalde d&#8217;Alzira, Diego G\u00f3mez, i la regidora de Participaci\u00f3, Gemma Al\u00f2s.&nbsp;<\/p>\n\n\n\n<p class=\"wp-block-paragraph\">La consellera P\u00e9rez Garijo ha agra\u00eft el treball que est\u00e0 realitzant la corporaci\u00f3 municipal en l&#8217;\u00e0rea de participaci\u00f3 ciutadana. En aquest sentit, P\u00e9rez Garijo ha afirmat que &#8220;en aquests moments de crisi sanit\u00e0ria mundial, on el perill \u00e9s la desafecci\u00f3 de la ciutadania respecte a les institucions, el millor ant\u00eddot \u00e9s la transpar\u00e8ncia i que la ciutadania siga coneixedora de cada q\u00fcesti\u00f3 que porta avant el seu govern i que participe. Ciutadania i governs han d&#8217;anar de la m\u00e0 perqu\u00e8 aquesta se senta representada&#8221;.&nbsp;<\/p>\n\n\n\n<p class=\"wp-block-paragraph\">P\u00e9rez Garijo ha qualificat la participaci\u00f3 &#8220;d&#8217;eix vertebrador de les pol\u00edtiques p\u00fabliques que estem desenvolupant&#8221; per a crear una vertadera cultura participativa entre la ciutadania&#8221;.&nbsp;<\/p>\n\n\n\n<p class=\"wp-block-paragraph\">Respecte a l&#8217;\u00e0rea de cooperaci\u00f3, la consellera ha convidat a l&#8217;Ajuntament d&#8217;Alzira a sumar-se al projecte d&#8217;Alian\u00e7a de Ciutats per l&#8217;Agenda 2030, perqu\u00e8 per a aconseguir els objectius de l&#8217;Agenda 2030 &#8220;ha d&#8217;existir una implicaci\u00f3 de totes les administracions p\u00fabliques, les empreses privades i la societat civil&#8221;, i ha afegit que &#8220;\u00e9s necessari que cada pol\u00edtica que s&#8217;aprove des de l&#8217;administraci\u00f3 estiga impregnada dels ODS&#8221;.&nbsp;<\/p>\n\n\n\n<p class=\"wp-block-paragraph\">La directora general de Participaci\u00f3 Ciutadana, Mar\u00eda Jos\u00e9 P\u00e9rez Galant, ha ressaltat la labor de la corporaci\u00f3 municipal alzirenya per a visualitzar la participaci\u00f3 en les pol\u00edtiques p\u00fabliques que est\u00e0 duent a terme i ha animat als i les representants de la localitat a que continuen treballant en aquesta l\u00ednia.&nbsp;<\/p>\n\n\n\n<p class=\"wp-block-paragraph\">Per part seua, l&#8217;alcalde d&#8217;Alzira, Diego G\u00f3mez, ha valorat molt positivament aquesta reuni\u00f3 i ha traslladat la seua voluntat &#8220;de crear la figura del Defensor de la Ciutadania, a m\u00e9s de posar en marxa el projecte de pressupostos participatius&#8221;.&nbsp;<\/p>\n\n\n\n<p class=\"wp-block-paragraph\">En mat\u00e8ria de cooperaci\u00f3, els representants de la corporaci\u00f3 municipal han reiterat el seu comprom\u00eds de sumar-se a la consecuci\u00f3 dels Objectius de Desenvolupament Sostenible en el marc de l&#8217;Agenda 2030.<\/p>\n","protected":false},"excerpt":{"rendered":"<div class=\"mh-excerpt\">P\u00e9rez Garijo qualifica la participaci\u00f3 &#8220;d&#8217;eix vertebrador de les pol\u00edtiques p\u00fabliques&#8221; per a crear una vertadera cultura participativa entre la ciutadania&nbsp;La consellera convida a l&#8217;Ajuntament d&#8217;Alzira a sumar-se al projecte d&#8217;Alian\u00e7a de Ciutats per l&#8217;Agenda <a class=\"mh-excerpt-more\" href=\"https:\/\/tucomarca.whitekongsoftware.com\/ca\/generalitat-i-ajuntament-dalzira-estrenyen-llacos-de-collaboracio-per-al-desenvolupament-diniciatives-en-materia-de-participacio-i-cooperacio\/\" title=\"Generalitat i Ajuntament d&#8217;Alzira estrenyen lla\u00e7os de col\u00b7laboraci\u00f3 per al desenvolupament d&#8217;iniciatives en mat\u00e8ria de participaci\u00f3 i cooperaci\u00f3\">[+] <\/a><\/div>\n","protected":false},"author":12,"featured_media":114121,"comment_status":"open","ping_status":"open","sticky":false,"template":"","format":"standard","meta":{"footnotes":""},"categories":[10889,10948,10894,10902,10947,10896],"tags":[12622,10853,12617,10716,2510],"class_list":["post-114122","post","type-post","status-publish","format-standard","has-post-thumbnail","category-alzira-cat","category-infraestructuras-ca","category-la-comarca-ca","category-la-ribera-ca","category-politica","category-seccion-ca","tag-ajuntament-alzira","tag-ajuntament-dalzira","tag-conselleria-de-participacio","tag-generalitat-valenciana","tag-transparencia"],"_links":{"self":[{"href":"https:\/\/tucomarca.whitekongsoftware.com\/ca\/wp-json\/wp\/v2\/posts\/114122","targetHints":{"allow":["GET"]}}],"collection":[{"href":"https:\/\/tucomarca.whitekongsoftware.com\/ca\/wp-json\/wp\/v2\/posts"}],"about":[{"href":"https:\/\/tucomarca.whitekongsoftware.com\/ca\/wp-json\/wp\/v2\/types\/post"}],"author":[{"embeddable":true,"href":"https:\/\/tucomarca.whitekongsoftware.com\/ca\/wp-json\/wp\/v2\/users\/12"}],"replies":[{"embeddable":true,"href":"https:\/\/tucomarca.whitekongsoftware.com\/ca\/wp-json\/wp\/v2\/comments?post=114122"}],"version-history":[{"count":0,"href":"https:\/\/tucomarca.whitekongsoftware.com\/ca\/wp-json\/wp\/v2\/posts\/114122\/revisions"}],"wp:featuredmedia":[{"embeddable":true,"href":"https:\/\/tucomarca.whitekongsoftware.com\/ca\/wp-json\/wp\/v2\/media\/114121"}],"wp:attachment":[{"href":"https:\/\/tucomarca.whitekongsoftware.com\/ca\/wp-json\/wp\/v2\/media?parent=114122"}],"wp:term":[{"taxonomy":"category","embeddable":true,"href":"https:\/\/tucomarca.whitekongsoftware.com\/ca\/wp-json\/wp\/v2\/categories?post=114122"},{"taxonomy":"post_tag","embeddable":true,"href":"https:\/\/tucomarca.whitekongsoftware.com\/ca\/wp-json\/wp\/v2\/tags?post=114122"}],"curies":[{"name":"wp","href":"https:\/\/api.w.org\/{rel}","templated":true}]}}