{"id":114116,"date":"2020-09-24T17:00:55","date_gmt":"2020-09-24T15:00:55","guid":{"rendered":"http:\/\/www.tucomarca.com\/wordpress\/segunda\/?p=114116"},"modified":"2020-09-25T01:53:05","modified_gmt":"2020-09-24T23:53:05","slug":"la-regidoria-de-cultura-popular-ajudara-els-pubs-de-bunyol-en-lorganitzacio-desdeveniments-culturals-nocturns-per-palliar-la-seua-dificil-situacio-economica","status":"publish","type":"post","link":"https:\/\/tucomarca.whitekongsoftware.com\/ca\/la-regidoria-de-cultura-popular-ajudara-els-pubs-de-bunyol-en-lorganitzacio-desdeveniments-culturals-nocturns-per-palliar-la-seua-dificil-situacio-economica\/","title":{"rendered":"La Regidoria de Cultura Popular ajudar\u00e0 els pubs de Bunyol en l&#8217;organitzaci\u00f3 d&#8217;esdeveniments culturals nocturns per pal\u00b7liar la seua dif\u00edcil situaci\u00f3 econ\u00f2mica"},"content":{"rendered":"\n<p class=\"wp-block-paragraph\"><strong>Seguint estrictes mesures de seguretat com a aforament limitat i espais a l&#8217;aire lliure, l&#8217;Ajuntament de Bunyol, a trav\u00e9s de la Regidoria de Cultura Popular, pret\u00e9n ajudar al sector cultural i d&#8217;oci nocturn de la localitat despr\u00e9s de la greu situaci\u00f3 econ\u00f2mica per la que estan passant derivada del Covid-19<\/strong><\/p>\n\n\n\n<p class=\"wp-block-paragraph\">Rafa P\u00e9rez, regidor de Cultura Popular de l&#8217;Ajuntament de Bunyol, ha anunciat una ajuda de 450 euros perqu\u00e8 els pubs de la localitat puguin realitzar activitats culturals o festives que pal\u00b7lien la seva minvada situaci\u00f3 econ\u00f2mica actual.<\/p>\n\n\n\n<p class=\"wp-block-paragraph\">Rafa P\u00e9rez, regidor de Cultura Popular de Bunyol, ha destacat que l&#8217;Ajuntament oferir\u00e0 als pubs d&#8217;oci nocturn de la localitat una ajuda de 450 euros per a cada un d&#8217;ells de manera flexible, per que ells puguen decidir obertament quin espectacle contracten i el lloc m\u00e9s idoni per poder organitzar-lo com terrasses a l&#8217;aire lliure. En cas que el local no dispose de recinte gran i airejat l&#8217;Ajuntament, confirma el regidor Rafa P\u00e9rez, els cedeix locals municipals com l&#8217;Auditori de Sant Llu\u00eds o la sala El Mercat.<\/p>\n\n\n\n<p class=\"wp-block-paragraph\">S&#8217;organitzaran activitats que pagar\u00e0 l&#8217;Ajuntament cada cap de setmana. Aix\u00f2 forma part d&#8217;un pla d&#8217;ajudes davant del Covid-19 que va proposar IU, i que formen part de el Pla Local signat a l&#8217;inici de la pand\u00e8mia pels agents econ\u00f2mics, socials i pol\u00edtics del municipi.<\/p>\n\n\n\n<p class=\"wp-block-paragraph\">A m\u00e9s, Rafa P\u00e9rez, confirma que tots els actes, ja siguen mon\u00f2legs o concerts, &#8220;es faran seguint les estrictes mesures de seguretat com a dist\u00e0ncia entre els assistents, mascareta obligat\u00f2ria i en recinte airejat&#8221;. Aquestes activitats preveuen realitzar-se durant tota la tardor: &#8220;Bunyol \u00e9s cultura, i per aix\u00f2 tamb\u00e9 volem estar amb aquest sector. Ja vam dir que ning\u00fa s&#8217;anava a quedar enrere en aquesta pand\u00e8mia, i prova d&#8217;aix\u00f2 \u00e9s aquest conjunt d&#8217;ajudes &#8220;.<\/p>\n","protected":false},"excerpt":{"rendered":"<div class=\"mh-excerpt\">Seguint estrictes mesures de seguretat com a aforament limitat i espais a l&#8217;aire lliure, l&#8217;Ajuntament de Bunyol, a trav\u00e9s de la Regidoria de Cultura Popular, pret\u00e9n ajudar al sector cultural i d&#8217;oci nocturn de la <a class=\"mh-excerpt-more\" href=\"https:\/\/tucomarca.whitekongsoftware.com\/ca\/la-regidoria-de-cultura-popular-ajudara-els-pubs-de-bunyol-en-lorganitzacio-desdeveniments-culturals-nocturns-per-palliar-la-seua-dificil-situacio-economica\/\" title=\"La Regidoria de Cultura Popular ajudar\u00e0 els pubs de Bunyol en l&#8217;organitzaci\u00f3 d&#8217;esdeveniments culturals nocturns per pal\u00b7liar la seua dif\u00edcil situaci\u00f3 econ\u00f2mica\">[+] <\/a><\/div>\n","protected":false},"author":12,"featured_media":109530,"comment_status":"open","ping_status":"open","sticky":false,"template":"","format":"standard","meta":{"footnotes":""},"categories":[10911,12202,10948,10894,10912,11007,10947,10896],"tags":[11158,11939,11940,10914],"class_list":["post-114116","post","type-post","status-publish","format-standard","has-post-thumbnail","category-bunol-ca","category-covid-19-ca","category-infraestructuras-ca","category-la-comarca-ca","category-la-hoya-ca","category-ocio-y-cultura-ca","category-politica","category-seccion-ca","tag-ayuntamiento-de-bunol-ca","tag-coronavirus-ca","tag-covid-19-ca","tag-la-hoya-de-bunol-chiva-ca"],"_links":{"self":[{"href":"https:\/\/tucomarca.whitekongsoftware.com\/ca\/wp-json\/wp\/v2\/posts\/114116","targetHints":{"allow":["GET"]}}],"collection":[{"href":"https:\/\/tucomarca.whitekongsoftware.com\/ca\/wp-json\/wp\/v2\/posts"}],"about":[{"href":"https:\/\/tucomarca.whitekongsoftware.com\/ca\/wp-json\/wp\/v2\/types\/post"}],"author":[{"embeddable":true,"href":"https:\/\/tucomarca.whitekongsoftware.com\/ca\/wp-json\/wp\/v2\/users\/12"}],"replies":[{"embeddable":true,"href":"https:\/\/tucomarca.whitekongsoftware.com\/ca\/wp-json\/wp\/v2\/comments?post=114116"}],"version-history":[{"count":0,"href":"https:\/\/tucomarca.whitekongsoftware.com\/ca\/wp-json\/wp\/v2\/posts\/114116\/revisions"}],"wp:featuredmedia":[{"embeddable":true,"href":"https:\/\/tucomarca.whitekongsoftware.com\/ca\/wp-json\/wp\/v2\/media\/109530"}],"wp:attachment":[{"href":"https:\/\/tucomarca.whitekongsoftware.com\/ca\/wp-json\/wp\/v2\/media?parent=114116"}],"wp:term":[{"taxonomy":"category","embeddable":true,"href":"https:\/\/tucomarca.whitekongsoftware.com\/ca\/wp-json\/wp\/v2\/categories?post=114116"},{"taxonomy":"post_tag","embeddable":true,"href":"https:\/\/tucomarca.whitekongsoftware.com\/ca\/wp-json\/wp\/v2\/tags?post=114116"}],"curies":[{"name":"wp","href":"https:\/\/api.w.org\/{rel}","templated":true}]}}