{"id":114034,"date":"2020-09-24T09:00:31","date_gmt":"2020-09-24T07:00:31","guid":{"rendered":"http:\/\/www.tucomarca.com\/wordpress\/segunda\/?p=114034"},"modified":"2020-09-24T11:08:41","modified_gmt":"2020-09-24T09:08:41","slug":"els-premis-turisme-comunitat-valenciana-reconeixen-a-la-fira-de-el-primer-tall-de-la-mel-daiora-i-la-nit-de-les-espelmes-de-titaguas","status":"publish","type":"post","link":"https:\/\/tucomarca.whitekongsoftware.com\/ca\/els-premis-turisme-comunitat-valenciana-reconeixen-a-la-fira-de-el-primer-tall-de-la-mel-daiora-i-la-nit-de-les-espelmes-de-titaguas\/","title":{"rendered":"Els Premis Turisme Comunitat Valenciana reconeixen a la Fira de el primer tall de la mel d&#8217;Aiora i la nit de les espelmes de Titaguas"},"content":{"rendered":"\n<p class=\"wp-block-paragraph\"><strong>Els premiats s\u00f3n Palau Ducal dels Borja; I Curs d&#8217;Especialitzaci\u00f3 Turisme Gastron\u00f2mic; la XIX Fira Primer Tall de la Mel d&#8217;Ayora; AMUFOR; la Nit de les Veles Titaguas; Viunatura i Horta Viva<\/strong><\/p>\n\n\n\n<p class=\"wp-block-paragraph\"><strong>Tamb\u00e9 s&#8217;han atorgat mencions especials als que durant 2020 s&#8217;hagen distingit per la seua contribuci\u00f3 a pal\u00b7liar els efectes ocasionats per la COVID-19 sobre el sector tur\u00edstic valenci\u00e0<\/strong><\/p>\n\n\n\n<p class=\"wp-block-paragraph\">El Diari Oficial de la Generalitat Valenciana (DOGV) ha publicat la resoluci\u00f3 de la concessi\u00f3 dels Premis Turisme &#8216;que ha atorgat el jurat en la seua edici\u00f3 corresponent a 2019 en cadascuna de les modalitats convocades.<\/p>\n\n\n\n<p class=\"wp-block-paragraph\">Premis Turisme Comunitat Valenciana s\u00f3n uns guardons que tenen com a objectiu recon\u00e8ixer a persones, entitats i institucions que durant l&#8217;any hagen destacat per la seua tasca a favor del turisme a la Comunitat.<\/p>\n\n\n\n<p class=\"wp-block-paragraph\">En l&#8217;edici\u00f3 de 2019, el guard\u00f3 a la &#8220;traject\u00f2ria tur\u00edstica&#8221; ha recaigut en la Fundaci\u00f3 Palau Ducal dels Borja Fundaci\u00f3 de la Comunitat Valenciana. Aquesta categoria reconeix l&#8217;esfor\u00e7 i la dedicaci\u00f3 al llarg dels anys en el desenvolupament d&#8217;iniciatives empresarials o dinamitzaci\u00f3 de productes tur\u00edstics o destinacions tur\u00edstiques de la Comunitat Valenciana, com el desenvolupament de la seua professi\u00f3 o activitat mitjan\u00e7ant una participaci\u00f3 activa i participativa dins dels seus empreses, en pro del turisme.<\/p>\n\n\n\n<p class=\"wp-block-paragraph\">El Premi a &#8220;la formaci\u00f3, investigaci\u00f3 i innovaci\u00f3 tur\u00edstica&#8221; ha estat concedit al I Curs d&#8217;Especialitzaci\u00f3 en Turisme Gastron\u00f2mic i Cultura Culin\u00e0ria. Aquesta modalitat s&#8217;atorga a qui el 2019 haga desenvolupat projectes de base innovadora que comporten un increment de la competitivitat del sector tur\u00edstic de la Comunitat Valenciana.<\/p>\n\n\n\n<p class=\"wp-block-paragraph\">El reconeixement &#8216;A la promoci\u00f3 i comunicaci\u00f3 tur\u00edstica&#8217; s&#8217;ha atorgat a la XIX edici\u00f3 Fira Primer Tall de la Mel d&#8217;Ayora. Aquesta modalitat reconeix les accions o campanyes de comunicaci\u00f3 tur\u00edstiques noves, tant des de l&#8217;\u00e0mbit de l&#8217;empresa tur\u00edstica com les destinacions sempre que hagin suposat una millora clara del seu posicionament en els mercats mitjan\u00e7ant activitats de promoci\u00f3 que incideixin en els seus valors diferencials i incrementin el flux tur\u00edstic.<\/p>\n\n\n\n<p class=\"wp-block-paragraph\">En la modalitat &#8216;al turisme sostenible&#8217;, s&#8217;ha reconegut a l&#8217;Associaci\u00f3 de Municipis Forestals C.V, (Amufor) art rupestre i el bosc com a model de gesti\u00f3 del turisme. En aquesta categoria es reconeix a qui el 2019 haga contribu\u00eft significativament al desenvolupament per al creixement econ\u00f2mic sostenible, la generaci\u00f3 d&#8217;ocupaci\u00f3 i reducci\u00f3 de pobresa, l&#8217;\u00fas eficient de recursos i la protecci\u00f3 de l&#8217;entorn; aix\u00ed com el foment dels valors culturals i la diversitat del patrimoni.<\/p>\n\n\n\n<p class=\"wp-block-paragraph\">A m\u00e9s, la Nit de les Veles de Titaguas ha estat la guardonada en aquesta edici\u00f3 en la modalitat de &#8216;turisme inclusiu&#8217;. En aquesta categoria es reconeix a qui el 2019 haga contribu\u00eft significativament a la millora de l&#8217;accessibilitat en tots els components de el sector tur\u00edstic, en tant que permet gaudir l&#8217;oferta tur\u00edstica a totes les persones. Tamb\u00e9 es valoren les iniciatives que desenvolupen el Codi \u00c8tic de l&#8217;Turisme Valenci\u00e0 implantant accions de responsabilitat social empresarial o corporativa.<\/p>\n\n\n\n<p class=\"wp-block-paragraph\">I finalment, en la modalitat &#8216;al &#8216;turista responsable&#8217;, s&#8217;ha atorgat el premi ex aequo a les empreses Viunatura, S.L. i a Horta viva- Val\u00e8ncia Original Tours que pel producte que oferixen i les caracter\u00edstiques de la seua gesti\u00f3, atreuen a turistes responsables i compromesos amb el territori i la cultura.<\/p>\n\n\n\n<p class=\"wp-block-paragraph\"><strong>Mencions Especials<\/strong><\/p>\n\n\n\n<p class=\"wp-block-paragraph\">A m\u00e9s, aquesta edici\u00f3 de Premis Turisme Comunitat Valenciana atorga una menci\u00f3 especial a l&#8217;ONG World Central Kitchen des de Val\u00e8ncia, a Men\u00fas Solidaris de Castell\u00f3, ja Alacant Gastron\u00f2mica Solid\u00e0ria, els que van oferir 300.000 men\u00fas solidaris, per la seua aportaci\u00f3 en els moments m\u00e9s durs de la pand\u00e8mia per la Covid-19.<\/p>\n\n\n\n<p class=\"wp-block-paragraph\">Tamb\u00e9 s&#8217;ha atorgat una menci\u00f3 especial a l&#8217;Institut per a la Qualitat Tur\u00edstica Espanyola (ICTE) ia Eva Beltr\u00e1n Zurita, t\u00e8cnic de Qualitat de Turisme CV, per l&#8217;esfor\u00e7 realitzat en l&#8217;elaboraci\u00f3 de les guies d&#8217;especificacions per a la reducci\u00f3 del contagi pel coronavirus SARS -COV-2 en establiments tur\u00edstics de primer ordre com s\u00f3n les platges o destinacions d&#8217;interior.<\/p>\n\n\n\n<p class=\"wp-block-paragraph\">Aix\u00ed mateix, han estat reconeguts tamb\u00e9 amb una menci\u00f3 especial els hotels que van ser &#8220;medicalitzats&#8221; i van acollir a pacients amb Covid, l&#8217;Hotel Luz Castell\u00f3, Hotel AC Val\u00e8ncia i Complex Sant Joan d&#8217;Alacant per la seua contribuci\u00f3 a l&#8217;atenci\u00f3 sanit\u00e0ria durant els moments m\u00e9s durs de la pand\u00e8mia.<\/p>\n\n\n\n<p class=\"wp-block-paragraph\">Finalment, destacar que aquests premis tenen car\u00e0cter exclusivament honor\u00edfic, per la qual cosa no comporten cap prestaci\u00f3 econ\u00f2mica i es lliuraran el proper dia 28 de setembre, en el marc dels actes organitzats per la Generalitat amb motiu del Dia Mundial del Turisme.<\/p>\n","protected":false},"excerpt":{"rendered":"<div class=\"mh-excerpt\">Els premiats s\u00f3n Palau Ducal dels Borja; I Curs d&#8217;Especialitzaci\u00f3 Turisme Gastron\u00f2mic; la XIX Fira Primer Tall de la Mel d&#8217;Ayora; AMUFOR; la Nit de les Veles Titaguas; Viunatura i Horta Viva Tamb\u00e9 s&#8217;han atorgat <a class=\"mh-excerpt-more\" href=\"https:\/\/tucomarca.whitekongsoftware.com\/ca\/els-premis-turisme-comunitat-valenciana-reconeixen-a-la-fira-de-el-primer-tall-de-la-mel-daiora-i-la-nit-de-les-espelmes-de-titaguas\/\" title=\"Els Premis Turisme Comunitat Valenciana reconeixen a la Fira de el primer tall de la mel d&#8217;Aiora i la nit de les espelmes de Titaguas\">[+] <\/a><\/div>\n","protected":false},"author":12,"featured_media":114033,"comment_status":"open","ping_status":"open","sticky":false,"template":"","format":"standard","meta":{"footnotes":""},"categories":[10954,10951,12202,11046,10894,10904,11007,10947,10896,11027],"tags":[11216,12608,12609,11939,11940,11080,12610,11404],"class_list":["post-114034","post","type-post","status-publish","format-standard","has-post-thumbnail","category-ayora-ca","category-ayora-cofrentes-ca","category-covid-19-ca","category-los-serranos-ca","category-la-comarca-ca","category-sin-categorizar-ca","category-ocio-y-cultura-ca","category-politica","category-seccion-ca","category-titaguas-ca","tag-ayora-cofrentes-ca","tag-ayuntamiento-de-ayora-ca","tag-ayuntamiento-de-titaguas-ca","tag-coronavirus-ca","tag-covid-19-ca","tag-los-serranos-ca","tag-patronato-de-turismo-ca","tag-valencia-turisme-ca"],"_links":{"self":[{"href":"https:\/\/tucomarca.whitekongsoftware.com\/ca\/wp-json\/wp\/v2\/posts\/114034","targetHints":{"allow":["GET"]}}],"collection":[{"href":"https:\/\/tucomarca.whitekongsoftware.com\/ca\/wp-json\/wp\/v2\/posts"}],"about":[{"href":"https:\/\/tucomarca.whitekongsoftware.com\/ca\/wp-json\/wp\/v2\/types\/post"}],"author":[{"embeddable":true,"href":"https:\/\/tucomarca.whitekongsoftware.com\/ca\/wp-json\/wp\/v2\/users\/12"}],"replies":[{"embeddable":true,"href":"https:\/\/tucomarca.whitekongsoftware.com\/ca\/wp-json\/wp\/v2\/comments?post=114034"}],"version-history":[{"count":0,"href":"https:\/\/tucomarca.whitekongsoftware.com\/ca\/wp-json\/wp\/v2\/posts\/114034\/revisions"}],"wp:featuredmedia":[{"embeddable":true,"href":"https:\/\/tucomarca.whitekongsoftware.com\/ca\/wp-json\/wp\/v2\/media\/114033"}],"wp:attachment":[{"href":"https:\/\/tucomarca.whitekongsoftware.com\/ca\/wp-json\/wp\/v2\/media?parent=114034"}],"wp:term":[{"taxonomy":"category","embeddable":true,"href":"https:\/\/tucomarca.whitekongsoftware.com\/ca\/wp-json\/wp\/v2\/categories?post=114034"},{"taxonomy":"post_tag","embeddable":true,"href":"https:\/\/tucomarca.whitekongsoftware.com\/ca\/wp-json\/wp\/v2\/tags?post=114034"}],"curies":[{"name":"wp","href":"https:\/\/api.w.org\/{rel}","templated":true}]}}