{"id":113997,"date":"2020-09-22T14:00:44","date_gmt":"2020-09-22T12:00:44","guid":{"rendered":"http:\/\/www.tucomarca.com\/wordpress\/segunda\/?p=113997"},"modified":"2020-09-24T02:17:55","modified_gmt":"2020-09-24T00:17:55","slug":"la-ud-mancomunitat-la-foia-firma-un-conveni-amb-el-valencia-cf","status":"publish","type":"post","link":"https:\/\/tucomarca.whitekongsoftware.com\/ca\/la-ud-mancomunitat-la-foia-firma-un-conveni-amb-el-valencia-cf\/","title":{"rendered":"La UD Mancomunitat La Foia firma un conveni amb el Val\u00e8ncia CF"},"content":{"rendered":"\n<p class=\"wp-block-paragraph\">El sal\u00f3 d&#8217;actes de l&#8217;Ajuntament d&#8217;Alborache ha acollit la signatura d&#8217;el conveni amb el Val\u00e8ncia CF, a ella han assistit representants de l&#8217;Val\u00e8ncia CF, els alcaldes i regidors d&#8217;esports d&#8217;Alborache, Macastre i Y\u00e1tova, aix\u00ed com el president i la junta directiva.<br> Afirmen des del club &#8220;estem molt contents per aquest conveni ja que \u00e9s molt benefici\u00f3s tant per al club, com per als jugadors de l&#8217;escola&#8221;.<br> Aquests s\u00f3n alguns dels aspectes que recull el conveni:<\/p>\n\n\n\n<ul class=\"wp-block-list\"><li>El Val\u00e8ncia CF podr\u00e0 convocar entrenaments o partits amistosos en les seves instal\u00b7lacions o les que indiquin, a qualsevol jugador de la nostra escola.<\/li><li>Podr\u00e0 fer \u00fas dels entrenadors de la nostra escola per tornejos nacionals o internacionals, o qualsevol altra activitat esportiva.<\/li><li>Hi haur\u00e0 un seguiment dels jugadors de la nostra escola per part dels t\u00e8cnics d&#8217;scouting de Val\u00e8ncia CF.<\/li><li>Assessorament en entrenaments, tecnificaci\u00f3, fisioter\u00e0pia, nutrici\u00f3.<\/li><li>Possibilitat de dotar d&#8217;un paquet d&#8217;entrades per a presenciar algun dels partits de l&#8217;Val\u00e8ncia CF (1\u00aa Divisi\u00f3), Tour Mestalla \u2026<\/li><li>Un cop finalitzat l&#8217;acte, els presents s&#8217;han despla\u00e7at a el camp de Macastre on entrenaven equips de l&#8217;escola i on se li ha obsequiat el club amb una samarreta de Val\u00e8ncia CF.<\/li><\/ul>\n\n\n\n<p class=\"wp-block-paragraph\">Un cop finalitzat l&#8217;acte, els presents s&#8217;han despla\u00e7at a el camp de Macastre on entrenaven equips de l&#8217;escola i on se li ha obsequiat el club amb una samarreta de Val\u00e8ncia CF.<\/p>\n","protected":false},"excerpt":{"rendered":"<div class=\"mh-excerpt\">El sal\u00f3 d&#8217;actes de l&#8217;Ajuntament d&#8217;Alborache ha acollit la signatura d&#8217;el conveni amb el Val\u00e8ncia CF, a ella han assistit representants de l&#8217;Val\u00e8ncia CF, els alcaldes i regidors d&#8217;esports d&#8217;Alborache, Macastre i Y\u00e1tova, aix\u00ed com <a class=\"mh-excerpt-more\" href=\"https:\/\/tucomarca.whitekongsoftware.com\/ca\/la-ud-mancomunitat-la-foia-firma-un-conveni-amb-el-valencia-cf\/\" title=\"La UD Mancomunitat La Foia firma un conveni amb el Val\u00e8ncia CF\">[+] <\/a><\/div>\n","protected":false},"author":12,"featured_media":113995,"comment_status":"open","ping_status":"open","sticky":false,"template":"","format":"standard","meta":{"footnotes":""},"categories":[10973,11015,11003,10980,10912,10978,10896],"tags":[10379,10661,5952,11513,1810],"class_list":["post-113997","post","type-post","status-publish","format-standard","has-post-thumbnail","category-alborache-ca","category-canal-futbol","category-sports","category-yatova-ca","category-la-hoya-ca","category-macastre-ca","category-seccion-ca","tag-deportes","tag-esports","tag-la-hoya-de-bunol-chiva","tag-mancomunidad-de-la-hoya-de-bunol-chiva","tag-valencia-cf"],"_links":{"self":[{"href":"https:\/\/tucomarca.whitekongsoftware.com\/ca\/wp-json\/wp\/v2\/posts\/113997","targetHints":{"allow":["GET"]}}],"collection":[{"href":"https:\/\/tucomarca.whitekongsoftware.com\/ca\/wp-json\/wp\/v2\/posts"}],"about":[{"href":"https:\/\/tucomarca.whitekongsoftware.com\/ca\/wp-json\/wp\/v2\/types\/post"}],"author":[{"embeddable":true,"href":"https:\/\/tucomarca.whitekongsoftware.com\/ca\/wp-json\/wp\/v2\/users\/12"}],"replies":[{"embeddable":true,"href":"https:\/\/tucomarca.whitekongsoftware.com\/ca\/wp-json\/wp\/v2\/comments?post=113997"}],"version-history":[{"count":0,"href":"https:\/\/tucomarca.whitekongsoftware.com\/ca\/wp-json\/wp\/v2\/posts\/113997\/revisions"}],"wp:featuredmedia":[{"embeddable":true,"href":"https:\/\/tucomarca.whitekongsoftware.com\/ca\/wp-json\/wp\/v2\/media\/113995"}],"wp:attachment":[{"href":"https:\/\/tucomarca.whitekongsoftware.com\/ca\/wp-json\/wp\/v2\/media?parent=113997"}],"wp:term":[{"taxonomy":"category","embeddable":true,"href":"https:\/\/tucomarca.whitekongsoftware.com\/ca\/wp-json\/wp\/v2\/categories?post=113997"},{"taxonomy":"post_tag","embeddable":true,"href":"https:\/\/tucomarca.whitekongsoftware.com\/ca\/wp-json\/wp\/v2\/tags?post=113997"}],"curies":[{"name":"wp","href":"https:\/\/api.w.org\/{rel}","templated":true}]}}