{"id":113987,"date":"2020-09-22T17:00:18","date_gmt":"2020-09-22T15:00:18","guid":{"rendered":"http:\/\/www.tucomarca.com\/wordpress\/segunda\/?p=113987"},"modified":"2020-09-24T02:20:17","modified_gmt":"2020-09-24T00:20:17","slug":"las-cinc-estacions-de-vivaldi-lultima-novella-demi-zanon-es-presenta-en-el-passeig-de-sant-lluis-de-bunyol","status":"publish","type":"post","link":"https:\/\/tucomarca.whitekongsoftware.com\/ca\/las-cinc-estacions-de-vivaldi-lultima-novella-demi-zanon-es-presenta-en-el-passeig-de-sant-lluis-de-bunyol\/","title":{"rendered":"&#8220;Las cinc estacions de Vivaldi&#8221;, l&#8217;\u00faltima novel\u00b7la d&#8217;Emi Zan\u00f3n, es presenta en el Passeig de Sant Llu\u00eds de Bunyol"},"content":{"rendered":"\n<p class=\"wp-block-paragraph\">L&#8217;escriptora bunyolense, Emi Zan\u00f3n, ha publicat el seu \u00faltim &#8220;Les Cinc Estacions de Vivaldi&#8221;, que presentar\u00e0 a Bunyol aquest dijous, 24 de setembre, tot i que hui dimecres ser\u00e0 presentat virtualment a la Fira Internacional del Llibre de Cohauila, a M\u00e8xic.<\/p>\n\n\n\n<p class=\"wp-block-paragraph\">&#8220;Aquesta novel\u00b7la \u00e9s un cant d&#8217;amor a la dona, a les pioneres en les seues respectives \u00e8poques que, amb el seu coratge i determinaci\u00f3, no van desistir dels seus somnis, a la fam\u00edlia, a les segones oportunitats; a la m\u00fasica i a un dels seus grans genis, Vivaldi.<\/p>\n\n\n\n<p class=\"wp-block-paragraph\">Una bella novel\u00b7la sobre l&#8217;adopci\u00f3, els lla\u00e7os de sang i d&#8217;amor &#8220;que, a m\u00e9s, ha resultat finalista de l&#8217;XXXVI Premi de Novel\u00b7la Felipe Blat.<\/p>\n\n\n\n<p class=\"wp-block-paragraph\">&#8220;Les cinc estacions de Vivaldi&#8221; ambientada principalment en la Ven\u00e8cia de primera meitat de l&#8217;s.XVIII, va permetre als seus lectors endinsar-se en un per\u00edode hist\u00f2ric tan apassionant com \u00e9s el barroc, compartint amb els seus personatges intriga, amor, recerca de la identitat, adopci\u00f3, fam\u00edlia, dones pioneres, segones oportunitats, m\u00fasica, a m\u00e9s de la genialitat de Vivaldi, el seu temps i la bella Ven\u00e8cia.<\/p>\n\n\n\n<p class=\"wp-block-paragraph\">L&#8217;autora ressalta que &#8220;est\u00e0 pensada per a un ampli p\u00fablic pel seu rigor hist\u00f2ric, per la tem\u00e0tica principal sobre la recerca de la identitat, les adopcions, la m\u00fasica i, a m\u00e9s, a l&#8217;\u00e9sser una hist\u00f2ria d&#8217;amor pot ser molt atractiva als lectors i lectores de novel\u00b7la rom\u00e0ntica&#8221;.<\/p>\n\n\n\n<p class=\"wp-block-paragraph\">La presentaci\u00f3 de &#8220;Les cinc estacions de Vivaldi&#8221; a Bunyol, organitzada per la regidoria de Cultura i la Biblioteca P\u00fablica Municipal, tindr\u00e0 lloc aquest dijous, 24 de setembre, a les 19,00 h, al Passeig de Sant Llu\u00eds i comptar\u00e0 amb la participaci\u00f3 de l&#8217;autora, Juan Luis Pall\u00e0s, regidor de Cultura de l&#8217;Ajuntament de Bunyol, l&#8217;escriptor Rub\u00e9n mar\u00e7 i l&#8217;editor Quique Olmos.<\/p>\n","protected":false},"excerpt":{"rendered":"<div class=\"mh-excerpt\">L&#8217;escriptora bunyolense, Emi Zan\u00f3n, ha publicat el seu \u00faltim &#8220;Les Cinc Estacions de Vivaldi&#8221;, que presentar\u00e0 a Bunyol aquest dijous, 24 de setembre, tot i que hui dimecres ser\u00e0 presentat virtualment a la Fira Internacional <a class=\"mh-excerpt-more\" href=\"https:\/\/tucomarca.whitekongsoftware.com\/ca\/las-cinc-estacions-de-vivaldi-lultima-novella-demi-zanon-es-presenta-en-el-passeig-de-sant-lluis-de-bunyol\/\" title=\"&#8220;Las cinc estacions de Vivaldi&#8221;, l&#8217;\u00faltima novel\u00b7la d&#8217;Emi Zan\u00f3n, es presenta en el Passeig de Sant Llu\u00eds de Bunyol\">[+] <\/a><\/div>\n","protected":false},"author":12,"featured_media":113983,"comment_status":"open","ping_status":"open","sticky":false,"template":"","format":"standard","meta":{"footnotes":""},"categories":[11019,10911,10912,10896],"tags":[5335,12103,12604,5952],"class_list":["post-113987","post","type-post","status-publish","format-standard","has-post-thumbnail","category-agenda-ca","category-bunol-ca","category-la-hoya-ca","category-seccion-ca","tag-ayuntamiento-de-bunol","tag-biblioteca-publica-municipal-de-bunol","tag-emi-zanon","tag-la-hoya-de-bunol-chiva"],"_links":{"self":[{"href":"https:\/\/tucomarca.whitekongsoftware.com\/ca\/wp-json\/wp\/v2\/posts\/113987","targetHints":{"allow":["GET"]}}],"collection":[{"href":"https:\/\/tucomarca.whitekongsoftware.com\/ca\/wp-json\/wp\/v2\/posts"}],"about":[{"href":"https:\/\/tucomarca.whitekongsoftware.com\/ca\/wp-json\/wp\/v2\/types\/post"}],"author":[{"embeddable":true,"href":"https:\/\/tucomarca.whitekongsoftware.com\/ca\/wp-json\/wp\/v2\/users\/12"}],"replies":[{"embeddable":true,"href":"https:\/\/tucomarca.whitekongsoftware.com\/ca\/wp-json\/wp\/v2\/comments?post=113987"}],"version-history":[{"count":0,"href":"https:\/\/tucomarca.whitekongsoftware.com\/ca\/wp-json\/wp\/v2\/posts\/113987\/revisions"}],"wp:featuredmedia":[{"embeddable":true,"href":"https:\/\/tucomarca.whitekongsoftware.com\/ca\/wp-json\/wp\/v2\/media\/113983"}],"wp:attachment":[{"href":"https:\/\/tucomarca.whitekongsoftware.com\/ca\/wp-json\/wp\/v2\/media?parent=113987"}],"wp:term":[{"taxonomy":"category","embeddable":true,"href":"https:\/\/tucomarca.whitekongsoftware.com\/ca\/wp-json\/wp\/v2\/categories?post=113987"},{"taxonomy":"post_tag","embeddable":true,"href":"https:\/\/tucomarca.whitekongsoftware.com\/ca\/wp-json\/wp\/v2\/tags?post=113987"}],"curies":[{"name":"wp","href":"https:\/\/api.w.org\/{rel}","templated":true}]}}