{"id":113965,"date":"2020-09-22T19:35:08","date_gmt":"2020-09-22T17:35:08","guid":{"rendered":"http:\/\/www.tucomarca.com\/wordpress\/segunda\/?p=113965"},"modified":"2020-09-22T19:35:10","modified_gmt":"2020-09-22T17:35:10","slug":"leliana-suma-3-casos-dorigen-social-als-892-nous-contagis-de-coronavirus-a-la-comunitat-durant-lultima-jornada","status":"publish","type":"post","link":"https:\/\/tucomarca.whitekongsoftware.com\/ca\/leliana-suma-3-casos-dorigen-social-als-892-nous-contagis-de-coronavirus-a-la-comunitat-durant-lultima-jornada\/","title":{"rendered":"L&#8217;Eliana suma 3 casos d&#8217;origen social als 892 nous contagis de coronavirus a la Comunitat durant l&#8217;\u00faltima jornada"},"content":{"rendered":"\n<p class=\"wp-block-paragraph\">La conselleria de Sanitat Universal i Salut P\u00fablica ha registrat 892 nous contagis de coronavirus confirmats per prova PCR a la Comunitat Valenciana des de l&#8217;\u00faltima actualitzaci\u00f3, que situen la xifra total de positius en 36.188 persones. Per prov\u00edncies, la distribuci\u00f3 \u00e9s la seg\u00fcent: 163 a Castell\u00f3 (3.992 en total); 303 a Alacant (11.864 en total), i 426 a la prov\u00edncia de Val\u00e8ncia, a la qual s&#8217;han reassignat 2 casos anteriors (20.326 en total). A m\u00e9s, hi ha 6 casos sense assignar.<\/p>\n\n\n\n<p class=\"wp-block-paragraph\">D&#8217;altra banda, s&#8217;han donat 706 altes a pacients amb coronavirus, de manera que el total de persones curades des de l&#8217;inici de la pand\u00e8mia se situa en 37.525: 4.403 a Castell\u00f3, 11.989 a Alacant i 21.101 a Val\u00e8ncia. A m\u00e9s, hi ha 32 altes no assignades.<\/p>\n\n\n\n<p class=\"wp-block-paragraph\">D&#8217;aquesta manera, a hores d&#8217;ara hi ha actius 6.237 casos, fet que suposa un 13,75% de l&#8217;total de positius.<\/p>\n\n\n\n<p class=\"wp-block-paragraph\">Entre ells tres casos m\u00e9s detectats en un brot a l&#8217;Eliana, que ha registrat un total de 7 casos per PCR realitzades en els \u00faltims 14 dies.<\/p>\n\n\n\n<p class=\"wp-block-paragraph\">La Comunitat Valenciana continua amb la incid\u00e8ncia acumulada de coronavirus en els darrers 7 dies m\u00e9s baixa d&#8217;Espanya. En concret, s\u00f3n 41,39 casos diagnosticats per cada 100.000 habitants. En aquest sentit, la consellera, Ana Barcel\u00f3, ha remarcat &#8220;l&#8217;important treball que s&#8217;est\u00e0 duent a terme des d&#8217;Atenci\u00f3 Prim\u00e0ria i Salut P\u00fablica per a la detecci\u00f3 preco\u00e7 del virus i el control en les cadenes de transmissi\u00f3&#8221;.<\/p>\n\n\n\n<p class=\"wp-block-paragraph\">Els hospitals valencians tenen, actualment, 484 persones ingressades: 62 a la prov\u00edncia de Castell\u00f3, amb 11 pacients en UCI; 174 a la prov\u00edncia d&#8217;Alacant, 36 d&#8217;ells a l&#8217;UCI; i 248 a la prov\u00edncia de Val\u00e8ncia, 34 d&#8217;ells en UCI.<\/p>\n\n\n\n<p class=\"wp-block-paragraph\">D&#8217;altra banda, s&#8217;han registrat 5 morts per coronavirus des de l&#8217;\u00faltima actualitzaci\u00f3, de manera que el total de defuncions \u00e9s de 1.595 persones: 237 a la prov\u00edncia de Castell\u00f3, 550 a la d&#8217;Alacant i 808 a la de Val\u00e8ncia.<\/p>\n\n\n\n<p class=\"wp-block-paragraph\">El nombre total de proves dutes a terme per a la detecci\u00f3 de l&#8217;coronavirus ascendeix a 1.035.626, de les quals 886.868 han estat a trav\u00e9s de PCR i 148.758 mitjan\u00e7ant test r\u00e0pid.<\/p>\n\n\n\n<p class=\"wp-block-paragraph\">Actualitzaci\u00f3 de la situaci\u00f3 en resid\u00e8ncies<\/p>\n\n\n\n<p class=\"wp-block-paragraph\">A dia d&#8217;avui, hi ha algun cas positiu en 44 resid\u00e8ncies de majors (3 a la prov\u00edncia de Castell\u00f3, 16 a la prov\u00edncia d&#8217;Alacant i 25 a la prov\u00edncia de Val\u00e8ncia), 11 centres de persones amb diversitat funcional (1 a la prov\u00edncia de Castell\u00f3, 2 a la d&#8217;Alacant i 8 a la de Val\u00e8ncia) i 3 centres de menors (0 a la prov\u00edncia de Castell\u00f3, 1 a la prov\u00edncia d&#8217;Alacant i 2 a la prov\u00edncia de Val\u00e8ncia).<\/p>\n\n\n\n<ul class=\"wp-block-list\"><li>Residents nous positius: 17<\/li><li>Treballadors nous positius: 7<\/li><li>Residents morts: 5<\/li><\/ul>\n\n\n\n<p class=\"wp-block-paragraph\">Actualment, es troben sota vigil\u00e0ncia activa de control sanitari juliol resid\u00e8ncies a la Comunitat Valenciana: 0 a la prov\u00edncia de Castell\u00f3, 2 a la prov\u00edncia d&#8217;Alacant i 5 a la prov\u00edncia de Val\u00e8ncia.<\/p>\n\n\n\n<p class=\"wp-block-paragraph\">Actualitzaci\u00f3 brots de coronavirus<\/p>\n\n\n\n<p class=\"wp-block-paragraph\">Nous brots:<\/p>\n\n\n\n<p class=\"wp-block-paragraph\">\u00b7 Castell\u00f3: 4 casos. origen social<\/p>\n\n\n\n<p class=\"wp-block-paragraph\">\u00b7 Ontinyent: 5 casos. origen social<\/p>\n\n\n\n<p class=\"wp-block-paragraph\">\u00b7 Val\u00e8ncia: 9 casos. origen social<\/p>\n\n\n\n<p class=\"wp-block-paragraph\">\u00b7 Guardamar de Segura: 3 casos. origen social<\/p>\n\n\n\n<p class=\"wp-block-paragraph\">\u00b7 Ontinyent: 4 casos. origen social<\/p>\n\n\n\n<p class=\"wp-block-paragraph\">\u00b7 Val\u00e8ncia: 4 casos. origen laboral<\/p>\n\n\n\n<p class=\"wp-block-paragraph\">\u00b7 L&#8217;Alcora: 8 casos. origen social<\/p>\n\n\n\n<p class=\"wp-block-paragraph\">\u00b7 Almassora: 7 casos. origen social<\/p>\n\n\n\n<p class=\"wp-block-paragraph\">\u00b7 Oriola: 3 casos. origen laboral<\/p>\n\n\n\n<p class=\"wp-block-paragraph\">\u00b7 Torrevella: 3 casos. origen social<\/p>\n\n\n\n<p class=\"wp-block-paragraph\">\u00b7 Ontinyent: 5 casos. origen social<\/p>\n\n\n\n<p class=\"wp-block-paragraph\">\u00b7 Moncada: 6 casos. origen social<\/p>\n\n\n\n<p class=\"wp-block-paragraph\">\u00b7 Elche \/ Elx: 4 casos, Origen social<\/p>\n\n\n\n<p class=\"wp-block-paragraph\">\u00b7 Segunto \/ Sagunt: 8 casos. origen social<\/p>\n\n\n\n<p class=\"wp-block-paragraph\">\u00b7 Benic\u00e0ssim: 4 casos. origen social<\/p>\n\n\n\n<p class=\"wp-block-paragraph\">\u00b7 Almorad\u00ed: 6 casos. origen social<\/p>\n\n\n\n<p class=\"wp-block-paragraph\">\u00b7 Onda: 7 casos. origen social<\/p>\n\n\n\n<p class=\"wp-block-paragraph\">\u00b7 Sumac\u00e0rcer: 15 casos. origen social<\/p>\n\n\n\n<p class=\"wp-block-paragraph\">\u00b7 La Pobla de Farnals. 3 casos. origen social<\/p>\n\n\n\n<p class=\"wp-block-paragraph\">\u00b7 Almassora: 5 casos. origen laboral<\/p>\n\n\n\n<p class=\"wp-block-paragraph\">\u00b7 Val\u00e8ncia: 4 casos. origen social<\/p>\n\n\n\n<p class=\"wp-block-paragraph\">\u00b7 Pu\u00e7ol: 3 casos. origen social<\/p>\n\n\n\n<p class=\"wp-block-paragraph\">\u00b7 Benifair\u00f3 de les Valls: 4 casos. origen social<\/p>\n\n\n\n<p class=\"wp-block-paragraph\">\u00b7 Val\u00e8ncia: 3 casos. Origen \u00e0mbit educatiu<\/p>\n\n\n\n<p class=\"wp-block-paragraph\">\u00b7 L&#8217;Eliana: 3 casos. origen social<\/p>\n\n\n\n<p class=\"wp-block-paragraph\">\u00b7 Val\u00e8ncia: 3 casos. origen social<\/p>\n\n\n\n<p class=\"wp-block-paragraph\">\u00b7 Rafelbunyol: 3 casos. origen social<\/p>\n","protected":false},"excerpt":{"rendered":"<div class=\"mh-excerpt\">La conselleria de Sanitat Universal i Salut P\u00fablica ha registrat 892 nous contagis de coronavirus confirmats per prova PCR a la Comunitat Valenciana des de l&#8217;\u00faltima actualitzaci\u00f3, que situen la xifra total de positius en <a class=\"mh-excerpt-more\" href=\"https:\/\/tucomarca.whitekongsoftware.com\/ca\/leliana-suma-3-casos-dorigen-social-als-892-nous-contagis-de-coronavirus-a-la-comunitat-durant-lultima-jornada\/\" title=\"L&#8217;Eliana suma 3 casos d&#8217;origen social als 892 nous contagis de coronavirus a la Comunitat durant l&#8217;\u00faltima jornada\">[+] <\/a><\/div>\n","protected":false},"author":1,"featured_media":113962,"comment_status":"open","ping_status":"open","sticky":false,"template":"","format":"standard","meta":{"footnotes":""},"categories":[10892,11010,12202,10898,10948,10894,10904,10893,10903,10947,10896,10897],"tags":[10899,11939,11940,11952,11172],"class_list":["post-113965","post","type-post","status-publish","format-standard","has-post-thumbnail","category-camp-de-turia-ca","category-canal-salud","category-covid-19-ca","category-ventana-ca","category-infraestructuras-ca","category-la-comarca-ca","category-sin-categorizar-ca","category-leliana-ca","category-medio-ambiente-la-comarca-ca","category-politica","category-seccion-ca","category-sucesos-la-comarca-ca","tag-camp-de-turia-ca","tag-coronavirus-ca","tag-covid-19-ca","tag-covid2019-ca","tag-leliana-ca-2"],"_links":{"self":[{"href":"https:\/\/tucomarca.whitekongsoftware.com\/ca\/wp-json\/wp\/v2\/posts\/113965","targetHints":{"allow":["GET"]}}],"collection":[{"href":"https:\/\/tucomarca.whitekongsoftware.com\/ca\/wp-json\/wp\/v2\/posts"}],"about":[{"href":"https:\/\/tucomarca.whitekongsoftware.com\/ca\/wp-json\/wp\/v2\/types\/post"}],"author":[{"embeddable":true,"href":"https:\/\/tucomarca.whitekongsoftware.com\/ca\/wp-json\/wp\/v2\/users\/1"}],"replies":[{"embeddable":true,"href":"https:\/\/tucomarca.whitekongsoftware.com\/ca\/wp-json\/wp\/v2\/comments?post=113965"}],"version-history":[{"count":0,"href":"https:\/\/tucomarca.whitekongsoftware.com\/ca\/wp-json\/wp\/v2\/posts\/113965\/revisions"}],"wp:featuredmedia":[{"embeddable":true,"href":"https:\/\/tucomarca.whitekongsoftware.com\/ca\/wp-json\/wp\/v2\/media\/113962"}],"wp:attachment":[{"href":"https:\/\/tucomarca.whitekongsoftware.com\/ca\/wp-json\/wp\/v2\/media?parent=113965"}],"wp:term":[{"taxonomy":"category","embeddable":true,"href":"https:\/\/tucomarca.whitekongsoftware.com\/ca\/wp-json\/wp\/v2\/categories?post=113965"},{"taxonomy":"post_tag","embeddable":true,"href":"https:\/\/tucomarca.whitekongsoftware.com\/ca\/wp-json\/wp\/v2\/tags?post=113965"}],"curies":[{"name":"wp","href":"https:\/\/api.w.org\/{rel}","templated":true}]}}