{"id":113946,"date":"2020-09-22T17:00:07","date_gmt":"2020-09-22T15:00:07","guid":{"rendered":"http:\/\/www.tucomarca.com\/wordpress\/segunda\/?p=113946"},"modified":"2020-09-22T19:19:01","modified_gmt":"2020-09-22T17:19:01","slug":"mor-un-llaurador-de-55-anys-a-lbolcar-el-seu-tractor-al-terme-municipal-de-requena","status":"publish","type":"post","link":"https:\/\/tucomarca.whitekongsoftware.com\/ca\/mor-un-llaurador-de-55-anys-a-lbolcar-el-seu-tractor-al-terme-municipal-de-requena\/","title":{"rendered":"Mor un llaurador de 55 anys al bolcar el seu tractor al terme municipal de Requena"},"content":{"rendered":"\n<p class=\"wp-block-paragraph\">Segons han informat fonts de el Centre de Coordinaci\u00f3 d&#8217;Emerg\u00e8ncies, un pag\u00e8s que condu\u00efa un tractor ha mort a l&#8217;bolcar aquest vehicle i quedar atrapat sota ell en el terme municipal de Requena, concretament a la carretera N-322, sense que hagin transcendit les causes exactes de l&#8217;accident.<\/p>\n","protected":false},"excerpt":{"rendered":"<div class=\"mh-excerpt\">Segons han informat fonts de el Centre de Coordinaci\u00f3 d&#8217;Emerg\u00e8ncies, un pag\u00e8s que condu\u00efa un tractor ha mort a l&#8217;bolcar aquest vehicle i quedar atrapat sota ell en el terme municipal de Requena, concretament a <a class=\"mh-excerpt-more\" href=\"https:\/\/tucomarca.whitekongsoftware.com\/ca\/mor-un-llaurador-de-55-anys-a-lbolcar-el-seu-tractor-al-terme-municipal-de-requena\/\" title=\"Mor un llaurador de 55 anys al bolcar el seu tractor al terme municipal de Requena\">[+] <\/a><\/div>\n","protected":false},"author":1,"featured_media":88250,"comment_status":"open","ping_status":"open","sticky":false,"template":"","format":"standard","meta":{"footnotes":""},"categories":[10894,10908,10909,10896,10897],"tags":[264,12448,10910,10387,10901,33,7911,12601],"class_list":["post-113946","post","type-post","status-publish","format-standard","has-post-thumbnail","category-la-comarca-ca","category-requena-ca","category-requena-utiel-ca","category-seccion-ca","category-sucesos-la-comarca-ca","tag-accidente","tag-accidente-ca","tag-requena-utiel-ca","tag-requena-utiel","tag-sucesos-ca","tag-sucesos","tag-tractor","tag-tractor-ca"],"_links":{"self":[{"href":"https:\/\/tucomarca.whitekongsoftware.com\/ca\/wp-json\/wp\/v2\/posts\/113946","targetHints":{"allow":["GET"]}}],"collection":[{"href":"https:\/\/tucomarca.whitekongsoftware.com\/ca\/wp-json\/wp\/v2\/posts"}],"about":[{"href":"https:\/\/tucomarca.whitekongsoftware.com\/ca\/wp-json\/wp\/v2\/types\/post"}],"author":[{"embeddable":true,"href":"https:\/\/tucomarca.whitekongsoftware.com\/ca\/wp-json\/wp\/v2\/users\/1"}],"replies":[{"embeddable":true,"href":"https:\/\/tucomarca.whitekongsoftware.com\/ca\/wp-json\/wp\/v2\/comments?post=113946"}],"version-history":[{"count":0,"href":"https:\/\/tucomarca.whitekongsoftware.com\/ca\/wp-json\/wp\/v2\/posts\/113946\/revisions"}],"wp:featuredmedia":[{"embeddable":true,"href":"https:\/\/tucomarca.whitekongsoftware.com\/ca\/wp-json\/wp\/v2\/media\/88250"}],"wp:attachment":[{"href":"https:\/\/tucomarca.whitekongsoftware.com\/ca\/wp-json\/wp\/v2\/media?parent=113946"}],"wp:term":[{"taxonomy":"category","embeddable":true,"href":"https:\/\/tucomarca.whitekongsoftware.com\/ca\/wp-json\/wp\/v2\/categories?post=113946"},{"taxonomy":"post_tag","embeddable":true,"href":"https:\/\/tucomarca.whitekongsoftware.com\/ca\/wp-json\/wp\/v2\/tags?post=113946"}],"curies":[{"name":"wp","href":"https:\/\/api.w.org\/{rel}","templated":true}]}}