{"id":113940,"date":"2020-09-22T18:00:08","date_gmt":"2020-09-22T16:00:08","guid":{"rendered":"http:\/\/www.tucomarca.com\/wordpress\/segunda\/?p=113940"},"modified":"2020-09-22T19:23:26","modified_gmt":"2020-09-22T17:23:26","slug":"comenca-un-nou-cicle-del-cineforum-de-xest","status":"publish","type":"post","link":"https:\/\/tucomarca.whitekongsoftware.com\/ca\/comenca-un-nou-cicle-del-cineforum-de-xest\/","title":{"rendered":"Comen\u00e7a un nou cicle del cinef\u00f3rum de Xest"},"content":{"rendered":"\n<p class=\"wp-block-paragraph\">Divendres que ve, 25 de setembre, el sal\u00f3 polivalent de la biblioteca municipal tornar\u00e0 a acollir el cicle de cinef\u00f2rum, una activitat promoguda des de la regidoria de Cultura ja assentada a la localitat, amb cinc edicions a l&#8217;esquena.<\/p>\n\n\n\n<p class=\"wp-block-paragraph\">Com \u00e9s habitual, l&#8217;\u00faltim divendres del mes \u00e9s la data escollida per realitzar les projeccions, en qu\u00e8 es mantindr\u00e0 la din\u00e0mica que s&#8217;ha dut fins ara, per\u00f2 amb totes les mesures de seguretat pertinents, tal com han comunicat Amparo S\u00e1nchez i Pilar Rosell\u00f3, les organitzadores de l&#8217;cicle. Cada sessi\u00f3 comen\u00e7ar\u00e0 a les 19 hores, amb la presentaci\u00f3 de la pel\u00b7l\u00edcula per part d&#8217;una persona vinculada amb la tem\u00e0tica abordada; despr\u00e9s, al acabar la projecci\u00f3 de la cinta, comen\u00e7ar\u00e0 el col\u00b7loqui.<\/p>\n\n\n\n<p class=\"wp-block-paragraph\">&#8220;En aquest nou cicle es projectaran, com en totes les edicions, pel\u00b7l\u00edcules de la m\u00e0xima qualitat i, un cop m\u00e9s, les persones assistents podran gaudir i aprendre debatent sobre problemes de la vida quotidiana&#8221;, ha apuntat la regidora de Cultura, M\u00aa \u00c1ngeles Llorente. &#8220;Agraix a les coordinadores la seua tasca excepcional, i tamb\u00e9 la col\u00b7laboraci\u00f3 de les persones que accedixen a presentar les pel\u00b7l\u00edcules de manera gratu\u00efta&#8221;.<\/p>\n\n\n\n<p class=\"wp-block-paragraph\"><em>Hablar<\/em>, de Joaqu\u00edn Oristrell, \u00e9s el t\u00edtol que obrir\u00e0 la temporada. Es tracta d&#8217;una pel\u00b7l\u00edcula espanyola formada per vint hist\u00f2ries en qu\u00e8 els personatges proposen a l&#8217;espectador una reflexi\u00f3 sobre el poder de la paraula.<\/p>\n\n\n\n<p class=\"wp-block-paragraph\">A causa de l&#8217;actual situaci\u00f3 sanit\u00e0ria, la programaci\u00f3 es tancar\u00e0 trimestralment i es comunicar\u00e0 a la poblaci\u00f3 puntualment.<\/p>\n","protected":false},"excerpt":{"rendered":"<div class=\"mh-excerpt\">Divendres que ve, 25 de setembre, el sal\u00f3 polivalent de la biblioteca municipal tornar\u00e0 a acollir el cicle de cinef\u00f2rum, una activitat promoguda des de la regidoria de Cultura ja assentada a la localitat, amb <a class=\"mh-excerpt-more\" href=\"https:\/\/tucomarca.whitekongsoftware.com\/ca\/comenca-un-nou-cicle-del-cineforum-de-xest\/\" title=\"Comen\u00e7a un nou cicle del cinef\u00f3rum de Xest\">[+] <\/a><\/div>\n","protected":false},"author":12,"featured_media":113939,"comment_status":"open","ping_status":"open","sticky":false,"template":"","format":"standard","meta":{"footnotes":""},"categories":[11019,12202,10894,10912,11007,10896,10974],"tags":[11222,12600,11939,11940,10914],"class_list":["post-113940","post","type-post","status-publish","format-standard","has-post-thumbnail","category-agenda-ca","category-covid-19-ca","category-la-comarca-ca","category-la-hoya-ca","category-ocio-y-cultura-ca","category-seccion-ca","category-cheste-ca","tag-ayuntamiento-de-cheste-ca","tag-cineforum-ca","tag-coronavirus-ca","tag-covid-19-ca","tag-la-hoya-de-bunol-chiva-ca"],"_links":{"self":[{"href":"https:\/\/tucomarca.whitekongsoftware.com\/ca\/wp-json\/wp\/v2\/posts\/113940","targetHints":{"allow":["GET"]}}],"collection":[{"href":"https:\/\/tucomarca.whitekongsoftware.com\/ca\/wp-json\/wp\/v2\/posts"}],"about":[{"href":"https:\/\/tucomarca.whitekongsoftware.com\/ca\/wp-json\/wp\/v2\/types\/post"}],"author":[{"embeddable":true,"href":"https:\/\/tucomarca.whitekongsoftware.com\/ca\/wp-json\/wp\/v2\/users\/12"}],"replies":[{"embeddable":true,"href":"https:\/\/tucomarca.whitekongsoftware.com\/ca\/wp-json\/wp\/v2\/comments?post=113940"}],"version-history":[{"count":0,"href":"https:\/\/tucomarca.whitekongsoftware.com\/ca\/wp-json\/wp\/v2\/posts\/113940\/revisions"}],"wp:featuredmedia":[{"embeddable":true,"href":"https:\/\/tucomarca.whitekongsoftware.com\/ca\/wp-json\/wp\/v2\/media\/113939"}],"wp:attachment":[{"href":"https:\/\/tucomarca.whitekongsoftware.com\/ca\/wp-json\/wp\/v2\/media?parent=113940"}],"wp:term":[{"taxonomy":"category","embeddable":true,"href":"https:\/\/tucomarca.whitekongsoftware.com\/ca\/wp-json\/wp\/v2\/categories?post=113940"},{"taxonomy":"post_tag","embeddable":true,"href":"https:\/\/tucomarca.whitekongsoftware.com\/ca\/wp-json\/wp\/v2\/tags?post=113940"}],"curies":[{"name":"wp","href":"https:\/\/api.w.org\/{rel}","templated":true}]}}