{"id":113915,"date":"2020-09-21T19:36:10","date_gmt":"2020-09-21T17:36:10","guid":{"rendered":"http:\/\/www.tucomarca.com\/wordpress\/segunda\/?p=113915"},"modified":"2020-09-21T19:36:16","modified_gmt":"2020-09-21T17:36:16","slug":"bunyol-i-navarres-sumen-9-casos-dorigen-social-i-7-dorigen-educatiu-respectivament-als-ultims-nous-brots-registrats-a-la-comunitat","status":"publish","type":"post","link":"https:\/\/tucomarca.whitekongsoftware.com\/ca\/bunyol-i-navarres-sumen-9-casos-dorigen-social-i-7-dorigen-educatiu-respectivament-als-ultims-nous-brots-registrats-a-la-comunitat\/","title":{"rendered":"Bunyol i Navarr\u00e9s sumen 9 casos d&#8217;origen social i 7 d&#8217;origen educatiu, respectivament, als \u00faltims nous brots registrats a la Comunitat"},"content":{"rendered":"\n<p class=\"wp-block-paragraph\">La Comunitat Valenciana continua amb la incid\u00e8ncia acumulada de coronavirus en els darrers 7 dies m\u00e9s baixa d&#8217;Espanya. En concret, s\u00f3n 32,88 casos diagnosticats per cada 100.000 habitants. En el cas de la incid\u00e8ncia acumulada dels \u00faltims 14 dies, la Comunitat Valenciana se situa en 105,12 casos, nom\u00e9s superada per Ast\u00faries i molt per sota de la mitjana espanyola.<\/p>\n\n\n\n<p class=\"wp-block-paragraph\">Pel que fa a les \u00faltimes dades, s&#8217;han registrat 301 nous contagis de coronavirus confirmats per prova PCR des de l&#8217;\u00faltima actualitzaci\u00f3, que situen la xifra total de positius en 35.296 persones. Per prov\u00edncies, la distribuci\u00f3 \u00e9s la seg\u00fcent: 3 a Castell\u00f3 (3.829 en total); 144 a Alacant, a la qual se li han reassignat 10 casos anteriors (11.561 en total), i 154 a la prov\u00edncia de Val\u00e8ncia, a la qual tamb\u00e9 s&#8217;han reassignat 13 casos anteriors (19.898 en total). A m\u00e9s, hi ha 8 casos sense assignar.<\/p>\n\n\n\n<p class=\"wp-block-paragraph\">Entre els nous brots comunicats per la Conselleria de Sanitat Universal, es troben el de Bunyol, amb nou casos d&#8217;origen social i on s&#8217;han registrat un total de 26 casos per PCR en els \u00faltims 14 dies; aix\u00ed com el de Navarr\u00e9s, amb 7 casos d&#8217;origen educatiu.<\/p>\n\n\n\n<p class=\"wp-block-paragraph\">D&#8217;altra banda, s&#8217;han donat 914 altes a pacients amb coronavirus, de manera que el total de persones curades des de l&#8217;inici de la pand\u00e8mia se situa en 36.819: 4.331 a Castell\u00f3, 11.733 a Alacant i 20.723 a Val\u00e8ncia. A m\u00e9s, hi ha 32 altes no assignades.<\/p>\n\n\n\n<p class=\"wp-block-paragraph\">D&#8217;aquesta manera, a hores d&#8217;ara hi ha actius 6.005 casos, fet que suposa un 13,52% de l&#8217;total de positius.<\/p>\n\n\n\n<p class=\"wp-block-paragraph\">Els hospitals valencians tenen, actualment, 498 persones ingressades: 61 a la prov\u00edncia de Castell\u00f3, amb 12 pacients en UCI; 176 a la prov\u00edncia d&#8217;Alacant, 34 d&#8217;ells a l&#8217;UCI; i 261 a la prov\u00edncia de Val\u00e8ncia, 33 d&#8217;ells en UCI.<\/p>\n\n\n\n<p class=\"wp-block-paragraph\">En l&#8217;actualitat, hi ha algun cas positiu en 46 resid\u00e8ncies de majors (3 a la prov\u00edncia de Castell\u00f3, 17 a la prov\u00edncia d&#8217;Alacant i 26 a la prov\u00edncia de Val\u00e8ncia), 12 centres de persones amb diversitat funcional (2 a la prov\u00edncia de Castell\u00f3 , 2 a la d&#8217;Alacant i 8 a la de Val\u00e8ncia) i 3 centres de menors (0 a la prov\u00edncia de Castell\u00f3, 1 a la prov\u00edncia d&#8217;Alacant i 2 a la prov\u00edncia de Val\u00e8ncia).<\/p>\n\n\n\n<ul class=\"wp-block-list\"><li>Residents nous positius: 6<\/li><li>Treballadors i treballadores nous positius: 4<\/li><li>Residents que han mort: 3<\/li><\/ul>\n\n\n\n<p class=\"wp-block-paragraph\">Actualment, es troben sota vigil\u00e0ncia activa de control sanitari juliol resid\u00e8ncies a la Comunitat Valenciana: 0 a la prov\u00edncia de Castell\u00f3, 2 a la prov\u00edncia d&#8217;Alacant i 5 a la prov\u00edncia de Val\u00e8ncia.<\/p>\n\n\n\n<p class=\"wp-block-paragraph\">Actualitzaci\u00f3 brots de coronavirus<\/p>\n\n\n\n<p class=\"wp-block-paragraph\">Nous brots:<\/p>\n\n\n\n<p class=\"wp-block-paragraph\">\u00b7 Quart de Poblet: 8 casos. origen social<\/p>\n\n\n\n<p class=\"wp-block-paragraph\">\u00b7 Bunyol: 9 casos. Origen social.<\/p>\n\n\n\n<p class=\"wp-block-paragraph\">\u00b7 Busot: 4 casos. Origen social.<\/p>\n\n\n\n<p class=\"wp-block-paragraph\">\u00b7 Navarr\u00e9s: 7 casos. Origen \u00e0mbit educatiu.<\/p>\n\n\n\n<p class=\"wp-block-paragraph\">\u00b7 Alacant: 10 casos. Origen social.<\/p>\n\n\n\n<p class=\"wp-block-paragraph\">\u00b7 Alacant: 3 casos. Origen laboral.<\/p>\n\n\n\n<p class=\"wp-block-paragraph\">\u00b7 Val\u00e8ncia: 3 casos. Origen laboral.<\/p>\n\n\n\n<p class=\"wp-block-paragraph\">\u00b7 Val\u00e8ncia: 4 casos. Origen social.<\/p>\n\n\n\n<p class=\"wp-block-paragraph\">\u00b7 Val\u00e8ncia: 7 casos. Origen laboral.<\/p>\n\n\n\n<p class=\"wp-block-paragraph\">\u00b7 Val\u00e8ncia: 4 casos. Origen \u00e0mbit educatiu.<\/p>\n\n\n\n<p class=\"wp-block-paragraph\">\u00b7 Massamagrell: 7 casos. Origen laboral.<\/p>\n\n\n\n<p class=\"wp-block-paragraph\">\u00b7 Ondara: 3 casos. Origen laboral.<\/p>\n\n\n\n<p class=\"wp-block-paragraph\">\u00b7 Alcoi: 4 casos. Origen social.<\/p>\n","protected":false},"excerpt":{"rendered":"<div class=\"mh-excerpt\">La Comunitat Valenciana continua amb la incid\u00e8ncia acumulada de coronavirus en els darrers 7 dies m\u00e9s baixa d&#8217;Espanya. En concret, s\u00f3n 32,88 casos diagnosticats per cada 100.000 habitants. En el cas de la incid\u00e8ncia acumulada <a class=\"mh-excerpt-more\" href=\"https:\/\/tucomarca.whitekongsoftware.com\/ca\/bunyol-i-navarres-sumen-9-casos-dorigen-social-i-7-dorigen-educatiu-respectivament-als-ultims-nous-brots-registrats-a-la-comunitat\/\" title=\"Bunyol i Navarr\u00e9s sumen 9 casos d&#8217;origen social i 7 d&#8217;origen educatiu, respectivament, als \u00faltims nous brots registrats a la Comunitat\">[+] <\/a><\/div>\n","protected":false},"author":1,"featured_media":113910,"comment_status":"open","ping_status":"open","sticky":false,"template":"","format":"standard","meta":{"footnotes":""},"categories":[10911,11010,12202,10898,10948,10963,10894,10904,10912,10903,10971,10947,10896,10897],"tags":[11939,11940,11952,11094,10914],"class_list":["post-113915","post","type-post","status-publish","format-standard","has-post-thumbnail","category-bunol-ca","category-canal-salud","category-covid-19-ca","category-ventana-ca","category-infraestructuras-ca","category-la-canal-de-navarres-ca","category-la-comarca-ca","category-sin-categorizar-ca","category-la-hoya-ca","category-medio-ambiente-la-comarca-ca","category-navarres-ca","category-politica","category-seccion-ca","category-sucesos-la-comarca-ca","tag-coronavirus-ca","tag-covid-19-ca","tag-covid2019-ca","tag-la-canal-de-navarres","tag-la-hoya-de-bunol-chiva-ca"],"_links":{"self":[{"href":"https:\/\/tucomarca.whitekongsoftware.com\/ca\/wp-json\/wp\/v2\/posts\/113915","targetHints":{"allow":["GET"]}}],"collection":[{"href":"https:\/\/tucomarca.whitekongsoftware.com\/ca\/wp-json\/wp\/v2\/posts"}],"about":[{"href":"https:\/\/tucomarca.whitekongsoftware.com\/ca\/wp-json\/wp\/v2\/types\/post"}],"author":[{"embeddable":true,"href":"https:\/\/tucomarca.whitekongsoftware.com\/ca\/wp-json\/wp\/v2\/users\/1"}],"replies":[{"embeddable":true,"href":"https:\/\/tucomarca.whitekongsoftware.com\/ca\/wp-json\/wp\/v2\/comments?post=113915"}],"version-history":[{"count":0,"href":"https:\/\/tucomarca.whitekongsoftware.com\/ca\/wp-json\/wp\/v2\/posts\/113915\/revisions"}],"wp:featuredmedia":[{"embeddable":true,"href":"https:\/\/tucomarca.whitekongsoftware.com\/ca\/wp-json\/wp\/v2\/media\/113910"}],"wp:attachment":[{"href":"https:\/\/tucomarca.whitekongsoftware.com\/ca\/wp-json\/wp\/v2\/media?parent=113915"}],"wp:term":[{"taxonomy":"category","embeddable":true,"href":"https:\/\/tucomarca.whitekongsoftware.com\/ca\/wp-json\/wp\/v2\/categories?post=113915"},{"taxonomy":"post_tag","embeddable":true,"href":"https:\/\/tucomarca.whitekongsoftware.com\/ca\/wp-json\/wp\/v2\/tags?post=113915"}],"curies":[{"name":"wp","href":"https:\/\/api.w.org\/{rel}","templated":true}]}}