{"id":113855,"date":"2020-09-19T14:58:07","date_gmt":"2020-09-19T12:58:07","guid":{"rendered":"http:\/\/www.tucomarca.com\/wordpress\/segunda\/?p=113855"},"modified":"2020-09-19T15:05:03","modified_gmt":"2020-09-19T13:05:03","slug":"riba-roja-acogera-un-centro-de-llamadas-piloto-para-aliviar-la-atencion-telefonica-de-los-centros-de-atencion-primaria","status":"publish","type":"post","link":"https:\/\/tucomarca.whitekongsoftware.com\/ca\/riba-roja-acogera-un-centro-de-llamadas-piloto-para-aliviar-la-atencion-telefonica-de-los-centros-de-atencion-primaria\/","title":{"rendered":"Riba-roja acollir\u00e0 un centre de telefonades pilot per alleujar l&#8217;atenci\u00f3 telef\u00f2nica dels centres d&#8217;atenci\u00f3 prim\u00e0ria"},"content":{"rendered":"\n<p class=\"wp-block-paragraph\"><strong>L&#8217;\u00e0rea de salut de Manises tria a m\u00e9s Quart de Poblet com a segon municipi pilot<\/strong><\/p>\n\n\n\n<p class=\"wp-block-paragraph\">L&#8217;\u00e0rea de salut de Manises ha comunicat aquest divendres durant la trobada amb alcaldes participants a el Consell de Salut, que Riba-roja de T\u00faria i Quart de Poblet acolliran en breu un centre de trucades &#8211; Call Centre &#8211; per alleujar l&#8217;atenci\u00f3 telef\u00f2nica dels centres d&#8217;atenci\u00f3 prim\u00e0ria.<\/p>\n\n\n\n<p class=\"wp-block-paragraph\">Durant la trobada digital que ha durat m\u00e9s de tres hores i en el qual estaven presents representants de diferents municipis de l&#8217;\u00e0rea, a m\u00e9s de representants de l&#8217;Comissionat, la ger\u00e8ncia de l&#8217;Hospital de Manises i representants sindicals, s&#8217;ha comunicat per part de la direcci\u00f3 que Riba -roja de T\u00faria estaria en disposici\u00f3 d&#8217;oferir aquest nou servei en un termini inferior a tres setmanes.<\/p>\n\n\n\n<p class=\"wp-block-paragraph\">Segons se&#8217;ls ha comunicat als alcaldes, aquests dos centres de trucades permetran una major atenci\u00f3 telef\u00f2nica, atendre a tots usuaris que criden i resoldre el problema de saturaci\u00f3 que coneixen els centres d&#8217;atenci\u00f3 prim\u00e0ria d&#8217;aquests municipis des de fa diverses setmanes.<\/p>\n\n\n\n<p class=\"wp-block-paragraph\">El nou servei ser\u00e0 imperceptible per a la persona que truqui, ja que connectar\u00e0 autom\u00e0ticament la crida a centre d&#8217;atenci\u00f3 telef\u00f2nica segons la localitzaci\u00f3 de la mateixa i abans de comen\u00e7ar la locuci\u00f3 autom\u00e0tica. Segons s&#8217;ha traslladat, el centre de trucades estava previst entrar en funcionament pel proper dilluns 21 de setembre, per\u00f2 &#8220;dificultats&#8221; t\u00e8cniques han retardat la seva posada en marxa.<\/p>\n\n\n\n<p class=\"wp-block-paragraph\">L&#8217;alcalde de Riba-roja Robert Raga s&#8217;ha alegrat d&#8217;aquest anunci que arriba en &#8220;un moment cr\u00edtic en l&#8217;atenci\u00f3 telef\u00f2nica per la qual hem estat treballant i lluitant&#8221; despr\u00e9s de subratllar que el consistori porta mesos exigint a la ger\u00e8ncia ia Conselleria un augment de els efectius i dels mitjans t\u00e8cnics.<\/p>\n\n\n\n<p class=\"wp-block-paragraph\">&#8220;\u00c9s una de les solucions que vam proposar i que va permetre atendre millor i m\u00e9s r\u00e0pidament als nostres ve\u00efns i ve\u00efnes&#8221; ha afegit Raga qui espera que el centre de trucades entri en funcionament el m\u00e9s aviat possible i pugui servir de model per als altres municipis de l&#8217;\u00e0rea .<\/p>\n\n\n\n<p class=\"wp-block-paragraph\"><strong>Reivindicacions de l&#8217;consistori<\/strong><\/p>\n\n\n\n<p class=\"wp-block-paragraph\">Aquest \u00e9s l&#8217;\u00faltima trobada entre l&#8217;alcalde de Riba-roja de T\u00faria, els seus hom\u00f2legs de l&#8217;\u00e0rea i els representants de sanitat, on Raga ha tornat a prioritzar l&#8217;atenci\u00f3 personal entre facultatius i pacients. &#8220;Pensem que la relaci\u00f3 personal ha de tornar el m\u00e9s aviat possible perqu\u00e8 el pacient pugui intercanviar alguna cosa m\u00e9s que un missatge per tel\u00e8fon&#8221; ha afirmat l&#8217;alcalde qui ha incidit que la proximitat \u00e9s necess\u00e0ria en aquests moments en qu\u00e8 moltes persones pateixen la solitud , la incertesa d&#8217;altres malalties o dificultats per al maneig de les noves tecnologies.<\/p>\n\n\n\n<p class=\"wp-block-paragraph\">&#8220;\u00c9s evident que no arribar\u00e0 immediatament; per\u00f2 quan puguem garantir la m\u00e0xima seguretat als professionals de la sanitat i als usuaris, aquesta \u00e9s la via que hem de recuperar &#8220;ha traslladat Raga qui ha afegit que&#8221; mentrestant, no podem deixar d&#8217;exigir una atenci\u00f3 telef\u00f2nica que estigui a l&#8217;altura de les circumst\u00e0ncies que estem vivint &#8220;.<\/p>\n\n\n\n<p class=\"wp-block-paragraph\">L&#8217;alcalde del municipi d&#8217;alguna cosa mes de 23.000 habitants porta m\u00e9s de dos mesos reivindicant una major atenci\u00f3 telef\u00f2nica que vingui a pal\u00b7liar trucades i cites saturats i un malestar evident en la poblaci\u00f3 que ha traslladat amb total claredat en diverses ocasions a la direcci\u00f3 de l&#8217;\u00e0rea de salut de Manises, la qual est\u00e0 operada per una empresa privada. A m\u00e9s ha tornat ha demanar l&#8217;obertura de l&#8217;ambulatori de Loriguilla els ve\u00efns i ve\u00efnes s\u00f3n atesos actualment a Riba-roja. Aix\u00ed, aquest \u00e9s un primer pas en les moltes peticions que l&#8217;alcalde ha realitzat, despr\u00e9s d&#8217;haver ofert durant tot l&#8217;estat d&#8217;alarma i posteriorment a l&#8217;ell, multitud de serveis humans i tecnol\u00f2gics municipals per col\u00b7laborar amb el centre d&#8217;atenci\u00f3 prim\u00e0ria.<\/p>\n","protected":false},"excerpt":{"rendered":"<div class=\"mh-excerpt\">L&#8217;\u00e0rea de salut de Manises tria a m\u00e9s Quart de Poblet com a segon municipi pilot L&#8217;\u00e0rea de salut de Manises ha comunicat aquest divendres durant la trobada amb alcaldes participants a el Consell de <a class=\"mh-excerpt-more\" href=\"https:\/\/tucomarca.whitekongsoftware.com\/ca\/riba-roja-acogera-un-centro-de-llamadas-piloto-para-aliviar-la-atencion-telefonica-de-los-centros-de-atencion-primaria\/\" title=\"Riba-roja acollir\u00e0 un centre de telefonades pilot per alleujar l&#8217;atenci\u00f3 telef\u00f2nica dels centres d&#8217;atenci\u00f3 prim\u00e0ria\">[+] <\/a><\/div>\n","protected":false},"author":12,"featured_media":113854,"comment_status":"open","ping_status":"open","sticky":false,"template":"","format":"standard","meta":{"footnotes":""},"categories":[10892,11010,12202,10948,10894,10947,10906,10896,10897],"tags":[10899,11939,11940,10907],"class_list":["post-113855","post","type-post","status-publish","format-standard","has-post-thumbnail","category-camp-de-turia-ca","category-canal-salud","category-covid-19-ca","category-infraestructuras-ca","category-la-comarca-ca","category-politica","category-riba-roja-ca","category-seccion-ca","category-sucesos-la-comarca-ca","tag-camp-de-turia-ca","tag-coronavirus-ca","tag-covid-19-ca","tag-riba-roja-del-turia-ca"],"_links":{"self":[{"href":"https:\/\/tucomarca.whitekongsoftware.com\/ca\/wp-json\/wp\/v2\/posts\/113855","targetHints":{"allow":["GET"]}}],"collection":[{"href":"https:\/\/tucomarca.whitekongsoftware.com\/ca\/wp-json\/wp\/v2\/posts"}],"about":[{"href":"https:\/\/tucomarca.whitekongsoftware.com\/ca\/wp-json\/wp\/v2\/types\/post"}],"author":[{"embeddable":true,"href":"https:\/\/tucomarca.whitekongsoftware.com\/ca\/wp-json\/wp\/v2\/users\/12"}],"replies":[{"embeddable":true,"href":"https:\/\/tucomarca.whitekongsoftware.com\/ca\/wp-json\/wp\/v2\/comments?post=113855"}],"version-history":[{"count":0,"href":"https:\/\/tucomarca.whitekongsoftware.com\/ca\/wp-json\/wp\/v2\/posts\/113855\/revisions"}],"wp:featuredmedia":[{"embeddable":true,"href":"https:\/\/tucomarca.whitekongsoftware.com\/ca\/wp-json\/wp\/v2\/media\/113854"}],"wp:attachment":[{"href":"https:\/\/tucomarca.whitekongsoftware.com\/ca\/wp-json\/wp\/v2\/media?parent=113855"}],"wp:term":[{"taxonomy":"category","embeddable":true,"href":"https:\/\/tucomarca.whitekongsoftware.com\/ca\/wp-json\/wp\/v2\/categories?post=113855"},{"taxonomy":"post_tag","embeddable":true,"href":"https:\/\/tucomarca.whitekongsoftware.com\/ca\/wp-json\/wp\/v2\/tags?post=113855"}],"curies":[{"name":"wp","href":"https:\/\/api.w.org\/{rel}","templated":true}]}}